














{"id":8986,"date":"2021-10-29T16:05:20","date_gmt":"2021-10-29T19:05:20","guid":{"rendered":"https:\/\/www.tenda.com\/blog\/?p=8986"},"modified":"2025-04-28T14:35:31","modified_gmt":"2025-04-28T17:35:31","slug":"mudancas-casa-verde-e-amarela","status":"publish","type":"post","link":"https:\/\/www.tenda.com\/blog\/minha-casa-minha-vida\/mudancas-casa-verde-e-amarela","title":{"rendered":"CASA VERDE E AMARELA: MUDAN\u00c7AS NO PROGRAMA HABITACIONAL"},"content":{"rendered":"<p>O sonho de muitos brasileiros \u00e9 ter a casa pr\u00f3pria. Todavia, parte da popula\u00e7\u00e3o n\u00e3o possui condi\u00e7\u00f5es financeiras para adquirir um im\u00f3vel. Sabendo disso, em 2020 o Governo Federal criou o <a href=\"https:\/\/www.tenda.com\/blog\/minha-casa-minha-vida\/o-que-e-programa-habitacional\/\">programa habitacional<\/a> Casa Verde e Amarela, que tem como objetivo facilitar a compra da casa pr\u00f3pria por fam\u00edlias de baixa renda.<\/p><div id=\"ez-toc-container\" class=\"ez-toc-v2_0_71 counter-hierarchy ez-toc-counter ez-toc-grey ez-toc-container-direction\">\n<div class=\"ez-toc-title-container\">\n<p class=\"ez-toc-title\" style=\"cursor:inherit\">O que voc\u00ea vai encontrar nesse post <\/p>\n<span class=\"ez-toc-title-toggle\"><a href=\"#\" class=\"ez-toc-pull-right ez-toc-btn ez-toc-btn-xs ez-toc-btn-default ez-toc-toggle\" aria-label=\"Toggle Table of Content\"><span class=\"ez-toc-js-icon-con\"><span class=\"\"><span class=\"eztoc-hide\" style=\"display:none;\">Toggle<\/span><span class=\"ez-toc-icon-toggle-span\"><svg style=\"fill: #999;color:#999\" xmlns=\"http:\/\/www.w3.org\/2000\/svg\" class=\"list-377408\" width=\"20px\" height=\"20px\" viewBox=\"0 0 24 24\" fill=\"none\"><path d=\"M6 6H4v2h2V6zm14 0H8v2h12V6zM4 11h2v2H4v-2zm16 0H8v2h12v-2zM4 16h2v2H4v-2zm16 0H8v2h12v-2z\" fill=\"currentColor\"><\/path><\/svg><svg style=\"fill: #999;color:#999\" class=\"arrow-unsorted-368013\" xmlns=\"http:\/\/www.w3.org\/2000\/svg\" width=\"10px\" height=\"10px\" viewBox=\"0 0 24 24\" version=\"1.2\" baseProfile=\"tiny\"><path d=\"M18.2 9.3l-6.2-6.3-6.2 6.3c-.2.2-.3.4-.3.7s.1.5.3.7c.2.2.4.3.7.3h11c.3 0 .5-.1.7-.3.2-.2.3-.5.3-.7s-.1-.5-.3-.7zM5.8 14.7l6.2 6.3 6.2-6.3c.2-.2.3-.5.3-.7s-.1-.5-.3-.7c-.2-.2-.4-.3-.7-.3h-11c-.3 0-.5.1-.7.3-.2.2-.3.5-.3.7s.1.5.3.7z\"\/><\/svg><\/span><\/span><\/span><\/a><\/span><\/div>\n<nav><ul class='ez-toc-list ez-toc-list-level-1 eztoc-toggle-hide-by-default' ><li class='ez-toc-page-1 ez-toc-heading-level-2'><a class=\"ez-toc-link ez-toc-heading-1\" href=\"https:\/\/www.tenda.com\/blog\/minha-casa-minha-vida\/mudancas-casa-verde-e-amarela\/#O_que_e_o_Casa_Verde_e_Amarela_novo_Minha_Casa_Minha_Vida\" title=\"O que \u00e9 o Casa Verde e Amarela (novo Minha Casa, Minha Vida)?\">O que \u00e9 o Casa Verde e Amarela (novo Minha Casa, Minha Vida)?<\/a><ul class='ez-toc-list-level-3' ><li class='ez-toc-heading-level-3'><a class=\"ez-toc-link ez-toc-heading-2\" href=\"https:\/\/www.tenda.com\/blog\/minha-casa-minha-vida\/mudancas-casa-verde-e-amarela\/#Quem_pode_participar_do_programa_habitacional\" title=\"Quem pode participar do programa habitacional?\">Quem pode participar do programa habitacional?<\/a><\/li><li class='ez-toc-page-1 ez-toc-heading-level-3'><a class=\"ez-toc-link ez-toc-heading-3\" href=\"https:\/\/www.tenda.com\/blog\/minha-casa-minha-vida\/mudancas-casa-verde-e-amarela\/#Faixas_de_renda_do_Casa_Verde_e_Amarela_Minha_Casa_Minha_Vida\" title=\"Faixas de renda do Casa Verde e Amarela (Minha Casa, Minha Vida)\">Faixas de renda do Casa Verde e Amarela (Minha Casa, Minha Vida)<\/a><\/li><li class='ez-toc-page-1 ez-toc-heading-level-3'><a class=\"ez-toc-link ez-toc-heading-4\" href=\"https:\/\/www.tenda.com\/blog\/minha-casa-minha-vida\/mudancas-casa-verde-e-amarela\/#Como_sao_as_taxas_de_juros_do_Casa_Verde_e_Amarela_Minha_Casa_Minha_Vida\" title=\"Como s\u00e3o as taxas de juros do Casa Verde e Amarela (Minha Casa, Minha Vida)?\">Como s\u00e3o as taxas de juros do Casa Verde e Amarela (Minha Casa, Minha Vida)?<\/a><\/li><li class='ez-toc-page-1 ez-toc-heading-level-3'><a class=\"ez-toc-link ez-toc-heading-5\" href=\"https:\/\/www.tenda.com\/blog\/minha-casa-minha-vida\/mudancas-casa-verde-e-amarela\/#Por_que_as_taxas_de_juros_sao_diferentes_por_regiao\" title=\"Por que as taxas de juros s\u00e3o diferentes por regi\u00e3o?\">Por que as taxas de juros s\u00e3o diferentes por regi\u00e3o?<\/a><\/li><li class='ez-toc-page-1 ez-toc-heading-level-3'><a class=\"ez-toc-link ez-toc-heading-6\" href=\"https:\/\/www.tenda.com\/blog\/minha-casa-minha-vida\/mudancas-casa-verde-e-amarela\/#Qual_sao_os_documentos_necessarios_para_participar_do_Minha_Casa_Minha_Vida\" title=\"Qual s\u00e3o os documentos necess\u00e1rios para participar do Minha Casa, Minha Vida?\">Qual s\u00e3o os documentos necess\u00e1rios para participar do Minha Casa, Minha Vida?<\/a><\/li><\/ul><\/li><li class='ez-toc-page-1 ez-toc-heading-level-2'><a class=\"ez-toc-link ez-toc-heading-7\" href=\"https:\/\/www.tenda.com\/blog\/minha-casa-minha-vida\/mudancas-casa-verde-e-amarela\/#Mudancas_do_Casa_Verde_e_Amarela_para_o_novo_Minha_Casa_Minha_Vida\" title=\"Mudan\u00e7as do Casa Verde e Amarela para o novo Minha Casa, Minha Vida\">Mudan\u00e7as do Casa Verde e Amarela para o novo Minha Casa, Minha Vida<\/a><ul class='ez-toc-list-level-3' ><li class='ez-toc-heading-level-3'><a class=\"ez-toc-link ez-toc-heading-8\" href=\"https:\/\/www.tenda.com\/blog\/minha-casa-minha-vida\/mudancas-casa-verde-e-amarela\/#Reducao_de_juros\" title=\"Redu\u00e7\u00e3o de juros\">Redu\u00e7\u00e3o de juros<\/a><\/li><li class='ez-toc-page-1 ez-toc-heading-level-3'><a class=\"ez-toc-link ez-toc-heading-9\" href=\"https:\/\/www.tenda.com\/blog\/minha-casa-minha-vida\/mudancas-casa-verde-e-amarela\/#Aumento_do_valor_maximo_dos_imoveis\" title=\"Aumento do valor m\u00e1ximo dos im\u00f3veis\">Aumento do valor m\u00e1ximo dos im\u00f3veis<\/a><\/li><li class='ez-toc-page-1 ez-toc-heading-level-3'><a class=\"ez-toc-link ez-toc-heading-10\" href=\"https:\/\/www.tenda.com\/blog\/minha-casa-minha-vida\/mudancas-casa-verde-e-amarela\/#Aumento_no_valor_do_subsidio\" title=\"Aumento no valor do subs\u00eddio\">Aumento no valor do subs\u00eddio<\/a><\/li><\/ul><\/li><li class='ez-toc-page-1 ez-toc-heading-level-2'><a class=\"ez-toc-link ez-toc-heading-11\" href=\"https:\/\/www.tenda.com\/blog\/minha-casa-minha-vida\/mudancas-casa-verde-e-amarela\/#Beneficios_do_programa_Minha_Casa_Minha_Vida\" title=\"Benef\u00edcios do programa Minha Casa, Minha Vida\">Benef\u00edcios do programa Minha Casa, Minha Vida<\/a><ul class='ez-toc-list-level-3' ><li class='ez-toc-heading-level-3'><a class=\"ez-toc-link ez-toc-heading-12\" href=\"https:\/\/www.tenda.com\/blog\/minha-casa-minha-vida\/mudancas-casa-verde-e-amarela\/#Subsidio\" title=\"Subs\u00eddio\">Subs\u00eddio<\/a><\/li><li class='ez-toc-page-1 ez-toc-heading-level-3'><a class=\"ez-toc-link ez-toc-heading-13\" href=\"https:\/\/www.tenda.com\/blog\/minha-casa-minha-vida\/mudancas-casa-verde-e-amarela\/#Utilizacao_do_FGTS\" title=\"Utiliza\u00e7\u00e3o do FGTS\">Utiliza\u00e7\u00e3o do FGTS<\/a><\/li><li class='ez-toc-page-1 ez-toc-heading-level-3'><a class=\"ez-toc-link ez-toc-heading-14\" href=\"https:\/\/www.tenda.com\/blog\/minha-casa-minha-vida\/mudancas-casa-verde-e-amarela\/#Composicao_de_Renda\" title=\"Composi\u00e7\u00e3o de Renda\">Composi\u00e7\u00e3o de Renda<\/a><\/li><\/ul><\/li><li class='ez-toc-page-1 ez-toc-heading-level-2'><a class=\"ez-toc-link ez-toc-heading-15\" href=\"https:\/\/www.tenda.com\/blog\/minha-casa-minha-vida\/mudancas-casa-verde-e-amarela\/#Sobre_a_Tenda\" title=\"Sobre a Tenda\">Sobre a Tenda<\/a><\/li><\/ul><\/nav><\/div>\n\n<p>Contudo, com o passar do tempo, todo projeto precisa de ajustes e melhorias. Ent\u00e3o, o Casa Verde e Amarela sofreu algumas altera\u00e7\u00f5es e deu lugar ao novo <a href=\"http:\/\/www.tenda.com\/minha-casa-minha-vida\">Minha Casa, Minha Vida<\/a>, que promete beneficiar ainda mais os brasileiros de baixa renda na conquista do im\u00f3vel pr\u00f3prio. A seguir, descubra mais sobre as mudan\u00e7as do programa.<\/p>\n<p>Conte\u00fado atualizado em 17\/04\/2024.<\/p>\n<h2><span class=\"ez-toc-section\" id=\"O_que_e_o_Casa_Verde_e_Amarela_novo_Minha_Casa_Minha_Vida\"><\/span>O que \u00e9 o Casa Verde e Amarela (novo Minha Casa, Minha Vida)?<span class=\"ez-toc-section-end\"><\/span><\/h2>\n<p>O Casa Verde e Amarela, que foi substitu\u00eddo pelo programa Minha Casa, Minha Vida em 2023, foi um\u00a0 programa habitacional do Governo Federal criado pelo Minist\u00e9rio do Desenvolvimento Regional (MDR), para ajudar as fam\u00edlias brasileiras de baixa renda a comprar a casa pr\u00f3pria e ter uma moradia digna.<\/p>\n<p><img loading=\"lazy\" decoding=\"async\" class=\"alignleft wp-image-9027 size-full\" src=\"https:\/\/www.tenda.com\/blog\/wp-content\/uploads\/2021\/10\/familia-conhece-casa-verde-amarela.jpg\" alt=\"Foto de uma fam\u00edlia feliz em casa | Casa Verde e Amarela | Minha Casa Minha Vida | Blog da Tenda\" width=\"800\" height=\"534\" srcset=\"https:\/\/www.tenda.com\/blog\/wp-content\/uploads\/2021\/10\/familia-conhece-casa-verde-amarela.jpg 800w, https:\/\/www.tenda.com\/blog\/wp-content\/uploads\/2021\/10\/familia-conhece-casa-verde-amarela-300x200.jpg 300w, https:\/\/www.tenda.com\/blog\/wp-content\/uploads\/2021\/10\/familia-conhece-casa-verde-amarela-768x513.jpg 768w, https:\/\/www.tenda.com\/blog\/wp-content\/uploads\/2021\/10\/familia-conhece-casa-verde-amarela-150x100.jpg 150w\" sizes=\"(max-width: 800px) 100vw, 800px\" \/><\/p>\n<p>Al\u00e9m disso, a meta do Governo Federal \u00e9 atender cerca de 2 milh\u00f5es de fam\u00edlias baixa renda com o financiamento habitacional, garantindo a melhoria da qualidade de vida dos brasileiros. O Minha Casa, Minha Vida conta com benef\u00edcios como o <a href=\"https:\/\/www.tenda.com\/blog\/minha-casa-minha-vida\/subsidio-habitacional-o-que-e\/\">subs\u00eddio habitacional<\/a>, utiliza\u00e7\u00e3o do <a href=\"https:\/\/www.tenda.com\/blog\/trilha-da-conquista\/como-sacar-o-fgts-para-comprar-um-imovel\/\">FGTS <\/a>e <a href=\"https:\/\/www.tenda.com\/blog\/trilha-da-conquista\/composicao-de-renda-como-utilizar-para-o-financiamento-imobiliario\/\">composi\u00e7\u00e3o de renda<\/a>. Depois, discutiremos a fundo cada uma das <a href=\"https:\/\/www.tenda.com\/blog\/minha-casa-minha-vida\/beneficios-do-minha-casa-minha-vida-2024-para-comprar-um-imovel\/\">vantagens do Minha Casa, Minha Vida<\/a>.<\/p>\n<h3><span class=\"ez-toc-section\" id=\"Quem_pode_participar_do_programa_habitacional\"><\/span>Quem pode participar do programa habitacional?<span class=\"ez-toc-section-end\"><\/span><\/h3>\n<p>A princ\u00edpio, uma das d\u00favidas com rela\u00e7\u00e3o ao novo Casa Verde e Amarela \u00e9 quem pode participar do programa. Nesse sentido, se voc\u00ea for brasileiro ou naturalizado com mais de 18 anos, n\u00e3o tem nenhum apartamento ou casa pr\u00f3pria, n\u00e3o est\u00e1 no Cadastro Natural de Mutu\u00e1rios, n\u00e3o tem outro financiamento ativo ou nunca recebeu benef\u00edcio de moradia do governo, voc\u00ea pode participar do programa.<\/p>\n<p>Al\u00e9m dessas condi\u00e7\u00f5es, a pessoa que solicitar dever\u00e1 se encaixar em um dos <a href=\"https:\/\/www.tenda.com\/blog\/minha-casa-minha-vida\/saiba-tudo-sobre-as-faixas-de-renda-do-minha-casa-minha-vida\/\">grupos de renda<\/a> que contemplam o programa. A seguir, saiba mais quais s\u00e3o as faixas de renda do Minha Casa, Minha Vida (novo Casa Verde e Amarela).<\/p>\n<h3><span class=\"ez-toc-section\" id=\"Faixas_de_renda_do_Casa_Verde_e_Amarela_Minha_Casa_Minha_Vida\"><\/span>Faixas de renda do Casa Verde e Amarela (Minha Casa, Minha Vida)<span class=\"ez-toc-section-end\"><\/span><\/h3>\n<p>Para come\u00e7o de conversa, o programa Minha Casa, Minha Vida possui tr\u00eas faixas de renda. No entanto, cada grupo conta com uma faixa de renda m\u00e1xima para o financiamento habitacional, com <a href=\"https:\/\/www.tenda.com\/blog\/minha-casa-minha-vida\/entenda-a-taxa-de-juros-do-minha-casa-minha-vida\/\">taxas de juros<\/a> reduzidas. Confira a seguir os grupos de renda:<\/p>\n<ul>\n<li><strong>Faixa 1<\/strong> &#8211; para fam\u00edlias com renda mensal bruta de at\u00e9 R$ 2.640.<\/li>\n<li><strong>Faixa 2<\/strong> &#8211; para fam\u00edlias com renda mensal bruta de R$2.640,01 a R$ 4.400.<\/li>\n<li><strong>Faixa 3<\/strong> &#8211; para fam\u00edlias com renda mensal bruta de R$ 4.400,01 a R$ 8.000.<\/li>\n<\/ul>\n<p>Por fim, \u00e9 importante frisar que voc\u00ea pode compor sua renda com at\u00e9 tr\u00eas pessoas. Al\u00e9m disso, pode contar com taxas de juros diferenciadas de acordo com cada grupo e com a localidade do im\u00f3vel que ser\u00e1 adquirido.<\/p>\n<h3><span class=\"ez-toc-section\" id=\"Como_sao_as_taxas_de_juros_do_Casa_Verde_e_Amarela_Minha_Casa_Minha_Vida\"><\/span>Como s\u00e3o as taxas de juros do Casa Verde e Amarela (Minha Casa, Minha Vida)?<span class=\"ez-toc-section-end\"><\/span><\/h3>\n<p>Antes de mais nada, para ajudar as fam\u00edlias de baixa renda a conquistar a casa pr\u00f3pria, o Minha Casa, Minha Vida tamb\u00e9m oferece o benef\u00edcio de conceder taxas menores que as convencionais do mercado. Por fim, conhe\u00e7a as taxas de juros do programa habitacional que variam de acordo com os grupos de renda e a localidade do im\u00f3vel.<\/p>\n<ul>\n<li><strong>Faixa 1<\/strong> &#8211; renda bruta mensal at\u00e9 R$ 2.640.<\/li>\n<\/ul>\n<p><strong>Regi\u00e3o Norte e Nordeste<\/strong><br \/>\nCotista\u00a0do FGTS: 4% a 4,25%<br \/>\nN\u00e3o Cotista\u00a0do FGTS: 4,50% a 4,75%<\/p>\n<p><strong>Regi\u00e3o Sul, Sudeste e Centro-Oeste<\/strong><br \/>\nCotista\u00a0do FGTS: 4,25% a 4,50%<br \/>\nN\u00e3o Cotista\u00a0do FGTS: 4,75% a 5%<\/p>\n<ul>\n<li><strong>Faixa 2<\/strong> &#8211; renda bruta mensal de R$2.640,01 a R$ 4.400.<\/li>\n<\/ul>\n<p><strong>Regi\u00e3o Norte e Nordeste<\/strong><br \/>\nCotista: 4,75% a 6,50%<br \/>\nN\u00e3o Cotista: 5,25% a 7%<\/p>\n<p><strong>Regi\u00e3o Sul, Sudeste e Centro-Oeste<\/strong><br \/>\nCotista\u00a0do FGTS: 5% a 6,50%<br \/>\nN\u00e3o Cotista\u00a0do FGTS: 5,50% a 7%<\/p>\n<ul>\n<li><strong>Grupo 3<\/strong> &#8211; renda familiar bruta mensal de R$ 4.400,01 a R$ 8.000.<\/li>\n<\/ul>\n<p><strong>Para todas as regi\u00f5es do Brasil\u00a0<\/strong><\/p>\n<p>Cotista do FGTS: 7,66%<br \/>\nN\u00e3o Cotista do FGTS: 8,16%<\/p>\n<p>Para os moradores das regi\u00f5es Norte e Nordeste, as taxas de juros s\u00e3o menores que outras localidades. A seguir, entenda o porqu\u00ea dessa diferencia\u00e7\u00e3o de taxas do programa habitacional.<\/p>\n<h3><span class=\"ez-toc-section\" id=\"Por_que_as_taxas_de_juros_sao_diferentes_por_regiao\"><\/span>Por que as taxas de juros s\u00e3o diferentes por regi\u00e3o?<span class=\"ez-toc-section-end\"><\/span><\/h3>\n<p>Acima de tudo, as regi\u00f5es Norte e Nordeste possuem taxas de juros especiais nos financiamentos imobili\u00e1rios do Governo Federal. Isso porque, essas localidades apresentam o maior d\u00e9ficit habitacional do Brasil. Sendo assim, o governo estabeleceu que as taxas deveriam ser diferenciadas aos moradores das regi\u00f5es Norte e Nordeste de todos os grupos de renda.<\/p>\n<p><iframe loading=\"lazy\" src=\"https:\/\/giphy.com\/embed\/l2JdTgYZ7VG4EeBVe\" width=\"480\" height=\"366\" frameborder=\"0\"><\/iframe><\/p>\n<p>Um dos objetivos do Minha Casa, Minha Vida \u00e9, atrav\u00e9s do financiamento imobili\u00e1rio, atuar com a regulariza\u00e7\u00e3o fundi\u00e1ria e melhoria de resid\u00eancias. Para esclarecer melhor, o prop\u00f3sito \u00e9 ajudar a resolver inadequa\u00e7\u00f5es nas resid\u00eancias de algumas fam\u00edlias, como falta de banheiros, por exemplo. Em resumo, a meta do Governo Federal \u00e9 regularizar cerca de 2 milh\u00f5es de moradias pelo programa.<\/p>\n<h3><span class=\"ez-toc-section\" id=\"Qual_sao_os_documentos_necessarios_para_participar_do_Minha_Casa_Minha_Vida\"><\/span>Qual s\u00e3o os documentos necess\u00e1rios para participar do Minha Casa, Minha Vida?<span class=\"ez-toc-section-end\"><\/span><\/h3>\n<p>Geralmente, para financiar um im\u00f3vel atrav\u00e9s do Minha Casa, Minha Vida, voc\u00ea precisar\u00e1 apresentar alguns <a href=\"https:\/\/www.tenda.com\/blog\/trilha-da-conquista\/documentos-para-financiamento\/\">documentos<\/a> essenciais. Confira, a seguir, uma lista com os principais:<\/p>\n<ul>\n<li>Documentos pessoais: RG e CPF;<\/li>\n<li>Certid\u00f5es: nascimento, casamento, div\u00f3rcio ou uni\u00e3o est\u00e1vel;<\/li>\n<li>Extrato original e atualizado do FGTS;<\/li>\n<li>C\u00f3pia atual do comprovante de resid\u00eancia (de at\u00e9 3 meses);<\/li>\n<li><a href=\"https:\/\/www.tenda.com\/blog\/trilha-da-conquista\/comprovante-de-renda\/\">Comprovante de renda<\/a>;<\/li>\n<li>Carteira de trabalho;<\/li>\n<li>Uma c\u00f3pia da sua \u00faltima <a href=\"https:\/\/www.tenda.com\/eudouconta\/duvidas-sobre-dividas\/o-que-e-imposto-de-renda\/\">Declara\u00e7\u00e3o do Imposto de Renda<\/a> (IR);<\/li>\n<li>Xerox da \u00faltima declara\u00e7\u00e3o do IR do parceiro, caso esteja em um casamento ou uni\u00e3o est\u00e1vel.<\/li>\n<\/ul>\n<p><img loading=\"lazy\" decoding=\"async\" class=\"alignleft wp-image-9028 size-full\" src=\"https:\/\/www.tenda.com\/blog\/wp-content\/uploads\/2021\/10\/Documentos-necessarios-cpf.jpg\" alt=\"Foto de uma pessoa segurando o cart\u00e3o do CPF | Documentos para financiamento | Minha Casa Minha Vida | Blog da Tenda\" width=\"800\" height=\"533\" srcset=\"https:\/\/www.tenda.com\/blog\/wp-content\/uploads\/2021\/10\/Documentos-necessarios-cpf.jpg 800w, https:\/\/www.tenda.com\/blog\/wp-content\/uploads\/2021\/10\/Documentos-necessarios-cpf-300x200.jpg 300w, https:\/\/www.tenda.com\/blog\/wp-content\/uploads\/2021\/10\/Documentos-necessarios-cpf-768x512.jpg 768w, https:\/\/www.tenda.com\/blog\/wp-content\/uploads\/2021\/10\/Documentos-necessarios-cpf-150x100.jpg 150w\" sizes=\"(max-width: 800px) 100vw, 800px\" \/><\/p>\n<p>Ainda assim, vale ressaltar que a rela\u00e7\u00e3o de documentos pode variar de um banco para outro. Ent\u00e3o, fa\u00e7a um levantamento de todas as exig\u00eancias do banco que voc\u00ea ir\u00e1 solicitar o financiamento.<\/p>\n<h2><span class=\"ez-toc-section\" id=\"Mudancas_do_Casa_Verde_e_Amarela_para_o_novo_Minha_Casa_Minha_Vida\"><\/span>Mudan\u00e7as do Casa Verde e Amarela para o novo Minha Casa, Minha Vida<span class=\"ez-toc-section-end\"><\/span><\/h2>\n<p>Primeiramente, o Minist\u00e9rio do Desenvolvimento Regional (MDR) apresentou algumas propostas de melhorias no Casa Verde e Amarela que foram aprovadas.<\/p>\n<p><img loading=\"lazy\" decoding=\"async\" class=\"alignleft wp-image-9029 size-full\" src=\"https:\/\/www.tenda.com\/blog\/wp-content\/uploads\/2021\/10\/familia-casa-propria.jpg\" alt=\"Foto de uma fam\u00edlia feliz no sof\u00e1 de casa | Mudan\u00e7as do Casa Verde Amarela | Minha Casa Minha Vida | Blog da Tenda\" width=\"800\" height=\"531\" srcset=\"https:\/\/www.tenda.com\/blog\/wp-content\/uploads\/2021\/10\/familia-casa-propria.jpg 800w, https:\/\/www.tenda.com\/blog\/wp-content\/uploads\/2021\/10\/familia-casa-propria-300x199.jpg 300w, https:\/\/www.tenda.com\/blog\/wp-content\/uploads\/2021\/10\/familia-casa-propria-768x510.jpg 768w, https:\/\/www.tenda.com\/blog\/wp-content\/uploads\/2021\/10\/familia-casa-propria-150x100.jpg 150w\" sizes=\"(max-width: 800px) 100vw, 800px\" \/><\/p>\n<p>Dentre as novas atualiza\u00e7\u00f5es, est\u00e3o o aumento no teto de im\u00f3veis financiados pelo programa e a diminui\u00e7\u00e3o da taxa de juros para a Faixa 1. Mas, a principal mudan\u00e7a foi o aumento do valor do subs\u00eddio. A seguir, descubra mais detalhes sobre as novidades do Casa Verde e Amarela, o novo Minha Casa, Minha Vida!<\/p>\n<h3><span class=\"ez-toc-section\" id=\"Reducao_de_juros\"><\/span>Redu\u00e7\u00e3o de juros<span class=\"ez-toc-section-end\"><\/span><\/h3>\n<p>Sobretudo, uma mudan\u00e7a significativa do Casa Verde e Amarela para o novo Minha Casa, Minha Vida foi a redu\u00e7\u00e3o das taxas de juros para a Faixa 1 do programa. Em compara\u00e7\u00e3o com o programa anterior, o percentual dos juros diminuiu 0,25%.<\/p>\n<p>Na pr\u00e1tica, todas as pessoas que fazem parte do Grupo 1 que moram nas regi\u00f5es Norte ou Nordeste pagar\u00e3o a partir de 4% de taxa de juros. No entanto, as pessoas que residem nas regi\u00f5es Centro-Oeste, Sudeste e Sul v\u00e3o pagar a partir 4,25%.<\/p>\n<h3><span class=\"ez-toc-section\" id=\"Aumento_do_valor_maximo_dos_imoveis\"><\/span>Aumento do valor m\u00e1ximo dos im\u00f3veis<span class=\"ez-toc-section-end\"><\/span><\/h3>\n<p>Especialmente, um dos pontos importantes das mudan\u00e7as do programa habitacional Casa Verde e Amarela para o Minha Casa, Minha Vida tamb\u00e9m \u00e9 a altera\u00e7\u00e3o dos valores m\u00e1ximos dos im\u00f3veis a serem financiados.<\/p>\n<p>Agora, a Faixa 1 pode financiar im\u00f3veis de at\u00e9 R$ 190 mil, enquanto a segunda faixa tem um teto de R$ 264 mil. Por fim, a Faixa 3 poder\u00e1 adquirir im\u00f3veis de at\u00e9 R$ 350 mil pelo Minha Casa, Minha Vida.<\/p>\n<h3><img loading=\"lazy\" decoding=\"async\" class=\"alignnone size-full wp-image-18523\" src=\"https:\/\/www.tenda.com\/blog\/wp-content\/uploads\/2021\/10\/valor-de-imoveis.webp\" alt=\"Taxas de juros | Foto de uma pessoa empilhando moedas ao lado de uma casinha | Minha Casa Minha Vida | Blog da Tenda\" width=\"800\" height=\"533\" srcset=\"https:\/\/www.tenda.com\/blog\/wp-content\/uploads\/2021\/10\/valor-de-imoveis.webp 800w, https:\/\/www.tenda.com\/blog\/wp-content\/uploads\/2021\/10\/valor-de-imoveis-300x200.webp 300w, https:\/\/www.tenda.com\/blog\/wp-content\/uploads\/2021\/10\/valor-de-imoveis-768x512.webp 768w, https:\/\/www.tenda.com\/blog\/wp-content\/uploads\/2021\/10\/valor-de-imoveis-150x100.webp 150w\" sizes=\"(max-width: 800px) 100vw, 800px\" \/><\/h3>\n<h3><span class=\"ez-toc-section\" id=\"Aumento_no_valor_do_subsidio\"><\/span>Aumento no valor do subs\u00eddio<span class=\"ez-toc-section-end\"><\/span><\/h3>\n<p>Por \u00faltimo, mas n\u00e3o menos importante, a principal mudan\u00e7a do programa Casa Verde e Amarela para o Minha Casa, Minha Vida foi o aumento no valor m\u00e1ximo de subs\u00eddio para as faixas 1 e 2. Antes, o valor m\u00e1ximo para a Faixa 1 era de at\u00e9 R$ 47.500 mil, e de at\u00e9 R$ 29 mil para a Faixa 2. Agora, ambas as faixas possuem o mesmo valor m\u00e1ximo de subs\u00eddio, que \u00e9 maior: at\u00e9 R$ 55 mil de desconto para financiar um im\u00f3vel pelo programa.<\/p>\n<p>Essa mudan\u00e7a beneficiou, principalmente, as fam\u00edlias da Faixa 2, que antes tinham como teto o valor de R$ 29 mil para comprar um im\u00f3vel pelo Casa Verde e Amarela. Assim, com o novo Minha Casa, Minha Vida, o valor m\u00e1ximo do desconto ficou ainda melhor, facilitando ainda mais a conquista da casa pr\u00f3pria.<\/p>\n<h2><span class=\"ez-toc-section\" id=\"Beneficios_do_programa_Minha_Casa_Minha_Vida\"><\/span>Benef\u00edcios do programa Minha Casa, Minha Vida<span class=\"ez-toc-section-end\"><\/span><\/h2>\n<p>A princ\u00edpio, o Minha Casa, Minha Vida conta com tr\u00eas principais benef\u00edcios, que al\u00e9m de diminuir o custo do financiamento, facilita o <a href=\"https:\/\/www.tenda.com\/blog\/trilha-da-conquista\/como-dar-entrada-em-um-apartamento\/\">valor de entrada<\/a> e na comprova\u00e7\u00e3o de renda. Al\u00e9m disso, sabemos que as taxas de juros s\u00e3o mais baixas para financiamentos feitos atrav\u00e9s do Minha Casa, Minha Vida. Por fim, confira no detalhe as vantagens do programa.<\/p>\n<h3><span class=\"ez-toc-section\" id=\"Subsidio\"><\/span>Subs\u00eddio<span class=\"ez-toc-section-end\"><\/span><\/h3>\n<p>Basicamente, o <a href=\"https:\/\/www.tenda.com\/blog\/minha-casa-minha-vida\/o-que-e-o-subsidio-e-como-utiliza-lo-para-financiamento-de-imovel\/\">subs\u00eddio<\/a> \u00e9 um valor que o Governo Federal oferece com a finalidade de tornar acess\u00edvel a compra de im\u00f3veis, principalmente para fam\u00edlias de baixa renda. Nesse sentido, esse benef\u00edcio \u00e9 concedido em forma de desconto sobre o valor do im\u00f3vel. Em outras palavras, o Governo paga uma parte da sua casa. Mas, n\u00e3o se preocupe, voc\u00ea n\u00e3o precisa devolver e nem quitar esse dinheiro.<\/p>\n<p>Ent\u00e3o, quanto menor for a <a href=\"https:\/\/www.tenda.com\/blog\/trilha-da-conquista\/renda-familiar\/\">renda familiar<\/a>, maior ser\u00e1 o valor do subs\u00eddio. Assim, o subs\u00eddio Minha Casa, Minha Vida \u00e9 concedido de acordo com a renda da fam\u00edlia, o local do im\u00f3vel escolhido e o valor da propriedade.<\/p>\n<p>Para exemplificar, o subs\u00eddio Minha Casa, Minha Vida funciona da seguinte forma: por exemplo, voc\u00ea vai comprar um im\u00f3vel de R$ 200 mil e consegue um subs\u00eddio de R$ 20 mil. Ent\u00e3o, o valor que voc\u00ea ter\u00e1 que pagar vai ser apenas R$ 180 mil. Mas, n\u00e3o se esque\u00e7a, os valores do subs\u00eddio s\u00e3o concedidos de acordo com a renda familiar, local do bem e o valor do total do im\u00f3vel. Por fim, se voc\u00ea quer entender mais sobre o subs\u00eddio do governo, confira o v\u00eddeo abaixo.<\/p>\n<p><iframe loading=\"lazy\" title=\"Saiba como funciona o SUBS\u00cdDIO MINHA CASA, MINHA VIDA 2024\" width=\"500\" height=\"281\" src=\"https:\/\/www.youtube.com\/embed\/e--FFmPGDi0?feature=oembed\" frameborder=\"0\" allow=\"accelerometer; autoplay; clipboard-write; encrypted-media; gyroscope; picture-in-picture; web-share\" referrerpolicy=\"strict-origin-when-cross-origin\" allowfullscreen><\/iframe><\/p>\n<h3><span class=\"ez-toc-section\" id=\"Utilizacao_do_FGTS\"><\/span>Utiliza\u00e7\u00e3o do FGTS<span class=\"ez-toc-section-end\"><\/span><\/h3>\n<p>Sobretudo, o que muitas pessoas n\u00e3o sabem \u00e9 que \u00e9 poss\u00edvel utilizar o FGTS para compra de im\u00f3veis. Por outro lado, caso voc\u00ea n\u00e3o tenha o valor de entrada para comprar sua casa pr\u00f3pria, atrav\u00e9s dos financiamentos feitos pelo Minha Casa Minha Vida, voc\u00ea pode utilizar o seu saldo de FGTS para dar de entrada.<\/p>\n<p><img loading=\"lazy\" decoding=\"async\" class=\"alignleft wp-image-9032 size-full\" src=\"https:\/\/www.tenda.com\/blog\/wp-content\/uploads\/2021\/10\/FGTS-1.jpg\" alt=\"Foto de uma pessoa segurando um celular com o aplicativo do FGTS e um computador no site do FGTS | Utilize seu FGTS no financiamento imobili\u00e1rio | Minha Casa Minha Vida | Blog da Tenda\" width=\"800\" height=\"493\" srcset=\"https:\/\/www.tenda.com\/blog\/wp-content\/uploads\/2021\/10\/FGTS-1.jpg 800w, https:\/\/www.tenda.com\/blog\/wp-content\/uploads\/2021\/10\/FGTS-1-300x185.jpg 300w, https:\/\/www.tenda.com\/blog\/wp-content\/uploads\/2021\/10\/FGTS-1-768x473.jpg 768w, https:\/\/www.tenda.com\/blog\/wp-content\/uploads\/2021\/10\/FGTS-1-150x92.jpg 150w\" sizes=\"(max-width: 800px) 100vw, 800px\" \/><\/p>\n<p>Todavia, existem outras maneiras de utilizar o FGTS no financiamento. Por exemplo, com seu FGTS voc\u00ea pode reduzir o valor das <a href=\"https:\/\/www.tenda.com\/blog\/trilha-da-conquista\/como-diminuir-valor-de-parcelas-de-financiamento-de-imoveis\/\">parcelas do financiamento<\/a> em at\u00e9 80%. De igual modo, \u00e9 usar a quantia para amortizar o <a href=\"https:\/\/www.tenda.com\/blog\/trilha-da-conquista\/o-que-e-saldo-devedor-veja-como-funciona-no-financiamento-de-imovel\/\">saldo devedor<\/a> (no prazo) ou para diminuir o n\u00famero de parcelas. Sendo assim, ao fazer isso, voc\u00ea reduz a incid\u00eancia de juros cobrados ao longo das parcelas, tornando o financiamento ainda mais barato.<\/p>\n<p>Entretanto, existem algumas regras para sua utiliza\u00e7\u00e3o. Neste caso, \u00e9 preciso ter, no m\u00ednimo, tr\u00eas anos de trabalho com carteira assinada e nenhum outro financiamento ativo em seu nome vinculado ao Sistema Financeiro de Habita\u00e7\u00e3o (<a href=\"https:\/\/www.tenda.com\/blog\/trilha-da-conquista\/sfh-e-sfi-entenda-as-diferencas\/\">SFH<\/a>).<\/p>\n<p>Contudo, se voc\u00ea for um <a href=\"https:\/\/www.tenda.com\/eudouconta\/economia-e-renda-extra\/tudo-sobre-trabalho-autonomo\/\">trabalhador aut\u00f4nomo<\/a>, precisar\u00e1 demonstrar uma declara\u00e7\u00e3o do \u00f3rg\u00e3o gestor ou comprovantes de um sindicato para contar com esse benef\u00edcio. Sendo assim, se voc\u00ea quer entender melhor como voc\u00ea pode usar o FGTS na compra do seu apartamento com o programa Minha Casa, Minha Vida, confira o v\u00eddeo a seguir.<\/p>\n<p><iframe loading=\"lazy\" title=\"Como usar o FGTS no financiamento imobili\u00e1rio | Tenda Explica!\" width=\"500\" height=\"281\" src=\"https:\/\/www.youtube.com\/embed\/PO10J5w1z-8?feature=oembed\" frameborder=\"0\" allow=\"accelerometer; autoplay; clipboard-write; encrypted-media; gyroscope; picture-in-picture; web-share\" referrerpolicy=\"strict-origin-when-cross-origin\" allowfullscreen><\/iframe><\/p>\n<h3><span class=\"ez-toc-section\" id=\"Composicao_de_Renda\"><\/span>Composi\u00e7\u00e3o de Renda<span class=\"ez-toc-section-end\"><\/span><\/h3>\n<p>Geralmente, os bancos e financiadoras fazem uma <a href=\"https:\/\/www.tenda.com\/blog\/trilha-da-conquista\/analise-de-credito-o-que-e-e-como-funciona-no-financiamento-imobiliario\/\">an\u00e1lise de cr\u00e9dito<\/a> da pessoa que est\u00e1 solicitando o financiamento imobili\u00e1rio. Um ponto importante \u00e9 o comprometimento da renda mensal do solicitante. Isso porque, os bancos s\u00f3 permitem que voc\u00ea comprometa at\u00e9 30% da sua renda com o pagamento das mensalidades do empr\u00e9stimo. Para esclarecer melhor, digamos que voc\u00ea ganha R$1.500,00 mensais, s\u00f3 pode pagar R$450,00 por parcela.<\/p>\n<p>Por outro lado, caso sua\u00a0renda n\u00e3o seja o suficiente\u00a0para dar entrada num financiamento imobili\u00e1rio, existe a possibilidade de voc\u00ea\u00a0compor renda com outras pessoas.<\/p>\n<p>Em outras palavras, voc\u00ea pode compor renda com at\u00e9 tr\u00eas pessoas que pode ser sua m\u00e3e, seu pai, filho, filha, marido, namorado, noivo, noiva, namorada, amigos, parentes, a lista \u00e9 grande. Certamente, essas pessoas podem te ajudar a conquistar sua casa pr\u00f3pria.<\/p>\n<p><img loading=\"lazy\" decoding=\"async\" class=\"alignleft wp-image-9009 size-full\" src=\"https:\/\/www.tenda.com\/blog\/wp-content\/uploads\/2021\/10\/composicao-renda-2.png\" alt=\"Ilustra\u00e7\u00e3o da Assistente Virtual Tais, da Construtora Tenda, com figuras de quem pode compor renda | Composi\u00e7\u00e3o de renda | Minha Casa Minha Vida | Blog da Tenda\" width=\"800\" height=\"658\" srcset=\"https:\/\/www.tenda.com\/blog\/wp-content\/uploads\/2021\/10\/composicao-renda-2.png 800w, https:\/\/www.tenda.com\/blog\/wp-content\/uploads\/2021\/10\/composicao-renda-2-300x247.png 300w, https:\/\/www.tenda.com\/blog\/wp-content\/uploads\/2021\/10\/composicao-renda-2-768x632.png 768w, https:\/\/www.tenda.com\/blog\/wp-content\/uploads\/2021\/10\/composicao-renda-2-150x123.png 150w\" sizes=\"(max-width: 800px) 100vw, 800px\" \/><\/p>\n<p>&nbsp;<\/p>\n<p>Al\u00e9m de voc\u00ea poder contar com a composi\u00e7\u00e3o de renda, voc\u00ea pode fazer uma simula\u00e7\u00e3o no <a href=\"https:\/\/www.tenda.com\/simulador-de-financiamento\">Simulador de Financiamento da Tenda<\/a>. Nesse sentido, o simulador vai fornecer as informa\u00e7\u00f5es te dar\u00e3o clareza dos valores que voc\u00ea precisar\u00e1 ter em m\u00e3os para conquistar a sua casa pr\u00f3pria.<\/p>\n<p>Ou seja, com o Simulador da Tenda voc\u00ea vai saber o valor aproximado de entrada, valores estimados das parcelas, se voc\u00ea tem direito ao subs\u00eddio e qual o valor oferecido pelo programa Minha Casa, Minha Vida, e principalmente qual apartamento da Tenda se encaixa no seu or\u00e7amento.<\/p>\n<p>Por fim, conhe\u00e7a os <a href=\"https:\/\/www.tenda.com\/apartamentos-a-venda\">apartamentos Tenda \u00e0 venda<\/a> na nossa <a href=\"https:\/\/www.tenda.com\/loja-virtual\/\">Loja Virtual<\/a> e escolha j\u00e1 seu im\u00f3vel! E mais, temos parceria com o programa Minha Casa, Minha Vida!<\/p>\n<h2><span class=\"ez-toc-section\" id=\"Sobre_a_Tenda\"><\/span><b>Sobre a Tenda<\/b><span class=\"ez-toc-section-end\"><\/span><\/h2>\n<p><span data-contrast=\"auto\">A\u00a0<\/span><a href=\"https:\/\/www.tenda.com\/\"><span data-contrast=\"none\">Tenda<\/span><\/a><span data-contrast=\"auto\">\u00a0\u00e9 uma das maiores construtoras do Brasil e \u202fuma\u202fdas empresas que integram a Bolsa de Valores de S\u00e3o Paulo. \u202fListada no Novo Mercado da B3, a companhia tem o mais alto n\u00edvel de governan\u00e7a corporativa do pa\u00eds.\u202f\u00a0<\/span><span data-ccp-props=\"{&quot;201341983&quot;:0,&quot;335559685&quot;:-20,&quot;335559737&quot;:-20,&quot;335559739&quot;:160,&quot;335559740&quot;:259}\">\u00a0<\/span><\/p>\n<p><span data-contrast=\"auto\">Com mais de \u202f<\/span><a href=\"https:\/\/www.tenda.com\/sobre-a-tenda\/nossa-historia\"><span data-contrast=\"none\">50 anos de experi\u00eancia<\/span><\/a><span data-contrast=\"auto\">\u202f no mercado imobili\u00e1rio, a\u202fgente sabe que comprar um \u202fapartamento \u202fmuitas vezes parece imposs\u00edvel para \u202fmuitos brasileiros.\u202f Por isso,\u202f nossa\u202fmiss\u00e3o \u202f\u00e9 \u202fcolocar a\u202fconquista da casa pr\u00f3pria ao seu alcance.\u202f\u202f\u00a0<\/span><span data-ccp-props=\"{&quot;201341983&quot;:0,&quot;335559685&quot;:-20,&quot;335559737&quot;:-20,&quot;335559739&quot;:160,&quot;335559740&quot;:259}\">\u00a0<\/span><\/p>\n<p><span data-contrast=\"auto\">Acredite, \u202fcom as nossas condi\u00e7\u00f5es exclusivas somadas \u00e0 grande parceria que temos com o\u00a0<\/span><span data-contrast=\"none\">Minha Casa, Minha Vida<\/span><span data-contrast=\"auto\">,\u202fvoc\u00ea consegue\u202fter o seu\u202fcantinho.\u202f\u00a0<\/span><span data-ccp-props=\"{&quot;201341983&quot;:0,&quot;335559685&quot;:-20,&quot;335559737&quot;:-20,&quot;335559739&quot;:160,&quot;335559740&quot;:259}\">\u00a0<\/span><\/p>\n<p><span data-contrast=\"auto\">N\u00f3s j\u00e1 realizamos o sonho de mais de 160 mil fam\u00edlias, provando que ter um im\u00f3vel pr\u00f3prio \u00e9 poss\u00edvel.\u202fPara \u202fajudar \u202fcada vez\u00a0 mais \u202fbrasileiros,\u202festamos presentes\u202fem capitais e regi\u00f5es metropolitanas de nove estados do pa\u00eds. Existem \u202f<\/span><a href=\"https:\/\/www.tenda.com\/apartamentos-a-venda\/sp\"><span data-contrast=\"none\">apartamentos \u00e0 venda em S\u00e3o Paulo<\/span><\/a><span data-contrast=\"auto\">, Bahia, Cear\u00e1, Pernambuco,\u202f<\/span><a href=\"https:\/\/www.tenda.com\/apartamentos-a-venda\/rj\"><span data-contrast=\"none\">Rio de Janeiro<\/span><\/a><span data-contrast=\"auto\">, Rio Grande do Sul, Paran\u00e1, Goi\u00e1s e Minas Gerais.\u202f\u00a0<\/span><span data-ccp-props=\"{&quot;201341983&quot;:0,&quot;335559685&quot;:-20,&quot;335559737&quot;:-20,&quot;335559739&quot;:160,&quot;335559740&quot;:259}\">\u00a0<\/span><\/p>\n<p><span data-contrast=\"auto\">\u202fAl\u00e9m de\u202f diversas\u00a0<\/span><a href=\"https:\/\/www.tenda.com\/lojas-tenda\"><span data-contrast=\"none\">lojas f\u00edsicas<\/span><\/a><span data-contrast=\"auto\">\u202f nos estados\u202fonde atuamos, tamb\u00e9m oferecemos\u202fa comodidade da\u202f\u00a0<\/span><span data-contrast=\"none\">Loja Virtual\u202f Tenda<\/span><span data-contrast=\"auto\">, um ambiente seguro e com todas as informa\u00e7\u00f5es que voc\u00ea precisa para conquistar o seu\u202fim\u00f3vel. \u202fNo nosso site, voc\u00ea\u202ftamb\u00e9m\u202fencontra ferramentas\u202fcomo o\u202f\u00a0<\/span><span data-contrast=\"none\">Simulador de Financiamento\u00a0<\/span><span data-contrast=\"auto\">\u202fe a\u202f\u00a0<\/span><a href=\"https:\/\/www.tenda.com\/calculadora-dos-sonhos\"><span data-contrast=\"none\">Calculadora dos Sonhos<\/span><\/a><span data-contrast=\"auto\">,\u202fque ajudam voc\u00ea no planejamento da compra.\u202f\u202f\u00a0<\/span><span data-ccp-props=\"{&quot;201341983&quot;:0,&quot;335559685&quot;:-20,&quot;335559737&quot;:-20,&quot;335559739&quot;:160,&quot;335559740&quot;:259}\">\u00a0<\/span><\/p>\n<p><a href=\"https:\/\/api.whatsapp.com\/send?phone=551149508934&amp;text=Oi,%20estou%20interessado%20em%20comprar%20um%20im%C3%B3vel%20da%20Tenda\"><span data-contrast=\"none\">Conte com a gente<\/span><\/a><span data-contrast=\"auto\">\u202fpara realizar o sonho de ter o seu apartamento! Estamos prontos para tirar \u202fsuas \u202fd\u00favidas e ajudar voc\u00ea nessa maravilhosa jornada.\u202f<\/span><span data-ccp-props=\"{&quot;201341983&quot;:0,&quot;335559685&quot;:-20,&quot;335559737&quot;:-20,&quot;335559739&quot;:160,&quot;335559740&quot;:259}\">\u00a0<\/span><\/p>\n","protected":false},"excerpt":{"rendered":"<p>O sonho de muitos brasileiros \u00e9 ter a casa pr\u00f3pria. Todavia, parte da popula\u00e7\u00e3o n\u00e3o possui condi\u00e7\u00f5es [&#8230;]<\/p>\n","protected":false},"author":40,"featured_media":18198,"comment_status":"open","ping_status":"closed","sticky":false,"template":"","format":"standard","meta":{"footnotes":""},"categories":[6],"tags":[227,46,65,220,236,72,73],"class_list":["post-8986","post","type-post","status-publish","format-standard","has-post-thumbnail","hentry","category-minha-casa-minha-vida","tag-casa-verde-e-amarela","tag-composicao-de-renda","tag-fgts","tag-loja-virtual-tenda","tag-minha-casa-minha-vida","tag-simulador-de-financiamento","tag-subsidio"],"yoast_head":"<!-- This site is optimized with the Yoast SEO plugin v23.4 - https:\/\/yoast.com\/wordpress\/plugins\/seo\/ -->\n<title>Casa Verde e Amarela: mudan\u00e7as do programa habitacional | Blog da Tenda<\/title>\n<meta name=\"robots\" content=\"index,follow\" \/>\n<meta property=\"og:locale\" content=\"pt_BR\" \/>\n<meta property=\"og:url\" content=\"https:\/\/www.tenda.com\/blog\/minha-casa-minha-vida\/mudancas-casa-verde-e-amarela\" \/>\n<meta property=\"article:publisher\" content=\"https:\/\/www.facebook.com\/ConstrutoraTenda\/\" \/>\n<meta property=\"article:published_time\" content=\"2021-10-29T19:05:20+00:00\" \/>\n<meta property=\"article:modified_time\" content=\"2025-04-28T17:35:31+00:00\" \/>\n<meta property=\"og:image\" content=\"https:\/\/www.tenda.com\/blog\/wp-content\/uploads\/2024\/04\/Capa-desk-Programa-Minha-Casa-Minha-Vida-2024.jpg\" \/>\n\t<meta property=\"og:image:width\" content=\"726\" \/>\n\t<meta property=\"og:image:height\" content=\"400\" \/>\n\t<meta property=\"og:image:type\" content=\"image\/jpeg\" \/>\n<meta name=\"author\" content=\"Blog da Tenda\" \/>\n<meta name=\"twitter:label1\" content=\"Escrito por\" \/>\n\t<meta name=\"twitter:data1\" content=\"Blog da Tenda\" \/>\n\t<meta name=\"twitter:label2\" content=\"Est. tempo de leitura\" \/>\n\t<meta name=\"twitter:data2\" content=\"15 minutos\" \/>\n<!-- \/ Yoast SEO plugin. -->","yoast_head_json":{"title":"Casa Verde e Amarela: mudan\u00e7as do programa habitacional | Blog da Tenda","robots":{"index,follow":"index,follow"},"og_locale":"pt_BR","og_url":"https:\/\/www.tenda.com\/blog\/minha-casa-minha-vida\/mudancas-casa-verde-e-amarela","article_publisher":"https:\/\/www.facebook.com\/ConstrutoraTenda\/","article_published_time":"2021-10-29T19:05:20+00:00","article_modified_time":"2025-04-28T17:35:31+00:00","og_image":[{"width":726,"height":400,"url":"https:\/\/www.tenda.com\/blog\/wp-content\/uploads\/2024\/04\/Capa-desk-Programa-Minha-Casa-Minha-Vida-2024.jpg","type":"image\/jpeg"}],"author":"Blog da Tenda","twitter_misc":{"Escrito por":"Blog da Tenda","Est. tempo de leitura":"15 minutos"},"schema":{"@context":"https:\/\/schema.org","@graph":[{"@type":"Article","@id":"https:\/\/www.tenda.com\/blog\/minha-casa-minha-vida\/mudancas-casa-verde-e-amarela#article","isPartOf":{"@id":"https:\/\/www.tenda.com\/blog\/minha-casa-minha-vida\/mudancas-casa-verde-e-amarela"},"author":{"name":"Blog da Tenda","@id":"https:\/\/www.tenda.com\/blog\/#\/schema\/person\/401cec400e9a62cb00a064018dfd8dec"},"headline":"CASA VERDE E AMARELA: MUDAN\u00c7AS NO PROGRAMA HABITACIONAL","datePublished":"2021-10-29T19:05:20+00:00","dateModified":"2025-04-28T17:35:31+00:00","mainEntityOfPage":{"@id":"https:\/\/www.tenda.com\/blog\/minha-casa-minha-vida\/mudancas-casa-verde-e-amarela"},"wordCount":2498,"commentCount":0,"publisher":{"@id":"https:\/\/www.tenda.com\/blog\/#organization"},"image":{"@id":"https:\/\/www.tenda.com\/blog\/minha-casa-minha-vida\/mudancas-casa-verde-e-amarela#primaryimage"},"thumbnailUrl":"https:\/\/www.tenda.com\/blog\/wp-content\/uploads\/2024\/04\/Capa-desk-Programa-Minha-Casa-Minha-Vida-2024.jpg","keywords":["Casa Verde e Amarela","Composi\u00e7\u00e3o de Renda","FGTS","Loja Virtual Tenda","Minha Casa Minha Vida","Simulador de Financiamento","Subs\u00eddio"],"articleSection":["Minha Casa Minha Vida"],"inLanguage":"pt-BR","potentialAction":[{"@type":"CommentAction","name":"Comment","target":["https:\/\/www.tenda.com\/blog\/minha-casa-minha-vida\/mudancas-casa-verde-e-amarela#respond"]}]},{"@type":"WebPage","@id":"https:\/\/www.tenda.com\/blog\/minha-casa-minha-vida\/mudancas-casa-verde-e-amarela","url":"https:\/\/www.tenda.com\/blog\/minha-casa-minha-vida\/mudancas-casa-verde-e-amarela","name":"Casa Verde e Amarela: mudan\u00e7as do programa habitacional | Blog da Tenda","isPartOf":{"@id":"https:\/\/www.tenda.com\/blog\/#website"},"primaryImageOfPage":{"@id":"https:\/\/www.tenda.com\/blog\/minha-casa-minha-vida\/mudancas-casa-verde-e-amarela#primaryimage"},"image":{"@id":"https:\/\/www.tenda.com\/blog\/minha-casa-minha-vida\/mudancas-casa-verde-e-amarela#primaryimage"},"thumbnailUrl":"https:\/\/www.tenda.com\/blog\/wp-content\/uploads\/2024\/04\/Capa-desk-Programa-Minha-Casa-Minha-Vida-2024.jpg","datePublished":"2021-10-29T19:05:20+00:00","dateModified":"2025-04-28T17:35:31+00:00","description":"O programa Casa Verde e Amarela do Governo Federal sofreu algumas mudan\u00e7as. Confira as altera\u00e7\u00f5es no programa habitacional no Blog da Tenda.","breadcrumb":{"@id":"https:\/\/www.tenda.com\/blog\/minha-casa-minha-vida\/mudancas-casa-verde-e-amarela#breadcrumb"},"inLanguage":"pt-BR","potentialAction":[{"@type":"ReadAction","target":["https:\/\/www.tenda.com\/blog\/minha-casa-minha-vida\/mudancas-casa-verde-e-amarela"]}]},{"@type":"ImageObject","inLanguage":"pt-BR","@id":"https:\/\/www.tenda.com\/blog\/minha-casa-minha-vida\/mudancas-casa-verde-e-amarela#primaryimage","url":"https:\/\/www.tenda.com\/blog\/wp-content\/uploads\/2024\/04\/Capa-desk-Programa-Minha-Casa-Minha-Vida-2024.jpg","contentUrl":"https:\/\/www.tenda.com\/blog\/wp-content\/uploads\/2024\/04\/Capa-desk-Programa-Minha-Casa-Minha-Vida-2024.jpg","width":726,"height":400,"caption":"Programa Minha Casa, Minha Vida 2024 | Foto de uma fam\u00edlia feliz e sorridente se abra\u00e7ando | Minha Casa Minha Vida | Blog da Tenda"},{"@type":"BreadcrumbList","@id":"https:\/\/www.tenda.com\/blog\/minha-casa-minha-vida\/mudancas-casa-verde-e-amarela#breadcrumb","itemListElement":[{"@type":"ListItem","position":1,"name":"In\u00edcio","item":"https:\/\/www.tenda.com\/blog\/"},{"@type":"ListItem","position":2,"name":"CASA VERDE E AMARELA: MUDAN\u00c7AS NO PROGRAMA HABITACIONAL"}]},{"@type":"WebSite","@id":"https:\/\/www.tenda.com\/blog\/#website","url":"https:\/\/www.tenda.com\/blog\/","name":"Blog da Tenda","description":"Blog","publisher":{"@id":"https:\/\/www.tenda.com\/blog\/#organization"},"potentialAction":[{"@type":"SearchAction","target":{"@type":"EntryPoint","urlTemplate":"https:\/\/www.tenda.com\/blog\/?s={search_term_string}"},"query-input":{"@type":"PropertyValueSpecification","valueRequired":true,"valueName":"search_term_string"}}],"inLanguage":"pt-BR"},{"@type":"Organization","@id":"https:\/\/www.tenda.com\/blog\/#organization","name":"Construtora Tenda","url":"https:\/\/www.tenda.com\/blog\/","logo":{"@type":"ImageObject","inLanguage":"pt-BR","@id":"https:\/\/www.tenda.com\/blog\/#\/schema\/logo\/image\/","url":"https:\/\/www.tenda.com\/blog\/wp-content\/uploads\/2020\/09\/logo-tenda_RGB_vermelho.png","contentUrl":"https:\/\/www.tenda.com\/blog\/wp-content\/uploads\/2020\/09\/logo-tenda_RGB_vermelho.png","width":1579,"height":379,"caption":"Construtora Tenda"},"image":{"@id":"https:\/\/www.tenda.com\/blog\/#\/schema\/logo\/image\/"},"sameAs":["https:\/\/www.facebook.com\/ConstrutoraTenda\/","https:\/\/www.instagram.com\/construtoratenda","https:\/\/br.linkedin.com\/company\/construtora-tenda","https:\/\/www.youtube.com\/user\/TendaConstrutora","https:\/\/en.wikipedia.org\/wiki\/Construtora_Tenda"]},{"@type":"Person","@id":"https:\/\/www.tenda.com\/blog\/#\/schema\/person\/401cec400e9a62cb00a064018dfd8dec","name":"Blog da Tenda","image":{"@type":"ImageObject","inLanguage":"pt-BR","@id":"https:\/\/www.tenda.com\/blog\/#\/schema\/person\/image\/","url":"https:\/\/secure.gravatar.com\/avatar\/2258a587f7dea6e05a6ed2c1e52ee9d6?s=96&d=mm&r=g","contentUrl":"https:\/\/secure.gravatar.com\/avatar\/2258a587f7dea6e05a6ed2c1e52ee9d6?s=96&d=mm&r=g","caption":"Blog da Tenda"},"url":"https:\/\/www.tenda.com\/blog\/author\/ana-luisa"}]}},"_links":{"self":[{"href":"https:\/\/www.tenda.com\/blog\/wp-json\/wp\/v2\/posts\/8986"}],"collection":[{"href":"https:\/\/www.tenda.com\/blog\/wp-json\/wp\/v2\/posts"}],"about":[{"href":"https:\/\/www.tenda.com\/blog\/wp-json\/wp\/v2\/types\/post"}],"author":[{"embeddable":true,"href":"https:\/\/www.tenda.com\/blog\/wp-json\/wp\/v2\/users\/40"}],"replies":[{"embeddable":true,"href":"https:\/\/www.tenda.com\/blog\/wp-json\/wp\/v2\/comments?post=8986"}],"version-history":[{"count":88,"href":"https:\/\/www.tenda.com\/blog\/wp-json\/wp\/v2\/posts\/8986\/revisions"}],"predecessor-version":[{"id":31064,"href":"https:\/\/www.tenda.com\/blog\/wp-json\/wp\/v2\/posts\/8986\/revisions\/31064"}],"wp:featuredmedia":[{"embeddable":true,"href":"https:\/\/www.tenda.com\/blog\/wp-json\/wp\/v2\/media\/18198"}],"wp:attachment":[{"href":"https:\/\/www.tenda.com\/blog\/wp-json\/wp\/v2\/media?parent=8986"}],"wp:term":[{"taxonomy":"category","embeddable":true,"href":"https:\/\/www.tenda.com\/blog\/wp-json\/wp\/v2\/categories?post=8986"},{"taxonomy":"post_tag","embeddable":true,"href":"https:\/\/www.tenda.com\/blog\/wp-json\/wp\/v2\/tags?post=8986"}],"curies":[{"name":"wp","href":"https:\/\/api.w.org\/{rel}","templated":true}]}}