














{"id":8656,"date":"2021-10-20T12:22:19","date_gmt":"2021-10-20T15:22:19","guid":{"rendered":"https:\/\/www.tenda.com\/blog\/?p=8656"},"modified":"2023-10-30T13:46:03","modified_gmt":"2023-10-30T16:46:03","slug":"psicologia-das-cores","status":"publish","type":"post","link":"https:\/\/www.tenda.com\/blog\/casa-e-decoracao\/psicologia-das-cores","title":{"rendered":"COMO AS CORES INFLUENCIAM NOS AMBIENTES? TUDO SOBRE PSICOLOGIA DAS CORES!"},"content":{"rendered":"<p>Voc\u00ea j\u00e1 percebeu que em determinados <strong>ambientes<\/strong>, algumas <strong>sensa\u00e7\u00f5es<\/strong> s\u00e3o despertadas? Isso se d\u00e1 devido a influ\u00eancia das <strong>cores<\/strong> nas <strong>emo\u00e7\u00f5es<\/strong> e no <strong>comportamento humano<\/strong>. E para explicar tal fen\u00f4meno, a <strong>psicologia das cores<\/strong> estuda o <strong>efeito psicol\u00f3gico<\/strong> e emocional das <strong>cores<\/strong> no humor das pessoas.<\/p><div id=\"ez-toc-container\" class=\"ez-toc-v2_0_71 counter-hierarchy ez-toc-counter ez-toc-grey ez-toc-container-direction\">\n<div class=\"ez-toc-title-container\">\n<p class=\"ez-toc-title\" style=\"cursor:inherit\">O que voc\u00ea vai encontrar nesse post <\/p>\n<span class=\"ez-toc-title-toggle\"><a href=\"#\" class=\"ez-toc-pull-right ez-toc-btn ez-toc-btn-xs ez-toc-btn-default ez-toc-toggle\" aria-label=\"Toggle Table of Content\"><span class=\"ez-toc-js-icon-con\"><span class=\"\"><span class=\"eztoc-hide\" style=\"display:none;\">Toggle<\/span><span class=\"ez-toc-icon-toggle-span\"><svg style=\"fill: #999;color:#999\" xmlns=\"http:\/\/www.w3.org\/2000\/svg\" class=\"list-377408\" width=\"20px\" height=\"20px\" viewBox=\"0 0 24 24\" fill=\"none\"><path d=\"M6 6H4v2h2V6zm14 0H8v2h12V6zM4 11h2v2H4v-2zm16 0H8v2h12v-2zM4 16h2v2H4v-2zm16 0H8v2h12v-2z\" fill=\"currentColor\"><\/path><\/svg><svg style=\"fill: #999;color:#999\" class=\"arrow-unsorted-368013\" xmlns=\"http:\/\/www.w3.org\/2000\/svg\" width=\"10px\" height=\"10px\" viewBox=\"0 0 24 24\" version=\"1.2\" baseProfile=\"tiny\"><path d=\"M18.2 9.3l-6.2-6.3-6.2 6.3c-.2.2-.3.4-.3.7s.1.5.3.7c.2.2.4.3.7.3h11c.3 0 .5-.1.7-.3.2-.2.3-.5.3-.7s-.1-.5-.3-.7zM5.8 14.7l6.2 6.3 6.2-6.3c.2-.2.3-.5.3-.7s-.1-.5-.3-.7c-.2-.2-.4-.3-.7-.3h-11c-.3 0-.5.1-.7.3-.2.2-.3.5-.3.7s.1.5.3.7z\"\/><\/svg><\/span><\/span><\/span><\/a><\/span><\/div>\n<nav><ul class='ez-toc-list ez-toc-list-level-1 eztoc-toggle-hide-by-default' ><li class='ez-toc-page-1 ez-toc-heading-level-2'><a class=\"ez-toc-link ez-toc-heading-1\" href=\"https:\/\/www.tenda.com\/blog\/casa-e-decoracao\/psicologia-das-cores\/#O_que_e_psicologia_das_cores\" title=\"O que \u00e9 psicologia das cores?\">O que \u00e9 psicologia das cores?<\/a><\/li><li class='ez-toc-page-1 ez-toc-heading-level-2'><a class=\"ez-toc-link ez-toc-heading-2\" href=\"https:\/\/www.tenda.com\/blog\/casa-e-decoracao\/psicologia-das-cores\/#O_efeito_da_psicologia_das_cores_na_decoracao\" title=\"O efeito da psicologia das cores na decora\u00e7\u00e3o\">O efeito da psicologia das cores na decora\u00e7\u00e3o<\/a><ul class='ez-toc-list-level-3' ><li class='ez-toc-heading-level-3'><a class=\"ez-toc-link ez-toc-heading-3\" href=\"https:\/\/www.tenda.com\/blog\/casa-e-decoracao\/psicologia-das-cores\/#Cores_para_cozinha\" title=\"Cores para cozinha\">Cores para cozinha<\/a><\/li><li class='ez-toc-page-1 ez-toc-heading-level-3'><a class=\"ez-toc-link ez-toc-heading-4\" href=\"https:\/\/www.tenda.com\/blog\/casa-e-decoracao\/psicologia-das-cores\/#Melhores_cores_para_o_quarto\" title=\"Melhores cores para o quarto\">Melhores cores para o quarto<\/a><\/li><li class='ez-toc-page-1 ez-toc-heading-level-3'><a class=\"ez-toc-link ez-toc-heading-5\" href=\"https:\/\/www.tenda.com\/blog\/casa-e-decoracao\/psicologia-das-cores\/#Cores_para_a_sala_de_estar\" title=\"Cores para a sala de estar\">Cores para a sala de estar<\/a><\/li><li class='ez-toc-page-1 ez-toc-heading-level-3'><a class=\"ez-toc-link ez-toc-heading-6\" href=\"https:\/\/www.tenda.com\/blog\/casa-e-decoracao\/psicologia-das-cores\/#Paletas_de_cores_para_sala_de_jantar\" title=\"Paletas de cores para sala de jantar\">Paletas de cores para sala de jantar<\/a><\/li><li class='ez-toc-page-1 ez-toc-heading-level-3'><a class=\"ez-toc-link ez-toc-heading-7\" href=\"https:\/\/www.tenda.com\/blog\/casa-e-decoracao\/psicologia-das-cores\/#Cores_para_Home_Office_ou_escritorio\" title=\"Cores para Home Office ou escrit\u00f3rio\">Cores para Home Office ou escrit\u00f3rio<\/a><\/li><li class='ez-toc-page-1 ez-toc-heading-level-3'><a class=\"ez-toc-link ez-toc-heading-8\" href=\"https:\/\/www.tenda.com\/blog\/casa-e-decoracao\/psicologia-das-cores\/#Cores_para_banheiro\" title=\"Cores para banheiro\">Cores para banheiro<\/a><\/li><li class='ez-toc-page-1 ez-toc-heading-level-3'><a class=\"ez-toc-link ez-toc-heading-9\" href=\"https:\/\/www.tenda.com\/blog\/casa-e-decoracao\/psicologia-das-cores\/#Melhores_cores_para_area_externa\" title=\"Melhores cores para \u00e1rea externa\">Melhores cores para \u00e1rea externa<\/a><\/li><\/ul><\/li><li class='ez-toc-page-1 ez-toc-heading-level-2'><a class=\"ez-toc-link ez-toc-heading-10\" href=\"https:\/\/www.tenda.com\/blog\/casa-e-decoracao\/psicologia-das-cores\/#Como_escolher_as_melhores_cores_para_decoracao\" title=\"Como escolher as melhores cores para decora\u00e7\u00e3o\">Como escolher as melhores cores para decora\u00e7\u00e3o<\/a><\/li><\/ul><\/nav><\/div>\n\n<p>Para esclarecer, voc\u00ea j\u00e1 sentiu aquela sensa\u00e7\u00e3o de <strong>equil\u00edbrio<\/strong> em uma sala de escrit\u00f3rio branco e cinza? J\u00e1 experimentou aquela <strong>tranquilidade<\/strong> em locais nas cores branco, verde e\/ou azul? Ali\u00e1s, j\u00e1 notou que estar mais disposto e motivado em ambientes com cores mais vibrantes, como amarelo e vermelho? Esses s\u00e3o exemplos fi\u00e9is de como as <strong>cores<\/strong> influenciam nas <strong>sensa\u00e7\u00f5es<\/strong> e nos <strong>comportamentos humanos<\/strong>.<\/p>\n<p><img loading=\"lazy\" decoding=\"async\" class=\"alignleft wp-image-8694 size-full\" src=\"https:\/\/www.tenda.com\/blog\/wp-content\/uploads\/2021\/10\/psicologia-das-cores.jpg\" alt=\"Psicologia das cores: Como as cores influenciam nos ambientes | Blog da Tenda\" width=\"800\" height=\"534\" srcset=\"https:\/\/www.tenda.com\/blog\/wp-content\/uploads\/2021\/10\/psicologia-das-cores.jpg 800w, https:\/\/www.tenda.com\/blog\/wp-content\/uploads\/2021\/10\/psicologia-das-cores-300x200.jpg 300w, https:\/\/www.tenda.com\/blog\/wp-content\/uploads\/2021\/10\/psicologia-das-cores-768x513.jpg 768w, https:\/\/www.tenda.com\/blog\/wp-content\/uploads\/2021\/10\/psicologia-das-cores-150x100.jpg 150w\" sizes=\"(max-width: 800px) 100vw, 800px\" \/><\/p>\n<p>Todavia, as <strong>cores<\/strong> s\u00e3o elementos essenciais na <strong>decora\u00e7\u00e3o<\/strong> de ambientes. Justamente, porque elas s\u00e3o capazes de causar <strong>diversas sensa\u00e7\u00f5es<\/strong> e ao mesmo tempo <strong>harmonizam<\/strong>, <strong>ampliam, <\/strong>al\u00e9m de dar um <strong>toque especial<\/strong> aos ambientes.<\/p>\n<p>Ent\u00e3o, se voc\u00ea est\u00e1 pensando em <strong>renovar <\/strong>ou<strong> decorar os ambientes<\/strong> da sua casa ou <a href=\"https:\/\/www.tenda.com\/apartamentos-a-venda\"><strong><u>apartamento<\/u><\/strong><\/a>, e n\u00e3o sabe quais cores utilizar, confira tudo sobre a <strong>influ\u00eancia das cores <\/strong>na decora\u00e7\u00e3o da sua casa.<\/p>\n<h2><span class=\"ez-toc-section\" id=\"O_que_e_psicologia_das_cores\"><\/span>O que \u00e9 psicologia das cores?<span class=\"ez-toc-section-end\"><\/span><\/h2>\n<p>Antes de mais nada, a psicologia das cores \u00e9 o estudo que analisa a <strong>influ\u00eancia das cores<\/strong> nas sensa\u00e7\u00f5es e comportamento humano. As primeiras teses sobre as cores iniciaram-se nos s\u00e9culos XVII e XVIII, com <strong>Isaac Newton<\/strong>, atrav\u00e9s da cria\u00e7\u00e3o de uma <strong>teoria para as cores<\/strong>.<\/p>\n<p><strong><em><iframe loading=\"lazy\" src=\"https:\/\/giphy.com\/embed\/tyttpHfLjhZUEDtbuc8\" width=\"480\" height=\"270\" frameborder=\"0\"><\/iframe><\/em><\/strong><\/p>\n<p>Em seguida, os estudos sobre a teoria das cores foram aprimorados atrav\u00e9s do artista alem\u00e3o <strong>Johann Wolfgang von Goethe,<\/strong>\u00a0que passou a explorar o<strong> impacto psicol\u00f3gico das cores<\/strong> no humor e nas emo\u00e7\u00f5es. Segundo Goethe, as <strong>cores<\/strong> n\u00e3o dependem <strong>somente da luz,<\/strong> mas sim da nossa <strong>percep\u00e7\u00e3o<\/strong> com rela\u00e7\u00e3o aos objetos e ambientes.<\/p>\n<p>Da mesma forma, a <strong>psicologia das cores<\/strong> analisa como nosso <strong>c\u00e9rebro<\/strong> associa as <strong>cores \u00e0s situa\u00e7\u00f5es.<\/strong> Ou seja, a pesquisa \u00e9 baseada nos diferentes <strong>sentimentos <\/strong>que s\u00e3o gerados ao enxergamos determinadas<strong> tonalidades de cores<\/strong> em rela\u00e7\u00e3o \u00e0s <strong>circunst\u00e2ncias<\/strong>. Outro ponto importante \u00e9 que essas sensa\u00e7\u00f5es podem variar de acordo com a idade, fatores culturais, localidade, entre outros fatores.<\/p>\n<p><strong><em><iframe loading=\"lazy\" src=\"https:\/\/giphy.com\/embed\/G0vaYbZDJV0cM\" width=\"480\" height=\"480\" frameborder=\"0\"><\/iframe><\/em><\/strong><\/p>\n<p>Sendo assim, quando voc\u00ea entra num <strong>ambiente<\/strong> e percebe algumas <strong>sensa\u00e7\u00f5es<\/strong>, saiba que s\u00e3o as cores utilizadas no espa\u00e7o que est\u00e3o provocando essa experi\u00eancia. Ent\u00e3o, confira <strong>quais s\u00e3o as melhores cores<\/strong> para utilizar em cada <strong>c\u00f4modo<\/strong> da sua casa e proporcionar <strong>bem-estar<\/strong> de acordo com a psicologia das cores.<\/p>\n<h2><span class=\"ez-toc-section\" id=\"O_efeito_da_psicologia_das_cores_na_decoracao\"><\/span>O efeito da psicologia das cores na decora\u00e7\u00e3o<span class=\"ez-toc-section-end\"><\/span><\/h2>\n<p>Acima de tudo, as <strong>cores<\/strong> s\u00e3o um ponto importante para a arquitetura e decora\u00e7\u00e3o de interiores. Em outro sentido, mais do que um <strong>fator est\u00e9tico<\/strong>, as cores possuem um grande <strong>poder de influenciar<\/strong> as <strong>emo\u00e7\u00f5es<\/strong> e <strong>percep\u00e7\u00f5es<\/strong> na cria\u00e7\u00e3o dos ambientes. Sendo assim, saber <strong>qual clima<\/strong> voc\u00ea quer proporcionar para <strong>cada espa\u00e7o<\/strong> da sua casa \u00e9 de suma import\u00e2ncia.<\/p>\n<p><img loading=\"lazy\" decoding=\"async\" class=\"alignleft wp-image-8696 size-full\" src=\"https:\/\/www.tenda.com\/blog\/wp-content\/uploads\/2021\/10\/efeito-das-cores-ambiente.jpg\" alt=\"O efeito das cores na decora\u00e7\u00e3o | Blog da Tenda\" width=\"800\" height=\"533\" srcset=\"https:\/\/www.tenda.com\/blog\/wp-content\/uploads\/2021\/10\/efeito-das-cores-ambiente.jpg 800w, https:\/\/www.tenda.com\/blog\/wp-content\/uploads\/2021\/10\/efeito-das-cores-ambiente-300x200.jpg 300w, https:\/\/www.tenda.com\/blog\/wp-content\/uploads\/2021\/10\/efeito-das-cores-ambiente-768x512.jpg 768w, https:\/\/www.tenda.com\/blog\/wp-content\/uploads\/2021\/10\/efeito-das-cores-ambiente-150x100.jpg 150w\" sizes=\"(max-width: 800px) 100vw, 800px\" \/><\/p>\n<p>De igual modo, as <strong>cores utilizadas<\/strong> em determinados espa\u00e7os agem como <strong>ativadores de sentidos<\/strong>. Por exemplo, se voc\u00ea quer estimular a <strong>divers\u00e3o<\/strong>, aumentar sua <strong>criatividade<\/strong>, potencializar a <strong>produtividade<\/strong>, ou trazer mais <strong>conforto<\/strong> e <strong>aconchego<\/strong>, as cores s\u00e3o fatores determinantes para chegar ao resultado. Para saber como escolher as cores ideais para cada ambiente, confira as <strong>melhores paleta de cores<\/strong> para cada <strong>c\u00f4modo<\/strong> da sua casa.<\/p>\n<h3><span class=\"ez-toc-section\" id=\"Cores_para_cozinha\"><\/span>Cores para cozinha<span class=\"ez-toc-section-end\"><\/span><\/h3>\n<p>Para come\u00e7o de conversa, a <strong>cozinha<\/strong> \u00e9 o cora\u00e7\u00e3o de qualquer lar, independentemente do tamanho. \u00c9 o espa\u00e7o onde acontece a movimenta\u00e7\u00e3o, a comunh\u00e3o entre os moradores da casa.<\/p>\n<div id=\"attachment_8697\" style=\"width: 810px\" class=\"wp-caption alignleft\"><img loading=\"lazy\" decoding=\"async\" aria-describedby=\"caption-attachment-8697\" class=\"wp-image-8697 size-full\" src=\"https:\/\/www.tenda.com\/blog\/wp-content\/uploads\/2021\/10\/cozinha-amarela.jpg\" alt=\"Cozinha com a cor amarela s\u00e3o vibrantes | Blog da Tenda\" width=\"800\" height=\"561\" srcset=\"https:\/\/www.tenda.com\/blog\/wp-content\/uploads\/2021\/10\/cozinha-amarela.jpg 800w, https:\/\/www.tenda.com\/blog\/wp-content\/uploads\/2021\/10\/cozinha-amarela-300x210.jpg 300w, https:\/\/www.tenda.com\/blog\/wp-content\/uploads\/2021\/10\/cozinha-amarela-768x539.jpg 768w, https:\/\/www.tenda.com\/blog\/wp-content\/uploads\/2021\/10\/cozinha-amarela-150x105.jpg 150w\" sizes=\"(max-width: 800px) 100vw, 800px\" \/><p id=\"caption-attachment-8697\" class=\"wp-caption-text\">O tom de cor amarelo desperta sensa\u00e7\u00f5es estimulantes e otimistas.<\/p><\/div>\n<p>Sobretudo, n\u00e3o existe uma regra definida, e como a cozinha \u00e9 um ambiente que tem muito movimento, \u00e9 um lugar que acolhe bem <strong>cores vibrantes<\/strong>.<\/p>\n<p>Em outras palavras, <strong>cores<\/strong> que carregam <strong>muita energia<\/strong> como o <strong>amarelo<\/strong>, despertam sensa\u00e7\u00f5es estimulantes e otimistas\u00a0 e \u00e9 uma \u00f3tima op\u00e7\u00e3o para a cozinha. Al\u00e9m disso, o <strong>vermelho<\/strong> tamb\u00e9m \u00e9 interessante para colocar em pontos focais do c\u00f4modo, como em eletrodom\u00e9sticos, alguns m\u00f3veis, entre outras op\u00e7\u00f5es. O vermelho estimula a confian\u00e7a, paix\u00e3o, entusiasmos e impulso.<\/p>\n<div id=\"attachment_8698\" style=\"width: 810px\" class=\"wp-caption alignleft\"><img loading=\"lazy\" decoding=\"async\" aria-describedby=\"caption-attachment-8698\" class=\"wp-image-8698 size-full\" src=\"https:\/\/www.tenda.com\/blog\/wp-content\/uploads\/2021\/10\/cozinha-branca.jpg\" alt=\"Cozinhas brancas inspiram leveza e limpeza | Blog da Tenda\" width=\"800\" height=\"533\" srcset=\"https:\/\/www.tenda.com\/blog\/wp-content\/uploads\/2021\/10\/cozinha-branca.jpg 800w, https:\/\/www.tenda.com\/blog\/wp-content\/uploads\/2021\/10\/cozinha-branca-300x200.jpg 300w, https:\/\/www.tenda.com\/blog\/wp-content\/uploads\/2021\/10\/cozinha-branca-768x512.jpg 768w, https:\/\/www.tenda.com\/blog\/wp-content\/uploads\/2021\/10\/cozinha-branca-150x100.jpg 150w\" sizes=\"(max-width: 800px) 100vw, 800px\" \/><p id=\"caption-attachment-8698\" class=\"wp-caption-text\">Ambientes brancos s\u00e3o vers\u00e1teis e transmitem leveza.<\/p><\/div>\n<p>E para concluir, se voc\u00ea quer gerar uma <strong>sensa\u00e7\u00e3o leveza, limpeza<\/strong> e <strong>luminosidade<\/strong> em sua cozinha a cor indicada \u00e9 o <strong>branco<\/strong>. Al\u00e9m de ser a <strong>cor coringa<\/strong> para qualquer espa\u00e7o, o branco ajuda d\u00e1 um toque de amplitude ao ambiente.<\/p>\n<h3><span class=\"ez-toc-section\" id=\"Melhores_cores_para_o_quarto\"><\/span>Melhores cores para o quarto<span class=\"ez-toc-section-end\"><\/span><\/h3>\n<p>Primeiramente, o <strong>quarto<\/strong> \u00e9 o santu\u00e1rio de <strong>descanso.<\/strong> Nesse sentido, as principais sensa\u00e7\u00f5es que \u00e9 preciso estimular \u00e9 a <strong>tranquilidade<\/strong> e o <strong>bem-estar<\/strong>. Para isso, uma das cores indicadas para esta miss\u00e3o \u00e9 o <strong>azul<\/strong>.<\/p>\n<div id=\"attachment_8706\" style=\"width: 810px\" class=\"wp-caption alignleft\"><img loading=\"lazy\" decoding=\"async\" aria-describedby=\"caption-attachment-8706\" class=\"wp-image-8706 size-full\" src=\"https:\/\/www.tenda.com\/blog\/wp-content\/uploads\/2021\/10\/quarto-azul-claro-1.jpg\" alt=\"Quarto azul claro transmite bem-estar e tranquilidade | Blog da Tenda\" width=\"800\" height=\"533\" srcset=\"https:\/\/www.tenda.com\/blog\/wp-content\/uploads\/2021\/10\/quarto-azul-claro-1.jpg 800w, https:\/\/www.tenda.com\/blog\/wp-content\/uploads\/2021\/10\/quarto-azul-claro-1-300x200.jpg 300w, https:\/\/www.tenda.com\/blog\/wp-content\/uploads\/2021\/10\/quarto-azul-claro-1-768x512.jpg 768w, https:\/\/www.tenda.com\/blog\/wp-content\/uploads\/2021\/10\/quarto-azul-claro-1-150x100.jpg 150w\" sizes=\"(max-width: 800px) 100vw, 800px\" \/><p id=\"caption-attachment-8706\" class=\"wp-caption-text\">Para estimular mais tranquilidade no quarto, utilize cores mais frias como azul claro.<\/p><\/div>\n<p>Al\u00e9m do mais, o <strong>azul<\/strong> \u00e9 considerado uma <strong>cor terap\u00eautica<\/strong>, pois causa um clima de <strong>equil\u00edbrio<\/strong>, seguran\u00e7a e confian\u00e7a. Ademais, \u00e9 um tom que tem o poder de acalmar e trazer uma <strong>sensa\u00e7\u00e3o de relaxamento<\/strong>.<\/p>\n<p>Entretanto, caso voc\u00ea queira criar um ambiente com tom de sobriedade e amplitude, o <strong>azul-escuro<\/strong> \u00e9 a op\u00e7\u00e3o certeira.<\/p>\n<div id=\"attachment_8701\" style=\"width: 810px\" class=\"wp-caption alignleft\"><img loading=\"lazy\" decoding=\"async\" aria-describedby=\"caption-attachment-8701\" class=\"wp-image-8701 size-full\" src=\"https:\/\/www.tenda.com\/blog\/wp-content\/uploads\/2021\/10\/quarto-azul-escuro-1.jpg\" alt=\"Quarto azul-escuro \u00e9 s\u00f3brio e elegante | Blog da Tenda\" width=\"800\" height=\"533\" srcset=\"https:\/\/www.tenda.com\/blog\/wp-content\/uploads\/2021\/10\/quarto-azul-escuro-1.jpg 800w, https:\/\/www.tenda.com\/blog\/wp-content\/uploads\/2021\/10\/quarto-azul-escuro-1-300x200.jpg 300w, https:\/\/www.tenda.com\/blog\/wp-content\/uploads\/2021\/10\/quarto-azul-escuro-1-768x512.jpg 768w, https:\/\/www.tenda.com\/blog\/wp-content\/uploads\/2021\/10\/quarto-azul-escuro-1-150x100.jpg 150w\" sizes=\"(max-width: 800px) 100vw, 800px\" \/><p id=\"caption-attachment-8701\" class=\"wp-caption-text\">Para criar um ambiente confiante e s\u00f3brio, o azul-escuro \u00e9 a escolha ideal.<\/p><\/div>\n<p>Bem como o azul, o <strong>verde<\/strong> tamb\u00e9m \u00e9 uma cor que proporciona uma sensa\u00e7\u00e3o de <strong>renova\u00e7\u00e3o<\/strong>, <strong>calma<\/strong> e <strong>esperan\u00e7a<\/strong>. Al\u00e9m disso, a tonalidade ajuda a <strong>aliviar o estresse<\/strong>, remete a <strong>positividade<\/strong> e estimula a criatividade.<\/p>\n<p>Sob o mesmo ponto de vista, as cores indicadas para <strong>quartos infantis<\/strong> s\u00e3o os <strong>tons past\u00e9is<\/strong> ou <strong>candy colors<\/strong>. Exemplos dessa paleta de cores s\u00e3o: <strong>azul clarinho<\/strong>, amarelo claro, verde, rosa, areia, palha, branco, entre outras. Todas essas tonalidades transmitem <strong>calma, harmonia, seguran\u00e7a<\/strong> e <strong>serenidade<\/strong>, sensa\u00e7\u00f5es ideais para os pequenos.<\/p>\n<div id=\"attachment_8191\" style=\"width: 810px\" class=\"wp-caption alignleft\"><img loading=\"lazy\" decoding=\"async\" aria-describedby=\"caption-attachment-8191\" class=\"wp-image-8191 size-full\" src=\"https:\/\/www.tenda.com\/blog\/wp-content\/uploads\/2021\/09\/quarto-infantil-romantico.jpg\" alt=\"Quarto Infantil Estilo Rom\u00e2ntico | Blog da Tenda\" width=\"800\" height=\"533\" srcset=\"https:\/\/www.tenda.com\/blog\/wp-content\/uploads\/2021\/09\/quarto-infantil-romantico.jpg 800w, https:\/\/www.tenda.com\/blog\/wp-content\/uploads\/2021\/09\/quarto-infantil-romantico-300x200.jpg 300w, https:\/\/www.tenda.com\/blog\/wp-content\/uploads\/2021\/09\/quarto-infantil-romantico-768x512.jpg 768w, https:\/\/www.tenda.com\/blog\/wp-content\/uploads\/2021\/09\/quarto-infantil-romantico-150x100.jpg 150w\" sizes=\"(max-width: 800px) 100vw, 800px\" \/><p id=\"caption-attachment-8191\" class=\"wp-caption-text\">Tons past\u00e9is para quarto infantil proporciona aconchego e tranquilidade para as crian\u00e7as.<\/p><\/div>\n<h3><span class=\"ez-toc-section\" id=\"Cores_para_a_sala_de_estar\"><\/span>Cores para a sala de estar<span class=\"ez-toc-section-end\"><\/span><\/h3>\n<p>Normalmente, a <strong>sala de estar<\/strong> \u00e9 o ambiente para <strong>divers\u00e3o<\/strong> e <strong>bem-estar<\/strong>. Al\u00e9m disso, \u00e9 o local perfeito para imprimir a <strong>personalidade<\/strong> dos propriet\u00e1rios da casa.<\/p>\n<div id=\"attachment_8709\" style=\"width: 810px\" class=\"wp-caption alignleft\"><img loading=\"lazy\" decoding=\"async\" aria-describedby=\"caption-attachment-8709\" class=\"wp-image-8709 size-full\" src=\"https:\/\/www.tenda.com\/blog\/wp-content\/uploads\/2021\/10\/sala-estar-branca.jpg\" alt=\"Sala de estar brancas s\u00e3o vers\u00e1teis e aconchegantes | Blog da Tenda\" width=\"800\" height=\"450\" srcset=\"https:\/\/www.tenda.com\/blog\/wp-content\/uploads\/2021\/10\/sala-estar-branca.jpg 800w, https:\/\/www.tenda.com\/blog\/wp-content\/uploads\/2021\/10\/sala-estar-branca-300x169.jpg 300w, https:\/\/www.tenda.com\/blog\/wp-content\/uploads\/2021\/10\/sala-estar-branca-768x432.jpg 768w, https:\/\/www.tenda.com\/blog\/wp-content\/uploads\/2021\/10\/sala-estar-branca-150x84.jpg 150w\" sizes=\"(max-width: 800px) 100vw, 800px\" \/><p id=\"caption-attachment-8709\" class=\"wp-caption-text\">Sala de estar branca transmite leveza e aconchego.<\/p><\/div>\n<p>Acima de tudo, o importante \u00e9 definir qual a <strong>proposta<\/strong> que voc\u00ea deseja para este ambiente. Se voc\u00ea quer criar um espa\u00e7o que transmite <strong>confian\u00e7a<\/strong>, o <strong>azul-escuro<\/strong> \u00e9 a sua escolha.<\/p>\n<p>Sobretudo, se voc\u00ea quer um ambiente com mais <strong>positividade<\/strong>, esperan\u00e7a e frescor, o <strong>verde<\/strong> vai garantir uma sala de estar mais tranquila e convidativa. Agora, se sua escolha \u00e9 ter uma sala de estar mais <strong>aconchegante<\/strong>, a cor <strong>areia<\/strong> e tonalidades pr\u00f3xima dos <strong>tons terrosos<\/strong> s\u00e3o os mais indicados.<\/p>\n<div id=\"attachment_8711\" style=\"width: 810px\" class=\"wp-caption alignleft\"><img loading=\"lazy\" decoding=\"async\" aria-describedby=\"caption-attachment-8711\" class=\"wp-image-8711 size-full\" src=\"https:\/\/www.tenda.com\/blog\/wp-content\/uploads\/2021\/10\/sala-estar-verde-hortela.jpg\" alt=\"Sala de estar verde-hortel\u00e3 cria um ambiente aconchegante | Blog da Tenda\" width=\"800\" height=\"539\" srcset=\"https:\/\/www.tenda.com\/blog\/wp-content\/uploads\/2021\/10\/sala-estar-verde-hortela.jpg 800w, https:\/\/www.tenda.com\/blog\/wp-content\/uploads\/2021\/10\/sala-estar-verde-hortela-300x202.jpg 300w, https:\/\/www.tenda.com\/blog\/wp-content\/uploads\/2021\/10\/sala-estar-verde-hortela-768x517.jpg 768w, https:\/\/www.tenda.com\/blog\/wp-content\/uploads\/2021\/10\/sala-estar-verde-hortela-150x101.jpg 150w\" sizes=\"(max-width: 800px) 100vw, 800px\" \/><p id=\"caption-attachment-8711\" class=\"wp-caption-text\">Crie um ambiente aconchegante e com frescor natural com verde claro na decora\u00e7\u00e3o.<\/p><\/div>\n<p>&nbsp;<\/p>\n<h3><span class=\"ez-toc-section\" id=\"Paletas_de_cores_para_sala_de_jantar\"><\/span>Paletas de cores para sala de jantar<span class=\"ez-toc-section-end\"><\/span><\/h3>\n<p>Para criar uma <strong>sala de jantar acolhedora<\/strong>, vers\u00e1til e com uma energia especial, o <strong>rosa<\/strong> \u00e9 a cor ideal. O tom promove sentimentos de <strong>gentiliza<\/strong> e <strong>amor<\/strong>, emo\u00e7\u00f5es perfeitas para se ter quando est\u00e1 \u00e0 mesa com sua fam\u00edlia.<\/p>\n<p>Entretanto, se voc\u00ea opta em criar um ambiente mais <strong>cl\u00e1ssico, calmo<\/strong> e <strong>elegante<\/strong>, o <strong>bege<\/strong> \u00e9 uma cor neutra e vers\u00e1til que atende a proposta.<\/p>\n<div id=\"attachment_8713\" style=\"width: 810px\" class=\"wp-caption alignnone\"><img loading=\"lazy\" decoding=\"async\" aria-describedby=\"caption-attachment-8713\" class=\"wp-image-8713 size-full\" src=\"https:\/\/www.tenda.com\/blog\/wp-content\/uploads\/2021\/10\/sala-de-jantar-palha.jpg\" alt=\"Sala de jantar nas cores bege ou palha estimulam leveza e acolhimento | Blog da Tenda\" width=\"800\" height=\"600\" srcset=\"https:\/\/www.tenda.com\/blog\/wp-content\/uploads\/2021\/10\/sala-de-jantar-palha.jpg 800w, https:\/\/www.tenda.com\/blog\/wp-content\/uploads\/2021\/10\/sala-de-jantar-palha-300x225.jpg 300w, https:\/\/www.tenda.com\/blog\/wp-content\/uploads\/2021\/10\/sala-de-jantar-palha-768x576.jpg 768w, https:\/\/www.tenda.com\/blog\/wp-content\/uploads\/2021\/10\/sala-de-jantar-palha-150x113.jpg 150w\" sizes=\"(max-width: 800px) 100vw, 800px\" \/><p id=\"caption-attachment-8713\" class=\"wp-caption-text\">Tons como bege ou palha estimulam tranquilidade e acolhimento no ambiente.<\/p><\/div>\n<p>Todavia, para se ter uma <strong>sala de jantar luxuosa<\/strong> e sofisticada, o <strong>roxo<\/strong> \u00e9 uma cor ousada que est\u00e1 associada a <strong>riqueza<\/strong> nas emo\u00e7\u00f5es, a <strong>fantasia<\/strong> e a <strong>nobreza<\/strong>. Escolha aplicar este tipo de tonalidade em pontos focais como nos estofados das cadeiras e pe\u00e7as decorativas.<\/p>\n<div id=\"attachment_8714\" style=\"width: 810px\" class=\"wp-caption alignleft\"><img loading=\"lazy\" decoding=\"async\" aria-describedby=\"caption-attachment-8714\" class=\"wp-image-8714 size-full\" src=\"https:\/\/www.tenda.com\/blog\/wp-content\/uploads\/2021\/10\/sala-de-jantar-roxa.jpg\" alt=\"Sala de jantar com a cor roxa s\u00e3o luxuosas | Blog da Tenda\" width=\"800\" height=\"600\" srcset=\"https:\/\/www.tenda.com\/blog\/wp-content\/uploads\/2021\/10\/sala-de-jantar-roxa.jpg 800w, https:\/\/www.tenda.com\/blog\/wp-content\/uploads\/2021\/10\/sala-de-jantar-roxa-300x225.jpg 300w, https:\/\/www.tenda.com\/blog\/wp-content\/uploads\/2021\/10\/sala-de-jantar-roxa-768x576.jpg 768w, https:\/\/www.tenda.com\/blog\/wp-content\/uploads\/2021\/10\/sala-de-jantar-roxa-150x113.jpg 150w\" sizes=\"(max-width: 800px) 100vw, 800px\" \/><p id=\"caption-attachment-8714\" class=\"wp-caption-text\">Para criar um ambiente luxuoso e elegante, utilize a cor roxa na decora\u00e7\u00e3o.<\/p><\/div>\n<h3><span class=\"ez-toc-section\" id=\"Cores_para_Home_Office_ou_escritorio\"><\/span>Cores para Home Office ou escrit\u00f3rio<span class=\"ez-toc-section-end\"><\/span><\/h3>\n<p>O <strong>home office<\/strong> \u00e9 o espa\u00e7o que teve uma aten\u00e7\u00e3o especial nos \u00faltimos anos. Al\u00e9m disso, \u00e9 o ambiente que \u00e9 preciso ter <strong>concentra\u00e7\u00e3o<\/strong>, <strong>produtividade<\/strong> e a <strong>criatividade. <\/strong>Assim, as cores mais indicadas s\u00e3o <strong>cinza, branco<\/strong> e <strong>laranja<\/strong>.<\/p>\n<div id=\"attachment_8716\" style=\"width: 810px\" class=\"wp-caption alignleft\"><img loading=\"lazy\" decoding=\"async\" aria-describedby=\"caption-attachment-8716\" class=\"wp-image-8716 size-full\" src=\"https:\/\/www.tenda.com\/blog\/wp-content\/uploads\/2021\/10\/home-office-laranja.jpg\" alt=\"Home-office laranja estimula a criatividade | Blog da Tenda\" width=\"800\" height=\"533\" srcset=\"https:\/\/www.tenda.com\/blog\/wp-content\/uploads\/2021\/10\/home-office-laranja.jpg 800w, https:\/\/www.tenda.com\/blog\/wp-content\/uploads\/2021\/10\/home-office-laranja-300x200.jpg 300w, https:\/\/www.tenda.com\/blog\/wp-content\/uploads\/2021\/10\/home-office-laranja-768x512.jpg 768w, https:\/\/www.tenda.com\/blog\/wp-content\/uploads\/2021\/10\/home-office-laranja-150x100.jpg 150w\" sizes=\"(max-width: 800px) 100vw, 800px\" \/><p id=\"caption-attachment-8716\" class=\"wp-caption-text\">Utilize cores quentes como o laranja para criar um ambiente que estimule a criatividade.<\/p><\/div>\n<p>Se voc\u00ea deseja que seu <strong>escrit\u00f3rio em casa<\/strong>, independentemente do tamanho, estimule sua <strong>criatividade<\/strong> e que seja um local que traz muita energia, o <strong>laranja<\/strong> \u00e9 a escolha ideal. Ambientes alaranjados tendem a ser <strong>acolhedores<\/strong> e que proporcionam um <strong>est\u00edmulo especial a criatividade<\/strong>.<\/p>\n<div id=\"attachment_8715\" style=\"width: 810px\" class=\"wp-caption alignleft\"><img loading=\"lazy\" decoding=\"async\" aria-describedby=\"caption-attachment-8715\" class=\"wp-image-8715 size-full\" src=\"https:\/\/www.tenda.com\/blog\/wp-content\/uploads\/2021\/10\/home-office-cinza.jpg\" alt=\"Home office na cor cinza \u00e9 perfeito para concentra\u00e7\u00e3o | Blog da Tenda\" width=\"800\" height=\"522\" srcset=\"https:\/\/www.tenda.com\/blog\/wp-content\/uploads\/2021\/10\/home-office-cinza.jpg 800w, https:\/\/www.tenda.com\/blog\/wp-content\/uploads\/2021\/10\/home-office-cinza-300x196.jpg 300w, https:\/\/www.tenda.com\/blog\/wp-content\/uploads\/2021\/10\/home-office-cinza-768x501.jpg 768w, https:\/\/www.tenda.com\/blog\/wp-content\/uploads\/2021\/10\/home-office-cinza-150x98.jpg 150w\" sizes=\"(max-width: 800px) 100vw, 800px\" \/><p id=\"caption-attachment-8715\" class=\"wp-caption-text\">Para ter um home-office moderno e que estimule sua concentra\u00e7\u00e3o, escolha a cor cinza.<\/p><\/div>\n<p>Entretanto, para ter um home office mais <strong>elegante e moderno<\/strong>, um ambiente que estimule sua <strong>concentra\u00e7\u00e3o<\/strong> e <strong>produtividade<\/strong>, o <strong>cinza \u00e9 a cor ideal. <\/strong>Al\u00e9m disso, por ser <strong>uma cor vers\u00e1til, <\/strong>o cinza gera percep\u00e7\u00f5es de <strong>seguran\u00e7a, intelig\u00eancia<\/strong> e solidez, despertando a <strong>calma<\/strong> e a <strong>aten\u00e7\u00e3o<\/strong>.<\/p>\n<h3><span class=\"ez-toc-section\" id=\"Cores_para_banheiro\"><\/span>Cores para banheiro<span class=\"ez-toc-section-end\"><\/span><\/h3>\n<p>Por outro lado, um ambiente que nem todo mundo pensa na decora\u00e7\u00e3o \u00e9 o <strong>banheiro<\/strong>. Da mesma forma que nos demais c\u00f4modos da sua casa, \u00e9 preciso definir qual <a href=\"https:\/\/www.tenda.com\/blog\/casa-e-decoracao\/estilos-de-decoracao-como-escolher-o-melhor-para-o-meu-ape\/\"><strong>estilo de decora\u00e7\u00e3o<\/strong><\/a> vai ser utilizado para este espa\u00e7o.<\/p>\n<div id=\"attachment_8717\" style=\"width: 810px\" class=\"wp-caption alignleft\"><img loading=\"lazy\" decoding=\"async\" aria-describedby=\"caption-attachment-8717\" class=\"wp-image-8717 size-full\" src=\"https:\/\/www.tenda.com\/blog\/wp-content\/uploads\/2021\/10\/banheiro-preto-branco.jpg.png\" alt=\"Banheiro preto e branco \u00e9 a combina\u00e7\u00e3o cl\u00e1ssica | Blog da Tenda\" width=\"800\" height=\"533\" srcset=\"https:\/\/www.tenda.com\/blog\/wp-content\/uploads\/2021\/10\/banheiro-preto-branco.jpg.png 800w, https:\/\/www.tenda.com\/blog\/wp-content\/uploads\/2021\/10\/banheiro-preto-branco.jpg-300x200.png 300w, https:\/\/www.tenda.com\/blog\/wp-content\/uploads\/2021\/10\/banheiro-preto-branco.jpg-768x512.png 768w, https:\/\/www.tenda.com\/blog\/wp-content\/uploads\/2021\/10\/banheiro-preto-branco.jpg-150x100.png 150w\" sizes=\"(max-width: 800px) 100vw, 800px\" \/><p id=\"caption-attachment-8717\" class=\"wp-caption-text\">A combina\u00e7\u00e3o cl\u00e1ssica de cores, preto e branco, confere um ambiente vers\u00e1til e moderno.<\/p><\/div>\n<p>Nesse sentido, se voc\u00ea prefere ter um <strong>banheiro mais discreto e elegante<\/strong>, aposte nas <strong>cores cinza, branco com dourado, preto e branco, azul-escuro com branco, verde e rosa claro<\/strong>, enfim uma paleta de <strong>cores neutras<\/strong>. Normalmente, s\u00e3o essas cores que remetem a <strong>tranquilidade<\/strong>, <strong>modernidade<\/strong>, <strong>amplitude<\/strong> e <strong>eleg\u00e2ncia<\/strong>.<\/p>\n<div id=\"attachment_8718\" style=\"width: 810px\" class=\"wp-caption alignleft\"><img loading=\"lazy\" decoding=\"async\" aria-describedby=\"caption-attachment-8718\" class=\"wp-image-8718 size-full\" src=\"https:\/\/www.tenda.com\/blog\/wp-content\/uploads\/2021\/10\/banheiro-amarelo-branco.jpg\" alt=\"Banheiros amarelos s\u00e3o vibrantes | Blog da Tenda\" width=\"800\" height=\"800\" srcset=\"https:\/\/www.tenda.com\/blog\/wp-content\/uploads\/2021\/10\/banheiro-amarelo-branco.jpg 800w, https:\/\/www.tenda.com\/blog\/wp-content\/uploads\/2021\/10\/banheiro-amarelo-branco-300x300.jpg 300w, https:\/\/www.tenda.com\/blog\/wp-content\/uploads\/2021\/10\/banheiro-amarelo-branco-150x150.jpg 150w, https:\/\/www.tenda.com\/blog\/wp-content\/uploads\/2021\/10\/banheiro-amarelo-branco-768x768.jpg 768w, https:\/\/www.tenda.com\/blog\/wp-content\/uploads\/2021\/10\/banheiro-amarelo-branco-380x380.jpg 380w, https:\/\/www.tenda.com\/blog\/wp-content\/uploads\/2021\/10\/banheiro-amarelo-branco-96x96.jpg 96w\" sizes=\"(max-width: 800px) 100vw, 800px\" \/><p id=\"caption-attachment-8718\" class=\"wp-caption-text\">Para ter um ambiente vibrante e com personalidade, o amarelo \u00e9 a op\u00e7\u00e3o certeira.<\/p><\/div>\n<p>Sobretudo, se a sua escolha \u00e9 ter um <strong>ambiente mais ousado<\/strong> e cheio de personalidade, que <strong>provoque alegria<\/strong>, a sugest\u00e3o \u00e9 utilizar <strong>cores vivas<\/strong> e quentes. Geralmente, os tons como o <strong>laranja<\/strong>, <strong>rosa-escuro<\/strong>, <strong>amarelo<\/strong> e <strong>vermelho<\/strong>, s\u00e3o os que levantam o \u00e2nimo.<\/p>\n<h3><span class=\"ez-toc-section\" id=\"Melhores_cores_para_area_externa\"><\/span>Melhores cores para \u00e1rea externa<span class=\"ez-toc-section-end\"><\/span><\/h3>\n<p>A <strong>decora\u00e7\u00e3o da \u00e1rea externa<\/strong> de uma resid\u00eancia deve ser pensada da melhor maneira, principalmente devido \u00e0s <strong>a\u00e7\u00f5es clim\u00e1ticas,<\/strong> como chuva, sol, etc.<\/p>\n<p>Contudo, as <strong>cores mais utilizadas para a \u00e1rea externa<\/strong> s\u00e3o <strong>neutras<\/strong> como <strong>branco<\/strong>, <strong>bege<\/strong>, <strong>cinza<\/strong>, <strong>marrom<\/strong> e <strong>Off White<\/strong> (deriva\u00e7\u00e3o do branco). Normalmente, s\u00e3o cores vers\u00e1teis e que causam uma sensa\u00e7\u00e3o de leveza, amplitude e eleg\u00e2ncia.<\/p>\n<div id=\"attachment_8719\" style=\"width: 810px\" class=\"wp-caption alignleft\"><img loading=\"lazy\" decoding=\"async\" aria-describedby=\"caption-attachment-8719\" class=\"wp-image-8719 size-full\" src=\"https:\/\/www.tenda.com\/blog\/wp-content\/uploads\/2021\/10\/area-externa-casa.jpg\" alt=\"\u00c1reas externas na cor bege cria uma sensa\u00e7\u00e3o de aconchego | Blog da Tenda\" width=\"800\" height=\"533\" srcset=\"https:\/\/www.tenda.com\/blog\/wp-content\/uploads\/2021\/10\/area-externa-casa.jpg 800w, https:\/\/www.tenda.com\/blog\/wp-content\/uploads\/2021\/10\/area-externa-casa-300x200.jpg 300w, https:\/\/www.tenda.com\/blog\/wp-content\/uploads\/2021\/10\/area-externa-casa-768x512.jpg 768w, https:\/\/www.tenda.com\/blog\/wp-content\/uploads\/2021\/10\/area-externa-casa-150x100.jpg 150w\" sizes=\"(max-width: 800px) 100vw, 800px\" \/><p id=\"caption-attachment-8719\" class=\"wp-caption-text\">O tom bege \u00e9 muito utilizado nas \u00e1reas externas e faixadas de casas.<\/p><\/div>\n<p>Por\u00e9m, se a escolha \u00e9 criar um ambiente <strong>ousado<\/strong> e <strong>moderno<\/strong>, a aposta ser\u00e1 em uma paleta de cores mais vibrantes como <strong>amarelo, azul turquesa, azul-escuro, verde oliva, tons terrosos, preto<\/strong>, entre outros.<\/p>\n<h2><span class=\"ez-toc-section\" id=\"Como_escolher_as_melhores_cores_para_decoracao\"><\/span>Como escolher as melhores cores para decora\u00e7\u00e3o<span class=\"ez-toc-section-end\"><\/span><\/h2>\n<p>Acima de tudo, ao escolher as <strong>cores<\/strong> que v\u00e3o compor os ambientes de uma resid\u00eancia, \u00e9 importante decidir quais <strong>emo\u00e7\u00f5es<\/strong> e <strong>sensa\u00e7\u00f5es<\/strong> os moradores e visitas v\u00e3o sentir ao entrar naquela <strong>casa<\/strong> ou <strong>apartamento<\/strong>.<\/p>\n<p>Ali\u00e1s, \u00e9 poss\u00edvel utilizar diversas cores em <a href=\"https:\/\/www.tenda.com\/blog\/casa-e-decoracao\/18-dicas-incriveis-de-decoracao-de-apartamentos-pequenos\/\"><strong>elementos decorativos<\/strong><\/a> , que v\u00e3o complementar o estilo do ambiente e atingir o objetivo de <strong>provocar sensa\u00e7\u00f5es diferentes<\/strong>.<\/p>\n<p><img loading=\"lazy\" decoding=\"async\" class=\"alignleft wp-image-8720 size-full\" src=\"https:\/\/www.tenda.com\/blog\/wp-content\/uploads\/2021\/10\/sala-jantar-estar-branco.jpg\" alt=\"A psicologia das cores vai te ajudar a compor a decora\u00e7\u00e3o da sua casa | Blog da Tenda\" width=\"800\" height=\"533\" srcset=\"https:\/\/www.tenda.com\/blog\/wp-content\/uploads\/2021\/10\/sala-jantar-estar-branco.jpg 800w, https:\/\/www.tenda.com\/blog\/wp-content\/uploads\/2021\/10\/sala-jantar-estar-branco-300x200.jpg 300w, https:\/\/www.tenda.com\/blog\/wp-content\/uploads\/2021\/10\/sala-jantar-estar-branco-768x512.jpg 768w, https:\/\/www.tenda.com\/blog\/wp-content\/uploads\/2021\/10\/sala-jantar-estar-branco-150x100.jpg 150w\" sizes=\"(max-width: 800px) 100vw, 800px\" \/><\/p>\n<p>Al\u00e9m disso, vale ressaltar que <strong>n\u00e3o existe regra para a escolha das cores<\/strong> da sua resid\u00eancia. Sobretudo, o que determina a escolha das melhores paleta de cores \u00e9 o <strong>estilo de decora\u00e7\u00e3o<\/strong> que ser\u00e1 adotado nos c\u00f4modos, e quais as <strong>sensa\u00e7\u00f5es<\/strong> que se deseja estimular nas pessoas ao entrarem naquele espa\u00e7o.<\/p>\n<p>Por fim, leve em conta as suas <strong>prefer\u00eancias<\/strong>, porque sua casa deve refletir sua personalidade, e principalmente que voc\u00ea se sinta bem em casa sempre.<\/p>\n<p>Se voc\u00ea ainda n\u00e3o tem um cantinho para chamar de seu para decorar com as inspira\u00e7\u00f5es da psicologia das cores, confira na <a href=\"https:\/\/www.tenda.com\/loja-virtual\/\"><strong>Loja Virtual da Tenda<\/strong><\/a> nossos empreendimentos e escolha o seu! A Tenda est\u00e1 presente em nove estado do Brasil, confira mais em nosso <a href=\"https:\/\/www.tenda.com\/\">site<\/a>.<\/p>\n","protected":false},"excerpt":{"rendered":"<p>Voc\u00ea j\u00e1 percebeu que em determinados ambientes, algumas sensa\u00e7\u00f5es s\u00e3o despertadas? Isso se d\u00e1 devido a influ\u00eancia [&#8230;]<\/p>\n","protected":false},"author":40,"featured_media":8703,"comment_status":"open","ping_status":"closed","sticky":false,"template":"","format":"standard","meta":{"footnotes":""},"categories":[40],"tags":[48,224,51,52,228,69],"class_list":["post-8656","post","type-post","status-publish","format-standard","has-post-thumbnail","hentry","category-casa-e-decoracao","tag-construtora-tenda","tag-decoracao","tag-decoracao-de-parede","tag-decoracoes-tematicas","tag-estilo-de-decoracao","tag-reformas-e-obras"],"yoast_head":"<!-- This site is optimized with the Yoast SEO plugin v23.4 - https:\/\/yoast.com\/wordpress\/plugins\/seo\/ -->\n<title>Psicologia das Cores: como as cores influenciam nos ambientes | Blog da Tenda<\/title>\n<meta name=\"robots\" content=\"index,follow\" \/>\n<meta property=\"og:locale\" content=\"pt_BR\" \/>\n<meta property=\"og:url\" content=\"https:\/\/www.tenda.com\/blog\/casa-e-decoracao\/psicologia-das-cores\" \/>\n<meta property=\"article:publisher\" content=\"https:\/\/www.facebook.com\/ConstrutoraTenda\/\" \/>\n<meta property=\"article:published_time\" content=\"2021-10-20T15:22:19+00:00\" \/>\n<meta property=\"article:modified_time\" content=\"2023-10-30T16:46:03+00:00\" \/>\n<meta property=\"og:image\" content=\"https:\/\/www.tenda.com\/blog\/wp-content\/uploads\/2021\/10\/psicologia-das-cores-capa-desktop.jpg\" \/>\n\t<meta property=\"og:image:width\" content=\"726\" \/>\n\t<meta property=\"og:image:height\" content=\"484\" \/>\n\t<meta property=\"og:image:type\" content=\"image\/jpeg\" \/>\n<meta name=\"author\" content=\"Blog da Tenda\" \/>\n<meta name=\"twitter:label1\" content=\"Escrito por\" \/>\n\t<meta name=\"twitter:data1\" content=\"Blog da Tenda\" \/>\n\t<meta name=\"twitter:label2\" content=\"Est. tempo de leitura\" \/>\n\t<meta name=\"twitter:data2\" content=\"14 minutos\" \/>\n<!-- \/ Yoast SEO plugin. -->","yoast_head_json":{"title":"Psicologia das Cores: como as cores influenciam nos ambientes | Blog da Tenda","robots":{"index,follow":"index,follow"},"og_locale":"pt_BR","og_url":"https:\/\/www.tenda.com\/blog\/casa-e-decoracao\/psicologia-das-cores","article_publisher":"https:\/\/www.facebook.com\/ConstrutoraTenda\/","article_published_time":"2021-10-20T15:22:19+00:00","article_modified_time":"2023-10-30T16:46:03+00:00","og_image":[{"width":726,"height":484,"url":"https:\/\/www.tenda.com\/blog\/wp-content\/uploads\/2021\/10\/psicologia-das-cores-capa-desktop.jpg","type":"image\/jpeg"}],"author":"Blog da Tenda","twitter_misc":{"Escrito por":"Blog da Tenda","Est. tempo de leitura":"14 minutos"},"schema":{"@context":"https:\/\/schema.org","@graph":[{"@type":"Article","@id":"https:\/\/www.tenda.com\/blog\/casa-e-decoracao\/psicologia-das-cores#article","isPartOf":{"@id":"https:\/\/www.tenda.com\/blog\/casa-e-decoracao\/psicologia-das-cores"},"author":{"name":"Blog da Tenda","@id":"https:\/\/www.tenda.com\/blog\/#\/schema\/person\/401cec400e9a62cb00a064018dfd8dec"},"headline":"COMO AS CORES INFLUENCIAM NOS AMBIENTES? TUDO SOBRE PSICOLOGIA DAS CORES!","datePublished":"2021-10-20T15:22:19+00:00","dateModified":"2023-10-30T16:46:03+00:00","mainEntityOfPage":{"@id":"https:\/\/www.tenda.com\/blog\/casa-e-decoracao\/psicologia-das-cores"},"wordCount":2045,"commentCount":0,"publisher":{"@id":"https:\/\/www.tenda.com\/blog\/#organization"},"image":{"@id":"https:\/\/www.tenda.com\/blog\/casa-e-decoracao\/psicologia-das-cores#primaryimage"},"thumbnailUrl":"https:\/\/www.tenda.com\/blog\/wp-content\/uploads\/2021\/10\/psicologia-das-cores-capa-desktop.jpg","keywords":["Construtora Tenda","Decora\u00e7\u00e3o","Decora\u00e7\u00e3o de Parede","Decora\u00e7\u00f5es Tem\u00e1ticas","Estilo de decora\u00e7\u00e3o","Reformas e Obras"],"articleSection":["Casa e Decora\u00e7\u00e3o"],"inLanguage":"pt-BR","potentialAction":[{"@type":"CommentAction","name":"Comment","target":["https:\/\/www.tenda.com\/blog\/casa-e-decoracao\/psicologia-das-cores#respond"]}]},{"@type":"WebPage","@id":"https:\/\/www.tenda.com\/blog\/casa-e-decoracao\/psicologia-das-cores","url":"https:\/\/www.tenda.com\/blog\/casa-e-decoracao\/psicologia-das-cores","name":"Psicologia das Cores: como as cores influenciam nos ambientes | Blog da Tenda","isPartOf":{"@id":"https:\/\/www.tenda.com\/blog\/#website"},"primaryImageOfPage":{"@id":"https:\/\/www.tenda.com\/blog\/casa-e-decoracao\/psicologia-das-cores#primaryimage"},"image":{"@id":"https:\/\/www.tenda.com\/blog\/casa-e-decoracao\/psicologia-das-cores#primaryimage"},"thumbnailUrl":"https:\/\/www.tenda.com\/blog\/wp-content\/uploads\/2021\/10\/psicologia-das-cores-capa-desktop.jpg","datePublished":"2021-10-20T15:22:19+00:00","dateModified":"2023-10-30T16:46:03+00:00","description":"Quer decorar os ambientes da sua casa e n\u00e3o sabe quais cores utilizar? Descubra como a psicologia das cores pode te ajudar no Blog da Tenda!","breadcrumb":{"@id":"https:\/\/www.tenda.com\/blog\/casa-e-decoracao\/psicologia-das-cores#breadcrumb"},"inLanguage":"pt-BR","potentialAction":[{"@type":"ReadAction","target":["https:\/\/www.tenda.com\/blog\/casa-e-decoracao\/psicologia-das-cores"]}]},{"@type":"ImageObject","inLanguage":"pt-BR","@id":"https:\/\/www.tenda.com\/blog\/casa-e-decoracao\/psicologia-das-cores#primaryimage","url":"https:\/\/www.tenda.com\/blog\/wp-content\/uploads\/2021\/10\/psicologia-das-cores-capa-desktop.jpg","contentUrl":"https:\/\/www.tenda.com\/blog\/wp-content\/uploads\/2021\/10\/psicologia-das-cores-capa-desktop.jpg","width":726,"height":484,"caption":"Psicologia das cores estuda a influ\u00eancia das cores no comportamento humano | Blog da Tenda"},{"@type":"BreadcrumbList","@id":"https:\/\/www.tenda.com\/blog\/casa-e-decoracao\/psicologia-das-cores#breadcrumb","itemListElement":[{"@type":"ListItem","position":1,"name":"In\u00edcio","item":"https:\/\/www.tenda.com\/blog\/"},{"@type":"ListItem","position":2,"name":"COMO AS CORES INFLUENCIAM NOS AMBIENTES? TUDO SOBRE PSICOLOGIA DAS CORES!"}]},{"@type":"WebSite","@id":"https:\/\/www.tenda.com\/blog\/#website","url":"https:\/\/www.tenda.com\/blog\/","name":"Blog da Tenda","description":"Blog","publisher":{"@id":"https:\/\/www.tenda.com\/blog\/#organization"},"potentialAction":[{"@type":"SearchAction","target":{"@type":"EntryPoint","urlTemplate":"https:\/\/www.tenda.com\/blog\/?s={search_term_string}"},"query-input":{"@type":"PropertyValueSpecification","valueRequired":true,"valueName":"search_term_string"}}],"inLanguage":"pt-BR"},{"@type":"Organization","@id":"https:\/\/www.tenda.com\/blog\/#organization","name":"Construtora Tenda","url":"https:\/\/www.tenda.com\/blog\/","logo":{"@type":"ImageObject","inLanguage":"pt-BR","@id":"https:\/\/www.tenda.com\/blog\/#\/schema\/logo\/image\/","url":"https:\/\/www.tenda.com\/blog\/wp-content\/uploads\/2020\/09\/logo-tenda_RGB_vermelho.png","contentUrl":"https:\/\/www.tenda.com\/blog\/wp-content\/uploads\/2020\/09\/logo-tenda_RGB_vermelho.png","width":1579,"height":379,"caption":"Construtora Tenda"},"image":{"@id":"https:\/\/www.tenda.com\/blog\/#\/schema\/logo\/image\/"},"sameAs":["https:\/\/www.facebook.com\/ConstrutoraTenda\/","https:\/\/www.instagram.com\/construtoratenda","https:\/\/br.linkedin.com\/company\/construtora-tenda","https:\/\/www.youtube.com\/user\/TendaConstrutora","https:\/\/en.wikipedia.org\/wiki\/Construtora_Tenda"]},{"@type":"Person","@id":"https:\/\/www.tenda.com\/blog\/#\/schema\/person\/401cec400e9a62cb00a064018dfd8dec","name":"Blog da Tenda","image":{"@type":"ImageObject","inLanguage":"pt-BR","@id":"https:\/\/www.tenda.com\/blog\/#\/schema\/person\/image\/","url":"https:\/\/secure.gravatar.com\/avatar\/2258a587f7dea6e05a6ed2c1e52ee9d6?s=96&d=mm&r=g","contentUrl":"https:\/\/secure.gravatar.com\/avatar\/2258a587f7dea6e05a6ed2c1e52ee9d6?s=96&d=mm&r=g","caption":"Blog da Tenda"},"url":"https:\/\/www.tenda.com\/blog\/author\/ana-luisa"}]}},"_links":{"self":[{"href":"https:\/\/www.tenda.com\/blog\/wp-json\/wp\/v2\/posts\/8656"}],"collection":[{"href":"https:\/\/www.tenda.com\/blog\/wp-json\/wp\/v2\/posts"}],"about":[{"href":"https:\/\/www.tenda.com\/blog\/wp-json\/wp\/v2\/types\/post"}],"author":[{"embeddable":true,"href":"https:\/\/www.tenda.com\/blog\/wp-json\/wp\/v2\/users\/40"}],"replies":[{"embeddable":true,"href":"https:\/\/www.tenda.com\/blog\/wp-json\/wp\/v2\/comments?post=8656"}],"version-history":[{"count":34,"href":"https:\/\/www.tenda.com\/blog\/wp-json\/wp\/v2\/posts\/8656\/revisions"}],"predecessor-version":[{"id":14361,"href":"https:\/\/www.tenda.com\/blog\/wp-json\/wp\/v2\/posts\/8656\/revisions\/14361"}],"wp:featuredmedia":[{"embeddable":true,"href":"https:\/\/www.tenda.com\/blog\/wp-json\/wp\/v2\/media\/8703"}],"wp:attachment":[{"href":"https:\/\/www.tenda.com\/blog\/wp-json\/wp\/v2\/media?parent=8656"}],"wp:term":[{"taxonomy":"category","embeddable":true,"href":"https:\/\/www.tenda.com\/blog\/wp-json\/wp\/v2\/categories?post=8656"},{"taxonomy":"post_tag","embeddable":true,"href":"https:\/\/www.tenda.com\/blog\/wp-json\/wp\/v2\/tags?post=8656"}],"curies":[{"name":"wp","href":"https:\/\/api.w.org\/{rel}","templated":true}]}}