














{"id":6706,"date":"2021-05-17T10:06:52","date_gmt":"2021-05-17T13:06:52","guid":{"rendered":"https:\/\/www.tenda.com\/blog\/?p=6706"},"modified":"2023-12-20T13:26:03","modified_gmt":"2023-12-20T16:26:03","slug":"dicas-para-otimizar-a-area-de-servico","status":"publish","type":"post","link":"https:\/\/www.tenda.com\/blog\/casa-e-decoracao\/dicas-para-otimizar-a-area-de-servico","title":{"rendered":"\u00c1REA DE SERVI\u00c7O PEQUENA: 8 DICAS PARA OTIMIZAR ESSE ESPA\u00c7O"},"content":{"rendered":"<p>Uma \u00e1rea de servi\u00e7o pequena e funcional \u00e9 ideal para apartamentos, pois otimiza espa\u00e7o e permite executar fun\u00e7\u00f5es espec\u00edficas.<\/p><div id=\"ez-toc-container\" class=\"ez-toc-v2_0_71 counter-hierarchy ez-toc-counter ez-toc-grey ez-toc-container-direction\">\n<div class=\"ez-toc-title-container\">\n<p class=\"ez-toc-title\" style=\"cursor:inherit\">O que voc\u00ea vai encontrar nesse post <\/p>\n<span class=\"ez-toc-title-toggle\"><a href=\"#\" class=\"ez-toc-pull-right ez-toc-btn ez-toc-btn-xs ez-toc-btn-default ez-toc-toggle\" aria-label=\"Toggle Table of Content\"><span class=\"ez-toc-js-icon-con\"><span class=\"\"><span class=\"eztoc-hide\" style=\"display:none;\">Toggle<\/span><span class=\"ez-toc-icon-toggle-span\"><svg style=\"fill: #999;color:#999\" xmlns=\"http:\/\/www.w3.org\/2000\/svg\" class=\"list-377408\" width=\"20px\" height=\"20px\" viewBox=\"0 0 24 24\" fill=\"none\"><path d=\"M6 6H4v2h2V6zm14 0H8v2h12V6zM4 11h2v2H4v-2zm16 0H8v2h12v-2zM4 16h2v2H4v-2zm16 0H8v2h12v-2z\" fill=\"currentColor\"><\/path><\/svg><svg style=\"fill: #999;color:#999\" class=\"arrow-unsorted-368013\" xmlns=\"http:\/\/www.w3.org\/2000\/svg\" width=\"10px\" height=\"10px\" viewBox=\"0 0 24 24\" version=\"1.2\" baseProfile=\"tiny\"><path d=\"M18.2 9.3l-6.2-6.3-6.2 6.3c-.2.2-.3.4-.3.7s.1.5.3.7c.2.2.4.3.7.3h11c.3 0 .5-.1.7-.3.2-.2.3-.5.3-.7s-.1-.5-.3-.7zM5.8 14.7l6.2 6.3 6.2-6.3c.2-.2.3-.5.3-.7s-.1-.5-.3-.7c-.2-.2-.4-.3-.7-.3h-11c-.3 0-.5.1-.7.3-.2.2-.3.5-.3.7s.1.5.3.7z\"\/><\/svg><\/span><\/span><\/span><\/a><\/span><\/div>\n<nav><ul class='ez-toc-list ez-toc-list-level-1 eztoc-toggle-hide-by-default' ><li class='ez-toc-page-1 ez-toc-heading-level-2'><a class=\"ez-toc-link ez-toc-heading-1\" href=\"https:\/\/www.tenda.com\/blog\/casa-e-decoracao\/dicas-para-otimizar-a-area-de-servico\/#Defina_a_funcao_da_sua_area_de_servico\" title=\"Defina a fun\u00e7\u00e3o da sua \u00e1rea de servi\u00e7o\">Defina a fun\u00e7\u00e3o da sua \u00e1rea de servi\u00e7o<\/a><\/li><li class='ez-toc-page-1 ez-toc-heading-level-2'><a class=\"ez-toc-link ez-toc-heading-2\" href=\"https:\/\/www.tenda.com\/blog\/casa-e-decoracao\/dicas-para-otimizar-a-area-de-servico\/#De_preferencia_para_moveis_sob_medida\" title=\"D\u00ea prefer\u00eancia para m\u00f3veis sob medida\">D\u00ea prefer\u00eancia para m\u00f3veis sob medida<\/a><\/li><li class='ez-toc-page-1 ez-toc-heading-level-2'><a class=\"ez-toc-link ez-toc-heading-3\" href=\"https:\/\/www.tenda.com\/blog\/casa-e-decoracao\/dicas-para-otimizar-a-area-de-servico\/#Aproveite_ao_maximo_o_espaco_vertical\" title=\"Aproveite ao m\u00e1ximo o espa\u00e7o vertical\">Aproveite ao m\u00e1ximo o espa\u00e7o vertical<\/a><\/li><li class='ez-toc-page-1 ez-toc-heading-level-2'><a class=\"ez-toc-link ez-toc-heading-4\" href=\"https:\/\/www.tenda.com\/blog\/casa-e-decoracao\/dicas-para-otimizar-a-area-de-servico\/#Escolha_eletrodomesticos_compactos\" title=\"Escolha eletrodom\u00e9sticos compactos\">Escolha eletrodom\u00e9sticos compactos<\/a><\/li><li class='ez-toc-page-1 ez-toc-heading-level-2'><a class=\"ez-toc-link ez-toc-heading-5\" href=\"https:\/\/www.tenda.com\/blog\/casa-e-decoracao\/dicas-para-otimizar-a-area-de-servico\/#Use_ganchos_nas_paredes\" title=\"Use ganchos nas paredes\">Use ganchos nas paredes<\/a><\/li><li class='ez-toc-page-1 ez-toc-heading-level-2'><a class=\"ez-toc-link ez-toc-heading-6\" href=\"https:\/\/www.tenda.com\/blog\/casa-e-decoracao\/dicas-para-otimizar-a-area-de-servico\/#Invista_em_cestos_organizadores\" title=\"Invista em cestos organizadores\">Invista em cestos organizadores<\/a><\/li><li class='ez-toc-page-1 ez-toc-heading-level-2'><a class=\"ez-toc-link ez-toc-heading-7\" href=\"https:\/\/www.tenda.com\/blog\/casa-e-decoracao\/dicas-para-otimizar-a-area-de-servico\/#Sempre_retire_os_produtos_das_embalagens\" title=\"Sempre retire os produtos das embalagens\">Sempre retire os produtos das embalagens<\/a><\/li><li class='ez-toc-page-1 ez-toc-heading-level-2'><a class=\"ez-toc-link ez-toc-heading-8\" href=\"https:\/\/www.tenda.com\/blog\/casa-e-decoracao\/dicas-para-otimizar-a-area-de-servico\/#Use_um_varal_de_chao_para_deixar_as_paredes_livres\" title=\"Use um varal de ch\u00e3o para deixar as paredes livres\">Use um varal de ch\u00e3o para deixar as paredes livres<\/a><\/li><\/ul><\/nav><\/div>\n\n<p>As vantagens de uma \u00e1rea de servi\u00e7o pequena \u2014 tend\u00eancia em apartamentos modernos \u2014 s\u00e3o v\u00e1rias. Em primeiro lugar, ela ocupa pouco espa\u00e7o, o que reflete no aumento da \u00e1rea \u00fatil dos demais c\u00f4modos, nos quais a fam\u00edlia passa muito mais tempo. Em segundo lugar, ela exige uma dose extra de organiza\u00e7\u00e3o, impossibilitando muita bagun\u00e7a.<\/p>\n<p>A seguir, vamos compartilhar 8 dicas simples e pr\u00e1ticas para otimizar o uso da <a href=\"https:\/\/www.tenda.com\/blog\/casa-e-decoracao\/organize-sua-lavanderia-e-facilite-sua-vida\/\">lavanderia<\/a>. Se voc\u00ea ainda duvida dos benef\u00edcios, aproveite!<\/p>\n<h2><span class=\"ez-toc-section\" id=\"Defina_a_funcao_da_sua_area_de_servico\"><\/span>Defina a fun\u00e7\u00e3o da sua \u00e1rea de servi\u00e7o<span class=\"ez-toc-section-end\"><\/span><\/h2>\n<p><img loading=\"lazy\" decoding=\"async\" class=\"alignleft wp-image-6718 size-full\" src=\"https:\/\/www.tenda.com\/blog\/wp-content\/uploads\/2021\/05\/shutterstock_709089073.jpg\" alt=\"Lavanderia pequena | 8 dicas para otimizar a \u00e1rea de servi\u00e7o | Decora\u00e7\u00e3o | Blog da Tenda\" width=\"800\" height=\"530\" srcset=\"https:\/\/www.tenda.com\/blog\/wp-content\/uploads\/2021\/05\/shutterstock_709089073.jpg 800w, https:\/\/www.tenda.com\/blog\/wp-content\/uploads\/2021\/05\/shutterstock_709089073-300x199.jpg 300w, https:\/\/www.tenda.com\/blog\/wp-content\/uploads\/2021\/05\/shutterstock_709089073-768x509.jpg 768w, https:\/\/www.tenda.com\/blog\/wp-content\/uploads\/2021\/05\/shutterstock_709089073-150x99.jpg 150w\" sizes=\"(max-width: 800px) 100vw, 800px\" \/><\/p>\n<p>Antes de tudo, avalie o que realmente \u00e9 necess\u00e1rio na \u00e1rea. Muita gente usa o c\u00f4modo como dep\u00f3sito, o que faz com que o espa\u00e7o dispon\u00edvel nunca seja suficiente e esteja sempre bagun\u00e7ado.<\/p>\n<p>Outro erro comum \u00e9 us\u00e1-lo como despensa. Unir a <a href=\"https:\/\/www.tenda.com\/blog\/casa-e-decoracao\/cozinha-com-lavanderia\/\">cozinha com a lavanderia<\/a> n\u00e3o significa deixar os alimentos com os produtos de limpeza. Afinal, mesmo quando se tratam de c\u00f4modos integrados, cada coisa tem seu lugar.<\/p>\n<h2><span class=\"ez-toc-section\" id=\"De_preferencia_para_moveis_sob_medida\"><\/span>D\u00ea prefer\u00eancia para m\u00f3veis sob medida<span class=\"ez-toc-section-end\"><\/span><\/h2>\n<p><img loading=\"lazy\" decoding=\"async\" class=\"alignleft wp-image-6717 size-full\" src=\"https:\/\/www.tenda.com\/blog\/wp-content\/uploads\/2021\/05\/shutterstock_542897137.jpg\" alt=\"Lavanderia | 8 dicas para otimizar a \u00e1rea de servi\u00e7o | Decora\u00e7\u00e3o | Blog da Tenda\" width=\"800\" height=\"530\" srcset=\"https:\/\/www.tenda.com\/blog\/wp-content\/uploads\/2021\/05\/shutterstock_542897137.jpg 800w, https:\/\/www.tenda.com\/blog\/wp-content\/uploads\/2021\/05\/shutterstock_542897137-300x199.jpg 300w, https:\/\/www.tenda.com\/blog\/wp-content\/uploads\/2021\/05\/shutterstock_542897137-768x509.jpg 768w, https:\/\/www.tenda.com\/blog\/wp-content\/uploads\/2021\/05\/shutterstock_542897137-150x99.jpg 150w\" sizes=\"(max-width: 800px) 100vw, 800px\" \/><\/p>\n<p>Quando n\u00e3o h\u00e1 modulados prontos que se adaptem \u00e0s metragens dispon\u00edveis, a forma mais eficiente de aproveitar todos os espa\u00e7os \u00e9 usar <a href=\"https:\/\/www.tenda.com\/blog\/casa-e-decoracao\/moveis-planejados-tem-um-bom-custo-beneficio-para-apartamentos-pequenos\/\">m\u00f3veis sob medida<\/a>. Isso inclui os cantos e at\u00e9 a \u00e1rea embaixo do tanque, onde \u00e9 poss\u00edvel colocar um bom gabinete.<\/p>\n<p>Para economizar no custo, voc\u00ea pode optar por arm\u00e1rios sem portas. Mas, nesse caso, \u00e9 preciso ser ainda mais rigoroso quanto \u00e0 organiza\u00e7\u00e3o, pois n\u00e3o h\u00e1 como esconder a bagun\u00e7a.<\/p>\n<p>Al\u00e9m disso, outra ideia de <a href=\"https:\/\/www.tenda.com\/blog\/casa-e-decoracao\/otimizar-espacos-aprenda-como-otimizar-os-espacos-no-apartamento\/\">aproveitamento de espa\u00e7o<\/a> \u00e9 criar uma bancada de apoio sobre o tanque, para os momentos em que ele n\u00e3o estiver sendo usado. Para isso, basta encomendar uma tampa sob medida, que se encaixe perfeitamente \u00e0 cuba.<\/p>\n<h2><span class=\"ez-toc-section\" id=\"Aproveite_ao_maximo_o_espaco_vertical\"><\/span>Aproveite ao m\u00e1ximo o espa\u00e7o vertical<span class=\"ez-toc-section-end\"><\/span><\/h2>\n<p>Em uma \u00e1rea de servi\u00e7o pequena, <a href=\"https:\/\/www.tenda.com\/blog\/casa-e-decoracao\/como-usar-nichos-e-prateleiras-para-aproveitar-o-espaco-do-seu-apartamento\/\">prateleiras, nichos e arm\u00e1rios<\/a> suspensos s\u00e3o indispens\u00e1veis. Para acertar na escolha, considere os seguintes elementos:<\/p>\n<ul>\n<li>instale prateleiras no mesmo tom das paredes, para aumentar a impress\u00e3o de espa\u00e7o;<\/li>\n<li>escolha nichos coloridos, pois eles ajudam a decorar o ambiente;<\/li>\n<li>invista em modelos de arm\u00e1rios suspensos com cabideiros.<\/li>\n<\/ul>\n<h2><span class=\"ez-toc-section\" id=\"Escolha_eletrodomesticos_compactos\"><\/span>Escolha eletrodom\u00e9sticos compactos<span class=\"ez-toc-section-end\"><\/span><\/h2>\n<p><img loading=\"lazy\" decoding=\"async\" class=\"alignleft wp-image-6719 size-full\" src=\"https:\/\/www.tenda.com\/blog\/wp-content\/uploads\/2021\/05\/shutterstock_1459832243.jpg\" alt=\"\u00c1rea de servi\u00e7o pequena | 8 dicas para otimizar a \u00e1rea de servi\u00e7o | Decora\u00e7\u00e3o | Blog da Tenda\" width=\"800\" height=\"530\" srcset=\"https:\/\/www.tenda.com\/blog\/wp-content\/uploads\/2021\/05\/shutterstock_1459832243.jpg 800w, https:\/\/www.tenda.com\/blog\/wp-content\/uploads\/2021\/05\/shutterstock_1459832243-300x199.jpg 300w, https:\/\/www.tenda.com\/blog\/wp-content\/uploads\/2021\/05\/shutterstock_1459832243-768x509.jpg 768w, https:\/\/www.tenda.com\/blog\/wp-content\/uploads\/2021\/05\/shutterstock_1459832243-150x99.jpg 150w\" sizes=\"(max-width: 800px) 100vw, 800px\" \/><\/p>\n<p>Acredite, por maior que seja sua fam\u00edlia, uma lavadora pequena \u00e9 perfeitamente capaz de dar conta do servi\u00e7o. Basta criar o h\u00e1bito de n\u00e3o deixar as roupas sujas acumularem muito. Mesmo porque, se isso acontecer, faltar\u00e1 espa\u00e7o para pendur\u00e1-las.<\/p>\n<p>Por isso, na hora de escolher, prefira lavadoras com abertura frontal, que deixem o espa\u00e7o sobre o equipamento livre. Nele, \u00e9 poss\u00edvel instalar um arm\u00e1rio para guardar os produtos de limpeza adequadamente, ou seja, fora do alcance de crian\u00e7as e animais.<\/p>\n<h2><span class=\"ez-toc-section\" id=\"Use_ganchos_nas_paredes\"><\/span>Use ganchos nas paredes<span class=\"ez-toc-section-end\"><\/span><\/h2>\n<p><img loading=\"lazy\" decoding=\"async\" class=\"alignleft wp-image-6722 size-full\" src=\"https:\/\/www.tenda.com\/blog\/wp-content\/uploads\/2021\/05\/shutterstock_1127882453.jpg\" alt=\"Ganchos de parede | 8 dicas para otimizar a \u00e1rea de servi\u00e7o | Decora\u00e7\u00e3o | Blog da Tenda\" width=\"800\" height=\"530\" srcset=\"https:\/\/www.tenda.com\/blog\/wp-content\/uploads\/2021\/05\/shutterstock_1127882453.jpg 800w, https:\/\/www.tenda.com\/blog\/wp-content\/uploads\/2021\/05\/shutterstock_1127882453-300x199.jpg 300w, https:\/\/www.tenda.com\/blog\/wp-content\/uploads\/2021\/05\/shutterstock_1127882453-768x509.jpg 768w, https:\/\/www.tenda.com\/blog\/wp-content\/uploads\/2021\/05\/shutterstock_1127882453-150x99.jpg 150w\" sizes=\"(max-width: 800px) 100vw, 800px\" \/><\/p>\n<p>Essa \u00e9 uma maneira barata e que, com um pouco de criatividade, pode ser uma boa alternativa para organizar os objetos na lavanderia. Ainda mais, os ganchos de parafusar na parede s\u00e3o ideais para pendurar rodo, vassoura etc. Em seguida, para deix\u00e1-los mais bonitos, pinte da mesma cor dos nichos.<\/p>\n<p>Se preferir, use os ganchos para pendurar uma sapateira e transforme-a em um porta-produtos de limpeza. Essa \u00e9 uma \u00f3tima alternativa para lavanderias que t\u00eam portas de madeira, pois podem ficar atr\u00e1s delas.<\/p>\n<h2><span class=\"ez-toc-section\" id=\"Invista_em_cestos_organizadores\"><\/span>Invista em cestos organizadores<span class=\"ez-toc-section-end\"><\/span><\/h2>\n<p><img loading=\"lazy\" decoding=\"async\" class=\"alignleft wp-image-6716 size-full\" src=\"https:\/\/www.tenda.com\/blog\/wp-content\/uploads\/2021\/05\/shutterstock_778355527.jpg\" alt=\"\u00c1rea de servi\u00e7o | 8 dicas para otimizar a \u00e1rea de servi\u00e7o | Decora\u00e7\u00e3o | Blog da Tenda\" width=\"800\" height=\"530\" srcset=\"https:\/\/www.tenda.com\/blog\/wp-content\/uploads\/2021\/05\/shutterstock_778355527.jpg 800w, https:\/\/www.tenda.com\/blog\/wp-content\/uploads\/2021\/05\/shutterstock_778355527-300x199.jpg 300w, https:\/\/www.tenda.com\/blog\/wp-content\/uploads\/2021\/05\/shutterstock_778355527-768x509.jpg 768w, https:\/\/www.tenda.com\/blog\/wp-content\/uploads\/2021\/05\/shutterstock_778355527-150x99.jpg 150w\" sizes=\"(max-width: 800px) 100vw, 800px\" \/><\/p>\n<p>Um organizador pequeno permite guardar objetos menores, como pregadores de roupas e itens usados em pequenos reparos, como pregos, fitas isolantes, colas, entre outros. Por outro lado, um organizador m\u00e9dio \u00e9 ideal para armazenar os panos de limpeza.<\/p>\n<p>Os cestos maiores, por sua vez, s\u00e3o indispens\u00e1veis para armazenar as roupas usadas. Se houver espa\u00e7o dispon\u00edvel, deixe um cesto para as roupas coloridas, outro para as pretas e um terceiro para as brancas. Isso facilita o trabalho na hora de coloc\u00e1-las para lavar.<\/p>\n<p>Mas aten\u00e7\u00e3o para n\u00e3o prejudicar a circula\u00e7\u00e3o no ambiente. Deixe os cestos rentes \u00e0s paredes ou sob alguma bancada.<\/p>\n<h2><span class=\"ez-toc-section\" id=\"Sempre_retire_os_produtos_das_embalagens\"><\/span>Sempre retire os produtos das embalagens<span class=\"ez-toc-section-end\"><\/span><\/h2>\n<p><img loading=\"lazy\" decoding=\"async\" class=\"alignleft wp-image-6721 size-full\" src=\"https:\/\/www.tenda.com\/blog\/wp-content\/uploads\/2021\/05\/shutterstock_1399003892.jpg\" alt=\"\u00c1rea de servi\u00e7o | 8 dicas para otimizar a \u00e1rea de servi\u00e7o | Decora\u00e7\u00e3o | Blog da Tenda\" width=\"800\" height=\"530\" srcset=\"https:\/\/www.tenda.com\/blog\/wp-content\/uploads\/2021\/05\/shutterstock_1399003892.jpg 800w, https:\/\/www.tenda.com\/blog\/wp-content\/uploads\/2021\/05\/shutterstock_1399003892-300x199.jpg 300w, https:\/\/www.tenda.com\/blog\/wp-content\/uploads\/2021\/05\/shutterstock_1399003892-768x509.jpg 768w, https:\/\/www.tenda.com\/blog\/wp-content\/uploads\/2021\/05\/shutterstock_1399003892-150x99.jpg 150w\" sizes=\"(max-width: 800px) 100vw, 800px\" \/><\/p>\n<p>Voc\u00ea j\u00e1 reparou na quantidade de lixo que sua fam\u00edlia produz semanalmente? Boa parte desse volume \u00e9 culpa das embalagens.<\/p>\n<p>Para ganhar mais espa\u00e7o na \u00e1rea de servi\u00e7o, retire o sab\u00e3o em p\u00f3 da caixa e deixe em um recipiente espec\u00edfico para esse tipo de produto. Ent\u00e3o, fa\u00e7a isso sempre que comprar itens de reposi\u00e7\u00e3o.<\/p>\n<h2><span class=\"ez-toc-section\" id=\"Use_um_varal_de_chao_para_deixar_as_paredes_livres\"><\/span>Use um varal de ch\u00e3o para deixar as paredes livres<span class=\"ez-toc-section-end\"><\/span><\/h2>\n<p><img loading=\"lazy\" decoding=\"async\" class=\"alignleft wp-image-6720 size-full\" src=\"https:\/\/www.tenda.com\/blog\/wp-content\/uploads\/2021\/05\/shutterstock_1816574414.jpg\" alt=\"Varal de ch\u00e3o | 8 dicas para otimizar a \u00e1rea de servi\u00e7o | Decora\u00e7\u00e3o | Blog da Tenda\" width=\"800\" height=\"530\" srcset=\"https:\/\/www.tenda.com\/blog\/wp-content\/uploads\/2021\/05\/shutterstock_1816574414.jpg 800w, https:\/\/www.tenda.com\/blog\/wp-content\/uploads\/2021\/05\/shutterstock_1816574414-300x199.jpg 300w, https:\/\/www.tenda.com\/blog\/wp-content\/uploads\/2021\/05\/shutterstock_1816574414-768x509.jpg 768w, https:\/\/www.tenda.com\/blog\/wp-content\/uploads\/2021\/05\/shutterstock_1816574414-150x99.jpg 150w\" sizes=\"(max-width: 800px) 100vw, 800px\" \/><\/p>\n<p>Prefira modelos de varais de ch\u00e3o dobr\u00e1veis, que podem ser guardados em qualquer cantinho quando n\u00e3o estiverem em uso (junto \u00e0 t\u00e1bua de passar, por exemplo). Sem varais fixos, as paredes ficam livres para outras necessidades.<\/p>\n<p>Outra dica para ganhar mais espa\u00e7o: ao retirar as roupas secas, dobre imediatamente e guarde-as em um cesto. Isso facilita na hora de passar, pois evita que fiquem muito amassadas, e para levar as pe\u00e7as diretamente para os guarda-roupas.<\/p>\n<p>Entendeu por que a tend\u00eancia de lavanderias cada vez menores veio para ficar? Uma \u00e1rea de servi\u00e7o pequena libera mais espa\u00e7o para outros c\u00f4modos e, mesmo com metragens enxutas, o ambiente pode ser organizado e totalmente funcional.<\/p>\n<p>Para isso, planeje o melhor uso de cada cantinho e evite deix\u00e1-la bagun\u00e7ada. Quando cada item est\u00e1 no seu devido lugar, a praticidade \u00e9 garantida!<\/p>\n<p>Gostou das dicas? Ent\u00e3o, aqui vai mais uma: siga a gente no <a href=\"https:\/\/www.facebook.com\/ConstrutoraTenda\">Facebook<\/a> e no <a href=\"https:\/\/www.instagram.com\/construtoratenda\/?hl=pt-br\">Instagram<\/a> e n\u00e3o perca nenhum conte\u00fado!<\/p>\n","protected":false},"excerpt":{"rendered":"<p>Uma \u00e1rea de servi\u00e7o pequena e funcional \u00e9 ideal para apartamentos, pois otimiza espa\u00e7o e permite executar [&#8230;]<\/p>\n","protected":false},"author":40,"featured_media":6724,"comment_status":"open","ping_status":"closed","sticky":false,"template":"","format":"standard","meta":{"footnotes":""},"categories":[40],"tags":[43],"class_list":["post-6706","post","type-post","status-publish","format-standard","has-post-thumbnail","hentry","category-casa-e-decoracao","tag-area-de-servico-e-lavanderia"],"yoast_head":"<!-- This site is optimized with the Yoast SEO plugin v23.4 - https:\/\/yoast.com\/wordpress\/plugins\/seo\/ -->\n<title>\u00c1rea de servi\u00e7o pequena: 8 dicas para otimizar o espa\u00e7o | Blog da Tenda<\/title>\n<meta name=\"robots\" content=\"index,follow\" \/>\n<meta property=\"og:locale\" content=\"pt_BR\" \/>\n<meta property=\"og:url\" content=\"https:\/\/www.tenda.com\/blog\/casa-e-decoracao\/dicas-para-otimizar-a-area-de-servico\" \/>\n<meta property=\"article:publisher\" content=\"https:\/\/www.facebook.com\/ConstrutoraTenda\/\" \/>\n<meta property=\"article:published_time\" content=\"2021-05-17T13:06:52+00:00\" \/>\n<meta property=\"article:modified_time\" content=\"2023-12-20T16:26:03+00:00\" \/>\n<meta property=\"og:image\" content=\"https:\/\/www.tenda.com\/blog\/wp-content\/uploads\/2021\/05\/shutterstock_1384704893_topo.jpg\" \/>\n\t<meta property=\"og:image:width\" content=\"1200\" \/>\n\t<meta property=\"og:image:height\" content=\"400\" \/>\n\t<meta property=\"og:image:type\" content=\"image\/jpeg\" \/>\n<meta name=\"author\" content=\"Blog da Tenda\" \/>\n<meta name=\"twitter:label1\" content=\"Escrito por\" \/>\n\t<meta name=\"twitter:data1\" content=\"Blog da Tenda\" \/>\n\t<meta name=\"twitter:label2\" content=\"Est. tempo de leitura\" \/>\n\t<meta name=\"twitter:data2\" content=\"7 minutos\" \/>\n<!-- \/ Yoast SEO plugin. -->","yoast_head_json":{"title":"\u00c1rea de servi\u00e7o pequena: 8 dicas para otimizar o espa\u00e7o | Blog da Tenda","robots":{"index,follow":"index,follow"},"og_locale":"pt_BR","og_url":"https:\/\/www.tenda.com\/blog\/casa-e-decoracao\/dicas-para-otimizar-a-area-de-servico","article_publisher":"https:\/\/www.facebook.com\/ConstrutoraTenda\/","article_published_time":"2021-05-17T13:06:52+00:00","article_modified_time":"2023-12-20T16:26:03+00:00","og_image":[{"width":1200,"height":400,"url":"https:\/\/www.tenda.com\/blog\/wp-content\/uploads\/2021\/05\/shutterstock_1384704893_topo.jpg","type":"image\/jpeg"}],"author":"Blog da Tenda","twitter_misc":{"Escrito por":"Blog da Tenda","Est. tempo de leitura":"7 minutos"},"schema":{"@context":"https:\/\/schema.org","@graph":[{"@type":"Article","@id":"https:\/\/www.tenda.com\/blog\/casa-e-decoracao\/dicas-para-otimizar-a-area-de-servico#article","isPartOf":{"@id":"https:\/\/www.tenda.com\/blog\/casa-e-decoracao\/dicas-para-otimizar-a-area-de-servico"},"author":{"name":"Blog da Tenda","@id":"https:\/\/www.tenda.com\/blog\/#\/schema\/person\/401cec400e9a62cb00a064018dfd8dec"},"headline":"\u00c1REA DE SERVI\u00c7O PEQUENA: 8 DICAS PARA OTIMIZAR ESSE ESPA\u00c7O","datePublished":"2021-05-17T13:06:52+00:00","dateModified":"2023-12-20T16:26:03+00:00","mainEntityOfPage":{"@id":"https:\/\/www.tenda.com\/blog\/casa-e-decoracao\/dicas-para-otimizar-a-area-de-servico"},"wordCount":943,"commentCount":0,"publisher":{"@id":"https:\/\/www.tenda.com\/blog\/#organization"},"image":{"@id":"https:\/\/www.tenda.com\/blog\/casa-e-decoracao\/dicas-para-otimizar-a-area-de-servico#primaryimage"},"thumbnailUrl":"https:\/\/www.tenda.com\/blog\/wp-content\/uploads\/2021\/05\/shutterstock_1384704893_topo.jpg","keywords":["\u00c1rea de Servi\u00e7o e Lavanderia"],"articleSection":["Casa e Decora\u00e7\u00e3o"],"inLanguage":"pt-BR","potentialAction":[{"@type":"CommentAction","name":"Comment","target":["https:\/\/www.tenda.com\/blog\/casa-e-decoracao\/dicas-para-otimizar-a-area-de-servico#respond"]}]},{"@type":"WebPage","@id":"https:\/\/www.tenda.com\/blog\/casa-e-decoracao\/dicas-para-otimizar-a-area-de-servico","url":"https:\/\/www.tenda.com\/blog\/casa-e-decoracao\/dicas-para-otimizar-a-area-de-servico","name":"\u00c1rea de servi\u00e7o pequena: 8 dicas para otimizar o espa\u00e7o | Blog da Tenda","isPartOf":{"@id":"https:\/\/www.tenda.com\/blog\/#website"},"primaryImageOfPage":{"@id":"https:\/\/www.tenda.com\/blog\/casa-e-decoracao\/dicas-para-otimizar-a-area-de-servico#primaryimage"},"image":{"@id":"https:\/\/www.tenda.com\/blog\/casa-e-decoracao\/dicas-para-otimizar-a-area-de-servico#primaryimage"},"thumbnailUrl":"https:\/\/www.tenda.com\/blog\/wp-content\/uploads\/2021\/05\/shutterstock_1384704893_topo.jpg","datePublished":"2021-05-17T13:06:52+00:00","dateModified":"2023-12-20T16:26:03+00:00","description":"Descubra como deixar a \u00e1rea de servi\u00e7o ainda mais funcional e organizada. Conhe\u00e7a nossas dicas para aproveitar da melhor forma esse espa\u00e7o.","breadcrumb":{"@id":"https:\/\/www.tenda.com\/blog\/casa-e-decoracao\/dicas-para-otimizar-a-area-de-servico#breadcrumb"},"inLanguage":"pt-BR","potentialAction":[{"@type":"ReadAction","target":["https:\/\/www.tenda.com\/blog\/casa-e-decoracao\/dicas-para-otimizar-a-area-de-servico"]}]},{"@type":"ImageObject","inLanguage":"pt-BR","@id":"https:\/\/www.tenda.com\/blog\/casa-e-decoracao\/dicas-para-otimizar-a-area-de-servico#primaryimage","url":"https:\/\/www.tenda.com\/blog\/wp-content\/uploads\/2021\/05\/shutterstock_1384704893_topo.jpg","contentUrl":"https:\/\/www.tenda.com\/blog\/wp-content\/uploads\/2021\/05\/shutterstock_1384704893_topo.jpg","width":1200,"height":400,"caption":"\u00c1rea de servi\u00e7o | 8 dicas para otimizar a \u00e1rea de servi\u00e7o | Decora\u00e7\u00e3o | Blog da Tenda"},{"@type":"BreadcrumbList","@id":"https:\/\/www.tenda.com\/blog\/casa-e-decoracao\/dicas-para-otimizar-a-area-de-servico#breadcrumb","itemListElement":[{"@type":"ListItem","position":1,"name":"In\u00edcio","item":"https:\/\/www.tenda.com\/blog\/"},{"@type":"ListItem","position":2,"name":"\u00c1REA DE SERVI\u00c7O PEQUENA: 8 DICAS PARA OTIMIZAR ESSE ESPA\u00c7O"}]},{"@type":"WebSite","@id":"https:\/\/www.tenda.com\/blog\/#website","url":"https:\/\/www.tenda.com\/blog\/","name":"Blog da Tenda","description":"Blog","publisher":{"@id":"https:\/\/www.tenda.com\/blog\/#organization"},"potentialAction":[{"@type":"SearchAction","target":{"@type":"EntryPoint","urlTemplate":"https:\/\/www.tenda.com\/blog\/?s={search_term_string}"},"query-input":{"@type":"PropertyValueSpecification","valueRequired":true,"valueName":"search_term_string"}}],"inLanguage":"pt-BR"},{"@type":"Organization","@id":"https:\/\/www.tenda.com\/blog\/#organization","name":"Construtora Tenda","url":"https:\/\/www.tenda.com\/blog\/","logo":{"@type":"ImageObject","inLanguage":"pt-BR","@id":"https:\/\/www.tenda.com\/blog\/#\/schema\/logo\/image\/","url":"https:\/\/www.tenda.com\/blog\/wp-content\/uploads\/2020\/09\/logo-tenda_RGB_vermelho.png","contentUrl":"https:\/\/www.tenda.com\/blog\/wp-content\/uploads\/2020\/09\/logo-tenda_RGB_vermelho.png","width":1579,"height":379,"caption":"Construtora Tenda"},"image":{"@id":"https:\/\/www.tenda.com\/blog\/#\/schema\/logo\/image\/"},"sameAs":["https:\/\/www.facebook.com\/ConstrutoraTenda\/","https:\/\/www.instagram.com\/construtoratenda","https:\/\/br.linkedin.com\/company\/construtora-tenda","https:\/\/www.youtube.com\/user\/TendaConstrutora","https:\/\/en.wikipedia.org\/wiki\/Construtora_Tenda"]},{"@type":"Person","@id":"https:\/\/www.tenda.com\/blog\/#\/schema\/person\/401cec400e9a62cb00a064018dfd8dec","name":"Blog da Tenda","image":{"@type":"ImageObject","inLanguage":"pt-BR","@id":"https:\/\/www.tenda.com\/blog\/#\/schema\/person\/image\/","url":"https:\/\/secure.gravatar.com\/avatar\/2258a587f7dea6e05a6ed2c1e52ee9d6?s=96&d=mm&r=g","contentUrl":"https:\/\/secure.gravatar.com\/avatar\/2258a587f7dea6e05a6ed2c1e52ee9d6?s=96&d=mm&r=g","caption":"Blog da Tenda"},"url":"https:\/\/www.tenda.com\/blog\/author\/ana-luisa"}]}},"_links":{"self":[{"href":"https:\/\/www.tenda.com\/blog\/wp-json\/wp\/v2\/posts\/6706"}],"collection":[{"href":"https:\/\/www.tenda.com\/blog\/wp-json\/wp\/v2\/posts"}],"about":[{"href":"https:\/\/www.tenda.com\/blog\/wp-json\/wp\/v2\/types\/post"}],"author":[{"embeddable":true,"href":"https:\/\/www.tenda.com\/blog\/wp-json\/wp\/v2\/users\/40"}],"replies":[{"embeddable":true,"href":"https:\/\/www.tenda.com\/blog\/wp-json\/wp\/v2\/comments?post=6706"}],"version-history":[{"count":14,"href":"https:\/\/www.tenda.com\/blog\/wp-json\/wp\/v2\/posts\/6706\/revisions"}],"predecessor-version":[{"id":15792,"href":"https:\/\/www.tenda.com\/blog\/wp-json\/wp\/v2\/posts\/6706\/revisions\/15792"}],"wp:featuredmedia":[{"embeddable":true,"href":"https:\/\/www.tenda.com\/blog\/wp-json\/wp\/v2\/media\/6724"}],"wp:attachment":[{"href":"https:\/\/www.tenda.com\/blog\/wp-json\/wp\/v2\/media?parent=6706"}],"wp:term":[{"taxonomy":"category","embeddable":true,"href":"https:\/\/www.tenda.com\/blog\/wp-json\/wp\/v2\/categories?post=6706"},{"taxonomy":"post_tag","embeddable":true,"href":"https:\/\/www.tenda.com\/blog\/wp-json\/wp\/v2\/tags?post=6706"}],"curies":[{"name":"wp","href":"https:\/\/api.w.org\/{rel}","templated":true}]}}