














{"id":6481,"date":"2026-07-20T13:00:05","date_gmt":"2026-07-20T16:00:05","guid":{"rendered":"https:\/\/www.tenda.com\/blog\/?p=6481"},"modified":"2026-07-20T15:47:32","modified_gmt":"2026-07-20T18:47:32","slug":"diferenca-minha-casa-minha-vida-casa-verde-amarela","status":"publish","type":"post","link":"https:\/\/www.tenda.com\/blog\/minha-casa-minha-vida\/diferenca-minha-casa-minha-vida-casa-verde-amarela","title":{"rendered":"Diferen\u00e7a entre Minha Casa, Minha Vida e Casa Verde e Amarela: veja!"},"content":{"rendered":"<p>&nbsp;<\/p><div id=\"ez-toc-container\" class=\"ez-toc-v2_0_71 counter-hierarchy ez-toc-counter ez-toc-grey ez-toc-container-direction\">\n<div class=\"ez-toc-title-container\">\n<p class=\"ez-toc-title\" style=\"cursor:inherit\">O que voc\u00ea vai encontrar nesse post <\/p>\n<span class=\"ez-toc-title-toggle\"><a href=\"#\" class=\"ez-toc-pull-right ez-toc-btn ez-toc-btn-xs ez-toc-btn-default ez-toc-toggle\" aria-label=\"Toggle Table of Content\"><span class=\"ez-toc-js-icon-con\"><span class=\"\"><span class=\"eztoc-hide\" style=\"display:none;\">Toggle<\/span><span class=\"ez-toc-icon-toggle-span\"><svg style=\"fill: #999;color:#999\" xmlns=\"http:\/\/www.w3.org\/2000\/svg\" class=\"list-377408\" width=\"20px\" height=\"20px\" viewBox=\"0 0 24 24\" fill=\"none\"><path d=\"M6 6H4v2h2V6zm14 0H8v2h12V6zM4 11h2v2H4v-2zm16 0H8v2h12v-2zM4 16h2v2H4v-2zm16 0H8v2h12v-2z\" fill=\"currentColor\"><\/path><\/svg><svg style=\"fill: #999;color:#999\" class=\"arrow-unsorted-368013\" xmlns=\"http:\/\/www.w3.org\/2000\/svg\" width=\"10px\" height=\"10px\" viewBox=\"0 0 24 24\" version=\"1.2\" baseProfile=\"tiny\"><path d=\"M18.2 9.3l-6.2-6.3-6.2 6.3c-.2.2-.3.4-.3.7s.1.5.3.7c.2.2.4.3.7.3h11c.3 0 .5-.1.7-.3.2-.2.3-.5.3-.7s-.1-.5-.3-.7zM5.8 14.7l6.2 6.3 6.2-6.3c.2-.2.3-.5.3-.7s-.1-.5-.3-.7c-.2-.2-.4-.3-.7-.3h-11c-.3 0-.5.1-.7.3-.2.2-.3.5-.3.7s.1.5.3.7z\"\/><\/svg><\/span><\/span><\/span><\/a><\/span><\/div>\n<nav><ul class='ez-toc-list ez-toc-list-level-1 eztoc-toggle-hide-by-default' ><li class='ez-toc-page-1 ez-toc-heading-level-2'><a class=\"ez-toc-link ez-toc-heading-1\" href=\"https:\/\/www.tenda.com\/blog\/minha-casa-minha-vida\/diferenca-minha-casa-minha-vida-casa-verde-amarela\/#O_que_e_o_Minha_Casa_Minha_Vida\" title=\"O que \u00e9 o Minha Casa, Minha Vida?\">O que \u00e9 o Minha Casa, Minha Vida?<\/a><ul class='ez-toc-list-level-3' ><li class='ez-toc-heading-level-3'><a class=\"ez-toc-link ez-toc-heading-2\" href=\"https:\/\/www.tenda.com\/blog\/minha-casa-minha-vida\/diferenca-minha-casa-minha-vida-casa-verde-amarela\/#Quem_pode_participar_do_programa_Minha_Casa_Minha_Vida\" title=\"Quem pode participar do programa Minha Casa, Minha Vida?\">Quem pode participar do programa Minha Casa, Minha Vida?<\/a><\/li><\/ul><\/li><li class='ez-toc-page-1 ez-toc-heading-level-2'><a class=\"ez-toc-link ez-toc-heading-3\" href=\"https:\/\/www.tenda.com\/blog\/minha-casa-minha-vida\/diferenca-minha-casa-minha-vida-casa-verde-amarela\/#O_que_e_o_Casa_Verde_e_Amarela\" title=\"O que \u00e9 o Casa Verde e Amarela?\">O que \u00e9 o Casa Verde e Amarela?<\/a><ul class='ez-toc-list-level-3' ><li class='ez-toc-heading-level-3'><a class=\"ez-toc-link ez-toc-heading-4\" href=\"https:\/\/www.tenda.com\/blog\/minha-casa-minha-vida\/diferenca-minha-casa-minha-vida-casa-verde-amarela\/#Como_funcionava_o_programa_Casa_Verde_e_Amarela\" title=\"Como funcionava o programa Casa Verde e Amarela?\">Como funcionava o programa Casa Verde e Amarela?<\/a><\/li><\/ul><\/li><li class='ez-toc-page-1 ez-toc-heading-level-2'><a class=\"ez-toc-link ez-toc-heading-5\" href=\"https:\/\/www.tenda.com\/blog\/minha-casa-minha-vida\/diferenca-minha-casa-minha-vida-casa-verde-amarela\/#Qual_e_a_diferenca_entre_o_Minha_Casa_Minha_Vida_e_o_Casa_Verde_e_Amarela\" title=\"Qual \u00e9 a diferen\u00e7a entre o Minha Casa, Minha Vida e o Casa Verde e Amarela?\">Qual \u00e9 a diferen\u00e7a entre o Minha Casa, Minha Vida e o Casa Verde e Amarela?<\/a><\/li><li class='ez-toc-page-1 ez-toc-heading-level-2'><a class=\"ez-toc-link ez-toc-heading-6\" href=\"https:\/\/www.tenda.com\/blog\/minha-casa-minha-vida\/diferenca-minha-casa-minha-vida-casa-verde-amarela\/#O_que_nao_muda_com_o_Minha_Casa_Minha_Vida\" title=\"O que n\u00e3o muda com o Minha Casa, Minha Vida?\">O que n\u00e3o muda com o Minha Casa, Minha Vida?<\/a><ul class='ez-toc-list-level-3' ><li class='ez-toc-heading-level-3'><a class=\"ez-toc-link ez-toc-heading-7\" href=\"https:\/\/www.tenda.com\/blog\/minha-casa-minha-vida\/diferenca-minha-casa-minha-vida-casa-verde-amarela\/#Subsidio\" title=\"Subs\u00eddio\">Subs\u00eddio<\/a><\/li><li class='ez-toc-page-1 ez-toc-heading-level-3'><a class=\"ez-toc-link ez-toc-heading-8\" href=\"https:\/\/www.tenda.com\/blog\/minha-casa-minha-vida\/diferenca-minha-casa-minha-vida-casa-verde-amarela\/#FGTS\" title=\"FGTS\">FGTS<\/a><\/li><li class='ez-toc-page-1 ez-toc-heading-level-3'><a class=\"ez-toc-link ez-toc-heading-9\" href=\"https:\/\/www.tenda.com\/blog\/minha-casa-minha-vida\/diferenca-minha-casa-minha-vida-casa-verde-amarela\/#Composicao_de_renda\" title=\"Composi\u00e7\u00e3o de renda\">Composi\u00e7\u00e3o de renda<\/a><\/li><\/ul><\/li><li class='ez-toc-page-1 ez-toc-heading-level-2'><a class=\"ez-toc-link ez-toc-heading-10\" href=\"https:\/\/www.tenda.com\/blog\/minha-casa-minha-vida\/diferenca-minha-casa-minha-vida-casa-verde-amarela\/#Comece_agora_o_seu_caminho_ate_o_imovel_proprio\" title=\"Comece agora o seu caminho at\u00e9 o im\u00f3vel pr\u00f3prio\">Comece agora o seu caminho at\u00e9 o im\u00f3vel pr\u00f3prio<\/a><\/li><\/ul><\/nav><\/div>\n\n<p><span style=\"font-weight: 400;\">Nos \u00faltimos anos, muitas pessoas ficaram confusas sobre os programas habitacionais do governo. Em 2019, o Minha Casa, Minha Vida deu lugar ao Casa Verde e Amarela, que, em 2023, foi substitu\u00eddo pelo MCMV novamente. Com tantas atualiza\u00e7\u00f5es, faz sentido querer saber qual \u00e9 a diferen\u00e7a entre Minha Casa, Minha Vida e Casa Verde e Amarela.<\/span><\/p>\n<p><span style=\"font-weight: 400;\">A compara\u00e7\u00e3o entre os dois inclui muito mais que os n\u00fameros e as regras. Essa \u00e9 uma oportunidade de entender melhor o que mudou com o relan\u00e7amento do MCMV, que promete acesso ainda mais f\u00e1cil aos im\u00f3veis para as fam\u00edlias brasileiras.<\/span><\/p>\n<p><span style=\"font-weight: 400;\">Continue a leitura e descubra exatamente como esses dois programas habitacionais se diferenciam!<\/span><\/p>\n<h2><span class=\"ez-toc-section\" id=\"O_que_e_o_Minha_Casa_Minha_Vida\"><\/span><strong>O que \u00e9 o Minha Casa, Minha Vida?<\/strong><span class=\"ez-toc-section-end\"><\/span><\/h2>\n<p><span style=\"font-weight: 400;\">O Minha Casa, Minha Vida \u00e9 um programa do Governo Federal que surgiu em 2009 e passou por algumas atualiza\u00e7\u00f5es e mudan\u00e7as ao longo de sua trajet\u00f3ria. Em 2020, foi substitu\u00eddo pelo Casa Verde e Amarela; entretanto, voltou em 2023 com diversas atualiza\u00e7\u00f5es em suas regras e benef\u00edcios.<\/span><\/p>\n<p><span style=\"font-weight: 400;\">Apesar das mudan\u00e7as, o principal objetivo do Minha Casa, Minha Vida permanece: ajudar a realizar o sonho da casa pr\u00f3pria, principalmente para as fam\u00edlias de baixa renda.<\/span><\/p>\n<h3><span class=\"ez-toc-section\" id=\"Quem_pode_participar_do_programa_Minha_Casa_Minha_Vida\"><\/span><span style=\"font-weight: 400;\">Quem pode participar do programa Minha Casa, Minha Vida?<\/span><span class=\"ez-toc-section-end\"><\/span><\/h3>\n<p><iframe loading=\"lazy\" title=\"QUEM PODE PARTICIPAR DO MINHA CASA MINHA VIDA?\" width=\"500\" height=\"281\" src=\"https:\/\/www.youtube.com\/embed\/mqpGdD62PeY?feature=oembed\" frameborder=\"0\" allow=\"accelerometer; autoplay; clipboard-write; encrypted-media; gyroscope; picture-in-picture; web-share\" referrerpolicy=\"strict-origin-when-cross-origin\" allowfullscreen><\/iframe><\/p>\n<p><span style=\"font-weight: 400;\">Pode participar do Minha Casa, Minha Vida todo brasileiro maior de 18 anos, que n\u00e3o tenha im\u00f3vel pr\u00f3prio em seu nome e que nunca tenha participado de nenhum programa habitacional do governo. Os benefici\u00e1rios tamb\u00e9m precisam se encaixar em uma das <\/span><a href=\"https:\/\/www.tenda.com\/blog\/minha-casa-minha-vida\/saiba-tudo-sobre-as-faixas-de-renda-do-minha-casa-minha-vida\/\" target=\"_blank\" rel=\"noopener\"><span style=\"font-weight: 400;\">faixas de renda<\/span><\/a><span style=\"font-weight: 400;\"> do programa.\u00a0<\/span><\/p>\n<p><span style=\"font-weight: 400;\">Ao cumprir os requisitos, voc\u00ea tem a oportunidade de utiliz\u00e1-lo para financiar uma casa ou apartamento.<\/span><\/p>\n<p><span style=\"font-weight: 400;\">A tabela a seguir apresenta informa\u00e7\u00f5es atualizadas em 22 de abril de 2026.<\/span><\/p>\n<table style=\"height: 431px;\" width=\"908\">\n<thead>\n<tr>\n<th><\/th>\n<th><b>Renda<\/b><\/th>\n<th><b>Prazo de pagamento<\/b><\/th>\n<\/tr>\n<\/thead>\n<tbody>\n<tr>\n<td><b>Faixa 1<\/b><\/td>\n<td><span style=\"font-weight: 400;\">at\u00e9 R$ 3.200,00<\/span><\/td>\n<td><span style=\"font-weight: 400;\">at\u00e9 420 vezes (35 anos)<\/span><\/td>\n<\/tr>\n<tr>\n<td><b>Faixa 2<\/b><\/td>\n<td><span style=\"font-weight: 400;\">entre R$ 3.200,01 e R$ 5.000,00<\/span><\/td>\n<td><span style=\"font-weight: 400;\">at\u00e9 420 vezes (35 anos)<\/span><\/td>\n<\/tr>\n<tr>\n<td><b>Faixa 3<\/b><\/td>\n<td><span style=\"font-weight: 400;\">entre R$ 5.000,01 e R$ 9.600,00<\/span><\/td>\n<td><span style=\"font-weight: 400;\">at\u00e9 420 vezes (35 anos)<\/span><\/td>\n<\/tr>\n<tr>\n<td><b>Faixa 4<\/b><\/td>\n<td><span style=\"font-weight: 400;\">entre R$ 9.600,01 e R$ 13.000,00<\/span><\/td>\n<td><span style=\"font-weight: 400;\">at\u00e9 420 vezes (35 anos)<\/span><\/td>\n<\/tr>\n<\/tbody>\n<\/table>\n<h2><span class=\"ez-toc-section\" id=\"O_que_e_o_Casa_Verde_e_Amarela\"><\/span><strong>O que \u00e9 o Casa Verde e Amarela?<\/strong><span class=\"ez-toc-section-end\"><\/span><\/h2>\n<p><span style=\"font-weight: 400;\">Assim como o MCMV, o <\/span><a href=\"http:\/\/www.tenda.com\/casa-verde-e-amarela\" target=\"_blank\" rel=\"noopener\"><span style=\"font-weight: 400;\">Casa Verde e Amarela<\/span><\/a><span style=\"font-weight: 400;\"> foi um programa criado pelo Governo Federal com o objetivo de promover o direito \u00e0 moradia para pessoas de todo o Brasil.<\/span><\/p>\n<p><span style=\"font-weight: 400;\">Sua cria\u00e7\u00e3o ocorreu em 2020 e o antigo programa dividia o p\u00fablico-alvo em tr\u00eas grupos. Al\u00e9m de financiamento de im\u00f3veis, previa outras a\u00e7\u00f5es, como reforma para melhorias da moradia e regulariza\u00e7\u00e3o fundi\u00e1ria.<\/span><\/p>\n<p><span style=\"font-weight: 400;\">Em resumo, o programa tamb\u00e9m tinha como prop\u00f3sito melhorar a qualidade de vida dos brasileiros e facilitar o acesso ao mercado imobili\u00e1rio.<\/span><\/p>\n<h3><span class=\"ez-toc-section\" id=\"Como_funcionava_o_programa_Casa_Verde_e_Amarela\"><\/span><span style=\"font-weight: 400;\">Como funcionava o programa Casa Verde e Amarela?<\/span><span class=\"ez-toc-section-end\"><\/span><\/h3>\n<p><span style=\"font-weight: 400;\">O Casa Verde e Amarela atendia fam\u00edlias com renda mensal de at\u00e9 R$ 8.000,00, com condi\u00e7\u00f5es de juros e subs\u00eddios que variavam de acordo com a faixa de renda e com a regi\u00e3o do im\u00f3vel. Fam\u00edlias com menor poder aquisitivo, moradores do Norte e Nordeste e cotistas do FGTS aproveitavam as melhores condi\u00e7\u00f5es.<\/span><\/p>\n<p><span style=\"font-weight: 400;\">Os grupos benefici\u00e1rios do programa eram:<\/span><\/p>\n<ul>\n<li style=\"font-weight: 400;\" aria-level=\"1\"><b>grupo 1<\/b><span style=\"font-weight: 400;\">: renda de at\u00e9 R$ 2.400,00 por m\u00eas;<\/span><\/li>\n<li style=\"font-weight: 400;\" aria-level=\"1\"><b>grupo 2<\/b><span style=\"font-weight: 400;\">: renda entre R$ 2.400,01 e R$ 4.400,00;<\/span><\/li>\n<li style=\"font-weight: 400;\" aria-level=\"1\"><b>grupo 3<\/b><span style=\"font-weight: 400;\">: renda entre R$ 4.400,01 e R$ 8.000,00.<\/span><\/li>\n<\/ul>\n<p><span style=\"font-weight: 400;\">Al\u00e9m da compra de im\u00f3veis, o programa tinha a\u00e7\u00f5es com foco em regulariza\u00e7\u00e3o fundi\u00e1ria e melhoria das habita\u00e7\u00f5es em \u00e1reas urbanas.<\/span><\/p>\n<h2><span class=\"ez-toc-section\" id=\"Qual_e_a_diferenca_entre_o_Minha_Casa_Minha_Vida_e_o_Casa_Verde_e_Amarela\"><\/span><strong>Qual \u00e9 a diferen\u00e7a entre o Minha Casa, Minha Vida e o Casa Verde e Amarela?<\/strong><span class=\"ez-toc-section-end\"><\/span><\/h2>\n<p><span style=\"font-weight: 400;\">A principal diferen\u00e7a entre o Minha Casa, Minha Vida e o Casa Verde e Amarela \u00e9 a distin\u00e7\u00e3o dos grupos que podem se beneficiar dos programas habitacionais. Enquanto o Casa Verde e Amarela definiu tr\u00eas faixas de renda, o MCMV passou a ter quatro faixas em 2025.<\/span><\/p>\n<p><span style=\"font-weight: 400;\">Al\u00e9m da atualiza\u00e7\u00e3o de valores, outra diferen\u00e7a importante \u00e9 a <\/span><a href=\"https:\/\/www.tenda.com\/blog\/minha-casa-minha-vida\/entenda-a-taxa-de-juros-do-minha-casa-minha-vida\/\" target=\"_blank\" rel=\"noopener\"><span style=\"font-weight: 400;\">taxa de juros<\/span><\/a><span style=\"font-weight: 400;\">. No MCMV, as cobran\u00e7as para a primeira faixa s\u00e3o menores que os valores que estavam em vigor no Casa Verde e Amarela, mesmo com evolu\u00e7\u00e3o do mercado.<\/span><\/p>\n<p><span style=\"font-weight: 400;\">Veja a compara\u00e7\u00e3o entre as taxas principais e faixas de renda de ambos os programas:<\/span><\/p>\n<table style=\"height: 966px;\" width=\"1566\">\n<tbody>\n<tr>\n<td style=\"text-align: center;\"><b>Faixa de renda ou grupo<\/b><\/td>\n<td style=\"text-align: center;\"><b>Taxa de juros para cotista do FGTS pelo MCMV<\/b><\/td>\n<td style=\"text-align: center;\"><b>Taxa de juros para n\u00e3o-cotista do FGTS pelo MCMV<\/b><\/td>\n<td style=\"text-align: center;\"><b>Taxa de juros para cotista do FGTS pelo Casa Verde e Amarela<\/b><\/td>\n<td style=\"text-align: center;\"><b>Taxa de juros para n\u00e3o-cotista do FGTS pelo Casa Verde e Amarela<\/b><\/td>\n<\/tr>\n<tr>\n<td style=\"text-align: center;\"><b>Faixa 1<\/b><\/td>\n<td style=\"text-align: center;\"><span style=\"font-weight: 400;\">4,0% a 4,5% (Norte e Nordeste)<\/span><\/p>\n<p><span style=\"font-weight: 400;\">4,25% a 4,75% (Demais regi\u00f5es)<\/span><\/td>\n<td style=\"text-align: center;\"><span style=\"font-weight: 400;\">4,50% a 5% (Norte e Nordeste)<\/span><\/p>\n<p><span style=\"font-weight: 400;\">4,75% a 5,25% (Demais regi\u00f5es)<\/span><\/td>\n<td style=\"text-align: center;\"><span style=\"font-weight: 400;\">4,25% a 4,50% (Norte e Nordeste)<\/span><\/p>\n<p><span style=\"font-weight: 400;\">4,50% a 4,75% (Demais regi\u00f5es)<\/span><\/td>\n<td>\n<p style=\"text-align: center;\"><span style=\"font-weight: 400;\">4,75% a 5,00% (Norte e Nordeste)<\/span><\/p>\n<p style=\"text-align: center;\"><span style=\"font-weight: 400;\">5,00% a 5,25% (Demais regi\u00f5es)<\/span><\/p>\n<\/td>\n<\/tr>\n<tr>\n<td style=\"text-align: center;\"><b>Faixa 2<\/b><\/td>\n<td style=\"text-align: center;\"><span style=\"font-weight: 400;\">4,75% a 6,50% (Norte e Nordeste)<\/span><\/p>\n<p><span style=\"font-weight: 400;\">5,00% a 6,50% (Demais regi\u00f5es)<\/span><\/td>\n<td style=\"text-align: center;\"><span style=\"font-weight: 400;\">5,25% a 7,00% (Norte e Nordeste)<\/span><\/p>\n<p><span style=\"font-weight: 400;\">5,50% a 7,00% (Demais regi\u00f5es)<\/span><\/td>\n<td style=\"text-align: center;\"><span style=\"font-weight: 400;\">4,75% a 6,50% (Norte e Nordeste)<\/span><\/p>\n<p><span style=\"font-weight: 400;\">5,00% a 6,50% (Demais regi\u00f5es)<\/span><\/td>\n<td>\n<p style=\"text-align: center;\"><span style=\"font-weight: 400;\">5,25% a 7,00% (Norte e Nordeste)<\/span><\/p>\n<p style=\"text-align: center;\"><span style=\"font-weight: 400;\">5,50% a 7,00% (Demais regi\u00f5es)<\/span><\/p>\n<\/td>\n<\/tr>\n<tr>\n<td style=\"text-align: center;\"><b>Faixa 3<\/b><\/td>\n<td style=\"text-align: center;\"><span style=\"font-weight: 400;\">8,16% (todo o Brasil)<\/span><\/td>\n<td style=\"text-align: center;\"><span style=\"font-weight: 400;\">8,16% (todo o Brasil)<\/span><\/td>\n<td style=\"text-align: center;\"><span style=\"font-weight: 400;\">7,66% (todo o Brasil)<\/span><\/td>\n<td style=\"text-align: center;\"><span style=\"font-weight: 400;\">8,16% (todo o Brasil)<\/span><\/td>\n<\/tr>\n<tr>\n<td style=\"text-align: center;\"><b>Faixa 4<\/b><\/td>\n<td style=\"text-align: center;\"><span style=\"font-weight: 400;\">10% a 10,5% (todo o Brasil)<\/span><\/td>\n<td style=\"text-align: center;\"><span style=\"font-weight: 400;\">10% a 10,5% (todo o Brasil)<\/span><\/td>\n<td style=\"text-align: center;\"><span style=\"font-weight: 400;\">&#8211;<\/span><\/td>\n<td style=\"text-align: center;\"><span style=\"font-weight: 400;\">&#8211;<\/span><\/td>\n<\/tr>\n<\/tbody>\n<\/table>\n<p><span style=\"font-weight: 400;\"><br \/>\nA diferen\u00e7a na faixa de renda entre o Minha Casa, Minha Vida e o Casa Verde e Amarela \u00e9 importante para tornar o primeiro acess\u00edvel a mais fam\u00edlias. Segundo o <\/span><a href=\"https:\/\/g1.globo.com\/economia\/noticia\/2025\/05\/05\/nova-modalidade-minha-casa-minha-vida.ghtml#:~:text=Expectativa%20do%20governo%20%C3%A9%20beneficiar,mil%20fam%C3%ADlias%20ainda%20em%202025.&amp;text=A%20Caixa%20Econ%C3%B4mica%20Federal%20come%C3%A7ou,segunda%2Dfeira%20(5).\" target=\"_blank\" rel=\"noopener\"><span style=\"font-weight: 400;\">G1<\/span><\/a><span style=\"font-weight: 400;\">, a expectativa \u00e9 que o ajuste dos valores das faixas e a cria\u00e7\u00e3o desse quarto grupo beneficie mais 120 mil fam\u00edlias brasileiras.<\/span><\/p>\n<h2><span class=\"ez-toc-section\" id=\"O_que_nao_muda_com_o_Minha_Casa_Minha_Vida\"><\/span><strong>O que n\u00e3o muda com o Minha Casa, Minha Vida?<\/strong><span class=\"ez-toc-section-end\"><\/span><\/h2>\n<p><span style=\"font-weight: 400;\">Ap\u00f3s entender qual \u00e9 a diferen\u00e7a entre o Minha Casa, Minha Vida e o Casa Verde e Amarela, \u00e9 interessante saber que nem tudo mudou quando o MCMV retornou em 2023. A nova vers\u00e3o do programa manteve e aprimorou certos benef\u00edcios de seu antecessor.<\/span><\/p>\n<p><span style=\"font-weight: 400;\">Veja o que se mant\u00e9m!<\/span><\/p>\n<h3><span class=\"ez-toc-section\" id=\"Subsidio\"><\/span><span style=\"font-weight: 400;\">Subs\u00eddio<\/span><span class=\"ez-toc-section-end\"><\/span><\/h3>\n<p><span style=\"font-weight: 400;\">O subs\u00eddio \u00e9 um dos principais recursos do Minha Casa, Minha Vida, por diminuir o valor do financiamento para que as parcelas caibam no bolso de milhares de fam\u00edlias. Mesmo com o novo programa, a condi\u00e7\u00e3o se mant\u00e9m.<\/span><\/p>\n<p><span style=\"font-weight: 400;\">Os valores dos subs\u00eddios continuam a variar de acordo com a cidade e com a renda bruta familiar. Para entender melhor, veja como ficaram os valores disponibilizados no programa Minha Casa, Minha Vida:<\/span><\/p>\n<ul>\n<li style=\"font-weight: 400;\" aria-level=\"1\"><b>1\u00aa faixa de renda<\/b><span style=\"font-weight: 400;\">: subs\u00eddio de at\u00e9 95% do valor do im\u00f3vel, a depender da renda e da regi\u00e3o do im\u00f3vel;<\/span><\/li>\n<li style=\"font-weight: 400;\" aria-level=\"1\"><b>2\u00aa faixa de renda<\/b><span style=\"font-weight: 400;\">: subs\u00eddio de at\u00e9 R$ 55 mil, a depender da renda e da regi\u00e3o do im\u00f3vel;<\/span><\/li>\n<li style=\"font-weight: 400;\" aria-level=\"1\"><b>3\u00aa e 4\u00aa faixa de renda<\/b><span style=\"font-weight: 400;\">: n\u00e3o h\u00e1 subs\u00eddios.<\/span><\/li>\n<\/ul>\n<h3><span class=\"ez-toc-section\" id=\"FGTS\"><\/span><span style=\"font-weight: 400;\">FGTS<\/span><span class=\"ez-toc-section-end\"><\/span><\/h3>\n<p><span style=\"font-weight: 400;\">Outro benef\u00edcio que permanece \u00e9 a possibilidade de usar o Fundo de Garantia do Tempo de Servi\u00e7o (<\/span><a href=\"https:\/\/www.tenda.com\/blog\/trilha-da-conquista\/como-sacar-o-fgts-para-comprar-um-imovel\/\" target=\"_blank\" rel=\"noopener\"><span style=\"font-weight: 400;\">FGTS<\/span><\/a><span style=\"font-weight: 400;\">). Os recursos podem servir para dar entrada no financiamento ou reduzir o impacto das presta\u00e7\u00f5es na renda mensal.<\/span><\/p>\n<p><span style=\"font-weight: 400;\">Confira o v\u00eddeo abaixo, que explica detalhes de como usar o FGTS na compra de um im\u00f3vel:<\/span><\/p>\n<p><iframe loading=\"lazy\" title=\"Como usar o FGTS no financiamento imobili\u00e1rio | Tenda Explica!\" width=\"500\" height=\"281\" src=\"https:\/\/www.youtube.com\/embed\/PO10J5w1z-8?feature=oembed\" frameborder=\"0\" allow=\"accelerometer; autoplay; clipboard-write; encrypted-media; gyroscope; picture-in-picture; web-share\" referrerpolicy=\"strict-origin-when-cross-origin\" allowfullscreen><\/iframe><\/p>\n<h3><span class=\"ez-toc-section\" id=\"Composicao_de_renda\"><\/span><span style=\"font-weight: 400;\">Composi\u00e7\u00e3o de renda<\/span><span class=\"ez-toc-section-end\"><\/span><\/h3>\n<p><span style=\"font-weight: 400;\">A composi\u00e7\u00e3o de renda \u00e9 a soma dos sal\u00e1rios de duas ou mais pessoas, como os familiares que moram na mesma resid\u00eancia. No Minha Casa, Minha Vida, voc\u00ea tamb\u00e9m pode utiliz\u00e1-la para aumentar a chance de aprova\u00e7\u00e3o do financiamento e conseguir um valor maior.<\/span><\/p>\n<h2><span class=\"ez-toc-section\" id=\"Comece_agora_o_seu_caminho_ate_o_imovel_proprio\"><\/span><strong>Comece agora o seu caminho at\u00e9 o im\u00f3vel pr\u00f3prio<\/strong><span class=\"ez-toc-section-end\"><\/span><\/h2>\n<p><span style=\"font-weight: 400;\">Como voc\u00ea aprendeu, a principal diferen\u00e7a entre Minha Casa, Minha Vida e Casa Verde e Amarela est\u00e1 nos grupos de benefici\u00e1rios e nas taxas de juros. O programa, relan\u00e7ado em 2023 e atualizado em 2026, oferece ainda mais acessibilidade, com melhores condi\u00e7\u00f5es e mais faixas de renda.<\/span><\/p>\n<p><span style=\"font-weight: 400;\">E se voc\u00ea sonha com a casa pr\u00f3pria, a Tenda Construtora \u00e9 a sua parceira! Al\u00e9m de im\u00f3veis prontos para morar e pre\u00e7os acess\u00edveis, oferecemos orienta\u00e7\u00e3o completa sobre o Minha Casa, Minha Vida \u2014 tudo para voc\u00ea transformar esse sonho em realidade.<\/span><\/p>\n<p><span style=\"font-weight: 400;\">Confira a nossa <\/span><a href=\"https:\/\/www.tenda.com\/loja-virtual\/\" target=\"_blank\" rel=\"noopener\"><span style=\"font-weight: 400;\">Loja Virtual Tenda<\/span><\/a><span style=\"font-weight: 400;\"> ou <\/span><a href=\"https:\/\/tenda.com\/sobre-a-tenda#fale-tenda\" target=\"_blank\" rel=\"noopener\"><span style=\"font-weight: 400;\">entre em contato com a gente<\/span><\/a><span style=\"font-weight: 400;\"> para saber mais!<\/span><\/p>\n","protected":false},"excerpt":{"rendered":"<p>&nbsp; Nos \u00faltimos anos, muitas pessoas ficaram confusas sobre os programas habitacionais do governo. Em 2019, o [&#8230;]<\/p>\n","protected":false},"author":40,"featured_media":32028,"comment_status":"open","ping_status":"closed","sticky":false,"template":"","format":"standard","meta":{"footnotes":""},"categories":[6],"tags":[227,65,66,236,73],"class_list":["post-6481","post","type-post","status-publish","format-standard","has-post-thumbnail","hentry","category-minha-casa-minha-vida","tag-casa-verde-e-amarela","tag-fgts","tag-financiamento","tag-minha-casa-minha-vida","tag-subsidio"],"yoast_head":"<!-- This site is optimized with the Yoast SEO plugin v23.4 - https:\/\/yoast.com\/wordpress\/plugins\/seo\/ -->\n<title>Diferen\u00e7a entre Minha Casa, Minha Vida e Casa Verde e Amarela<\/title>\n<meta name=\"robots\" content=\"index,follow\" \/>\n<meta property=\"og:locale\" content=\"pt_BR\" \/>\n<meta property=\"og:url\" content=\"https:\/\/www.tenda.com\/blog\/minha-casa-minha-vida\/diferenca-minha-casa-minha-vida-casa-verde-amarela\" \/>\n<meta property=\"article:publisher\" content=\"https:\/\/www.facebook.com\/ConstrutoraTenda\/\" \/>\n<meta property=\"article:published_time\" content=\"2026-07-20T16:00:05+00:00\" \/>\n<meta property=\"article:modified_time\" content=\"2026-07-20T18:47:32+00:00\" \/>\n<meta property=\"og:image\" content=\"https:\/\/www.tenda.com\/blog\/wp-content\/uploads\/2025\/07\/Minha-Casa-Minha-Vida-e-Casa-Verde-e-Amarela-Desk.jpg\" \/>\n\t<meta property=\"og:image:width\" content=\"726\" \/>\n\t<meta property=\"og:image:height\" content=\"400\" \/>\n\t<meta property=\"og:image:type\" content=\"image\/jpeg\" \/>\n<meta name=\"author\" content=\"Blog da Tenda\" \/>\n<meta name=\"twitter:label1\" content=\"Escrito por\" \/>\n\t<meta name=\"twitter:data1\" content=\"Blog da Tenda\" \/>\n\t<meta name=\"twitter:label2\" content=\"Est. tempo de leitura\" \/>\n\t<meta name=\"twitter:data2\" content=\"8 minutos\" \/>\n<!-- \/ Yoast SEO plugin. -->","yoast_head_json":{"title":"Diferen\u00e7a entre Minha Casa, Minha Vida e Casa Verde e Amarela","robots":{"index,follow":"index,follow"},"og_locale":"pt_BR","og_url":"https:\/\/www.tenda.com\/blog\/minha-casa-minha-vida\/diferenca-minha-casa-minha-vida-casa-verde-amarela","article_publisher":"https:\/\/www.facebook.com\/ConstrutoraTenda\/","article_published_time":"2026-07-20T16:00:05+00:00","article_modified_time":"2026-07-20T18:47:32+00:00","og_image":[{"width":726,"height":400,"url":"https:\/\/www.tenda.com\/blog\/wp-content\/uploads\/2025\/07\/Minha-Casa-Minha-Vida-e-Casa-Verde-e-Amarela-Desk.jpg","type":"image\/jpeg"}],"author":"Blog da Tenda","twitter_misc":{"Escrito por":"Blog da Tenda","Est. tempo de leitura":"8 minutos"},"schema":{"@context":"https:\/\/schema.org","@graph":[{"@type":"Article","@id":"https:\/\/www.tenda.com\/blog\/minha-casa-minha-vida\/diferenca-minha-casa-minha-vida-casa-verde-amarela#article","isPartOf":{"@id":"https:\/\/www.tenda.com\/blog\/minha-casa-minha-vida\/diferenca-minha-casa-minha-vida-casa-verde-amarela"},"author":{"name":"Blog da Tenda","@id":"https:\/\/www.tenda.com\/blog\/#\/schema\/person\/401cec400e9a62cb00a064018dfd8dec"},"headline":"Diferen\u00e7a entre Minha Casa, Minha Vida e Casa Verde e Amarela: veja!","datePublished":"2026-07-20T16:00:05+00:00","dateModified":"2026-07-20T18:47:32+00:00","mainEntityOfPage":{"@id":"https:\/\/www.tenda.com\/blog\/minha-casa-minha-vida\/diferenca-minha-casa-minha-vida-casa-verde-amarela"},"wordCount":1321,"commentCount":0,"publisher":{"@id":"https:\/\/www.tenda.com\/blog\/#organization"},"image":{"@id":"https:\/\/www.tenda.com\/blog\/minha-casa-minha-vida\/diferenca-minha-casa-minha-vida-casa-verde-amarela#primaryimage"},"thumbnailUrl":"https:\/\/www.tenda.com\/blog\/wp-content\/uploads\/2025\/07\/Minha-Casa-Minha-Vida-e-Casa-Verde-e-Amarela-Desk.jpg","keywords":["Casa Verde e Amarela","FGTS","Financiamento","Minha Casa Minha Vida","Subs\u00eddio"],"articleSection":["Minha Casa Minha Vida"],"inLanguage":"pt-BR","potentialAction":[{"@type":"CommentAction","name":"Comment","target":["https:\/\/www.tenda.com\/blog\/minha-casa-minha-vida\/diferenca-minha-casa-minha-vida-casa-verde-amarela#respond"]}]},{"@type":"WebPage","@id":"https:\/\/www.tenda.com\/blog\/minha-casa-minha-vida\/diferenca-minha-casa-minha-vida-casa-verde-amarela","url":"https:\/\/www.tenda.com\/blog\/minha-casa-minha-vida\/diferenca-minha-casa-minha-vida-casa-verde-amarela","name":"Diferen\u00e7a entre Minha Casa, Minha Vida e Casa Verde e Amarela","isPartOf":{"@id":"https:\/\/www.tenda.com\/blog\/#website"},"primaryImageOfPage":{"@id":"https:\/\/www.tenda.com\/blog\/minha-casa-minha-vida\/diferenca-minha-casa-minha-vida-casa-verde-amarela#primaryimage"},"image":{"@id":"https:\/\/www.tenda.com\/blog\/minha-casa-minha-vida\/diferenca-minha-casa-minha-vida-casa-verde-amarela#primaryimage"},"thumbnailUrl":"https:\/\/www.tenda.com\/blog\/wp-content\/uploads\/2025\/07\/Minha-Casa-Minha-Vida-e-Casa-Verde-e-Amarela-Desk.jpg","datePublished":"2026-07-20T16:00:05+00:00","dateModified":"2026-07-20T18:47:32+00:00","description":"A volta do MCMV trouxe novas regras e benef\u00edcios. Confira a diferen\u00e7a entre Minha Casa, Minha Vida e Casa Verde e Amarela!","breadcrumb":{"@id":"https:\/\/www.tenda.com\/blog\/minha-casa-minha-vida\/diferenca-minha-casa-minha-vida-casa-verde-amarela#breadcrumb"},"inLanguage":"pt-BR","potentialAction":[{"@type":"ReadAction","target":["https:\/\/www.tenda.com\/blog\/minha-casa-minha-vida\/diferenca-minha-casa-minha-vida-casa-verde-amarela"]}]},{"@type":"ImageObject","inLanguage":"pt-BR","@id":"https:\/\/www.tenda.com\/blog\/minha-casa-minha-vida\/diferenca-minha-casa-minha-vida-casa-verde-amarela#primaryimage","url":"https:\/\/www.tenda.com\/blog\/wp-content\/uploads\/2025\/07\/Minha-Casa-Minha-Vida-e-Casa-Verde-e-Amarela-Desk.jpg","contentUrl":"https:\/\/www.tenda.com\/blog\/wp-content\/uploads\/2025\/07\/Minha-Casa-Minha-Vida-e-Casa-Verde-e-Amarela-Desk.jpg","width":726,"height":400,"caption":"Minha Casa, Minha Vida e Casa Verde e Amarela | Mulher segurando uma chave ao lado de pessoa assinando um contrato com uma casinha em miniatura sobre a mesa | Minha Casa Minha Vida | Blog da Tenda"},{"@type":"BreadcrumbList","@id":"https:\/\/www.tenda.com\/blog\/minha-casa-minha-vida\/diferenca-minha-casa-minha-vida-casa-verde-amarela#breadcrumb","itemListElement":[{"@type":"ListItem","position":1,"name":"In\u00edcio","item":"https:\/\/www.tenda.com\/blog\/"},{"@type":"ListItem","position":2,"name":"Diferen\u00e7a entre Minha Casa, Minha Vida e Casa Verde e Amarela: veja!"}]},{"@type":"WebSite","@id":"https:\/\/www.tenda.com\/blog\/#website","url":"https:\/\/www.tenda.com\/blog\/","name":"Blog da Tenda","description":"Blog","publisher":{"@id":"https:\/\/www.tenda.com\/blog\/#organization"},"potentialAction":[{"@type":"SearchAction","target":{"@type":"EntryPoint","urlTemplate":"https:\/\/www.tenda.com\/blog\/?s={search_term_string}"},"query-input":{"@type":"PropertyValueSpecification","valueRequired":true,"valueName":"search_term_string"}}],"inLanguage":"pt-BR"},{"@type":"Organization","@id":"https:\/\/www.tenda.com\/blog\/#organization","name":"Construtora Tenda","url":"https:\/\/www.tenda.com\/blog\/","logo":{"@type":"ImageObject","inLanguage":"pt-BR","@id":"https:\/\/www.tenda.com\/blog\/#\/schema\/logo\/image\/","url":"https:\/\/www.tenda.com\/blog\/wp-content\/uploads\/2020\/09\/logo-tenda_RGB_vermelho.png","contentUrl":"https:\/\/www.tenda.com\/blog\/wp-content\/uploads\/2020\/09\/logo-tenda_RGB_vermelho.png","width":1579,"height":379,"caption":"Construtora Tenda"},"image":{"@id":"https:\/\/www.tenda.com\/blog\/#\/schema\/logo\/image\/"},"sameAs":["https:\/\/www.facebook.com\/ConstrutoraTenda\/","https:\/\/www.instagram.com\/construtoratenda","https:\/\/br.linkedin.com\/company\/construtora-tenda","https:\/\/www.youtube.com\/user\/TendaConstrutora","https:\/\/en.wikipedia.org\/wiki\/Construtora_Tenda"]},{"@type":"Person","@id":"https:\/\/www.tenda.com\/blog\/#\/schema\/person\/401cec400e9a62cb00a064018dfd8dec","name":"Blog da Tenda","image":{"@type":"ImageObject","inLanguage":"pt-BR","@id":"https:\/\/www.tenda.com\/blog\/#\/schema\/person\/image\/","url":"https:\/\/secure.gravatar.com\/avatar\/2258a587f7dea6e05a6ed2c1e52ee9d6?s=96&d=mm&r=g","contentUrl":"https:\/\/secure.gravatar.com\/avatar\/2258a587f7dea6e05a6ed2c1e52ee9d6?s=96&d=mm&r=g","caption":"Blog da Tenda"},"url":"https:\/\/www.tenda.com\/blog\/author\/ana-luisa"}]}},"_links":{"self":[{"href":"https:\/\/www.tenda.com\/blog\/wp-json\/wp\/v2\/posts\/6481"}],"collection":[{"href":"https:\/\/www.tenda.com\/blog\/wp-json\/wp\/v2\/posts"}],"about":[{"href":"https:\/\/www.tenda.com\/blog\/wp-json\/wp\/v2\/types\/post"}],"author":[{"embeddable":true,"href":"https:\/\/www.tenda.com\/blog\/wp-json\/wp\/v2\/users\/40"}],"replies":[{"embeddable":true,"href":"https:\/\/www.tenda.com\/blog\/wp-json\/wp\/v2\/comments?post=6481"}],"version-history":[{"count":45,"href":"https:\/\/www.tenda.com\/blog\/wp-json\/wp\/v2\/posts\/6481\/revisions"}],"predecessor-version":[{"id":33116,"href":"https:\/\/www.tenda.com\/blog\/wp-json\/wp\/v2\/posts\/6481\/revisions\/33116"}],"wp:featuredmedia":[{"embeddable":true,"href":"https:\/\/www.tenda.com\/blog\/wp-json\/wp\/v2\/media\/32028"}],"wp:attachment":[{"href":"https:\/\/www.tenda.com\/blog\/wp-json\/wp\/v2\/media?parent=6481"}],"wp:term":[{"taxonomy":"category","embeddable":true,"href":"https:\/\/www.tenda.com\/blog\/wp-json\/wp\/v2\/categories?post=6481"},{"taxonomy":"post_tag","embeddable":true,"href":"https:\/\/www.tenda.com\/blog\/wp-json\/wp\/v2\/tags?post=6481"}],"curies":[{"name":"wp","href":"https:\/\/api.w.org\/{rel}","templated":true}]}}