














{"id":32459,"date":"2026-01-16T08:00:23","date_gmt":"2026-01-16T11:00:23","guid":{"rendered":"https:\/\/www.tenda.com\/blog\/?p=32459"},"modified":"2026-03-12T16:20:40","modified_gmt":"2026-03-12T19:20:40","slug":"quando-hora-sair-aluguel","status":"publish","type":"post","link":"https:\/\/www.tenda.com\/blog\/trilha-da-conquista\/quando-hora-sair-aluguel","title":{"rendered":"Quando \u00e9 hora de sair do aluguel? Descubra se est\u00e1 pronto!"},"content":{"rendered":"<p><span style=\"font-weight: 400;\"><br \/>\nSaber <\/span><b>quando \u00e9 hora de sair do aluguel<\/b><span style=\"font-weight: 400;\"> n\u00e3o \u00e9 uma tarefa f\u00e1cil. Muitas pessoas se questionam sobre qual \u00e9 o momento certo, especialmente quando come\u00e7am a sentir o peso do gasto mensal ou quando sonham em ter um lar definitivo.<\/span><\/p><div id=\"ez-toc-container\" class=\"ez-toc-v2_0_71 counter-hierarchy ez-toc-counter ez-toc-grey ez-toc-container-direction\">\n<div class=\"ez-toc-title-container\">\n<p class=\"ez-toc-title\" style=\"cursor:inherit\">O que voc\u00ea vai encontrar nesse post <\/p>\n<span class=\"ez-toc-title-toggle\"><a href=\"#\" class=\"ez-toc-pull-right ez-toc-btn ez-toc-btn-xs ez-toc-btn-default ez-toc-toggle\" aria-label=\"Toggle Table of Content\"><span class=\"ez-toc-js-icon-con\"><span class=\"\"><span class=\"eztoc-hide\" style=\"display:none;\">Toggle<\/span><span class=\"ez-toc-icon-toggle-span\"><svg style=\"fill: #999;color:#999\" xmlns=\"http:\/\/www.w3.org\/2000\/svg\" class=\"list-377408\" width=\"20px\" height=\"20px\" viewBox=\"0 0 24 24\" fill=\"none\"><path d=\"M6 6H4v2h2V6zm14 0H8v2h12V6zM4 11h2v2H4v-2zm16 0H8v2h12v-2zM4 16h2v2H4v-2zm16 0H8v2h12v-2z\" fill=\"currentColor\"><\/path><\/svg><svg style=\"fill: #999;color:#999\" class=\"arrow-unsorted-368013\" xmlns=\"http:\/\/www.w3.org\/2000\/svg\" width=\"10px\" height=\"10px\" viewBox=\"0 0 24 24\" version=\"1.2\" baseProfile=\"tiny\"><path d=\"M18.2 9.3l-6.2-6.3-6.2 6.3c-.2.2-.3.4-.3.7s.1.5.3.7c.2.2.4.3.7.3h11c.3 0 .5-.1.7-.3.2-.2.3-.5.3-.7s-.1-.5-.3-.7zM5.8 14.7l6.2 6.3 6.2-6.3c.2-.2.3-.5.3-.7s-.1-.5-.3-.7c-.2-.2-.4-.3-.7-.3h-11c-.3 0-.5.1-.7.3-.2.2-.3.5-.3.7s.1.5.3.7z\"\/><\/svg><\/span><\/span><\/span><\/a><\/span><\/div>\n<nav><ul class='ez-toc-list ez-toc-list-level-1 eztoc-toggle-hide-by-default' ><li class='ez-toc-page-1 ez-toc-heading-level-2'><a class=\"ez-toc-link ez-toc-heading-1\" href=\"https:\/\/www.tenda.com\/blog\/trilha-da-conquista\/quando-hora-sair-aluguel\/#Como_saber_quando_e_hora_de_sair_do_aluguel\" title=\"Como saber quando \u00e9 hora de sair do aluguel?\">Como saber quando \u00e9 hora de sair do aluguel?<\/a><\/li><li class='ez-toc-page-1 ez-toc-heading-level-2'><a class=\"ez-toc-link ez-toc-heading-2\" href=\"https:\/\/www.tenda.com\/blog\/trilha-da-conquista\/quando-hora-sair-aluguel\/#O_valor_do_aluguel_esta_comprometendo_meu_orcamento\" title=\"O valor do aluguel est\u00e1 comprometendo meu or\u00e7amento?\">O valor do aluguel est\u00e1 comprometendo meu or\u00e7amento?<\/a><\/li><li class='ez-toc-page-1 ez-toc-heading-level-2'><a class=\"ez-toc-link ez-toc-heading-3\" href=\"https:\/\/www.tenda.com\/blog\/trilha-da-conquista\/quando-hora-sair-aluguel\/#Ja_tenho_reserva_financeira_suficiente_para_a_entrada_e_parcelas_do_financiamento\" title=\"J\u00e1 tenho reserva financeira suficiente para a entrada e parcelas do financiamento?\">J\u00e1 tenho reserva financeira suficiente para a entrada e parcelas do financiamento?<\/a><\/li><li class='ez-toc-page-1 ez-toc-heading-level-2'><a class=\"ez-toc-link ez-toc-heading-4\" href=\"https:\/\/www.tenda.com\/blog\/trilha-da-conquista\/quando-hora-sair-aluguel\/#Quais_sao_as_opcoes_de_financiamento_disponiveis_e_qual_a_mais_adequada_para_mim\" title=\"Quais s\u00e3o as op\u00e7\u00f5es de financiamento dispon\u00edveis e qual a mais adequada para mim?\">Quais s\u00e3o as op\u00e7\u00f5es de financiamento dispon\u00edveis e qual a mais adequada para mim?<\/a><ul class='ez-toc-list-level-3' ><li class='ez-toc-heading-level-3'><a class=\"ez-toc-link ez-toc-heading-5\" href=\"https:\/\/www.tenda.com\/blog\/trilha-da-conquista\/quando-hora-sair-aluguel\/#Sistema_Financeiro_da_Habitacao_SFH\" title=\"Sistema Financeiro da Habita\u00e7\u00e3o (SFH)\">Sistema Financeiro da Habita\u00e7\u00e3o (SFH)<\/a><\/li><li class='ez-toc-page-1 ez-toc-heading-level-3'><a class=\"ez-toc-link ez-toc-heading-6\" href=\"https:\/\/www.tenda.com\/blog\/trilha-da-conquista\/quando-hora-sair-aluguel\/#Sistema_de_Financiamento_Imobiliario_SFI\" title=\"Sistema de Financiamento Imobili\u00e1rio (SFI)\">Sistema de Financiamento Imobili\u00e1rio (SFI)<\/a><\/li><li class='ez-toc-page-1 ez-toc-heading-level-3'><a class=\"ez-toc-link ez-toc-heading-7\" href=\"https:\/\/www.tenda.com\/blog\/trilha-da-conquista\/quando-hora-sair-aluguel\/#Financiamento_direto_com_a_construtora\" title=\"Financiamento direto com a construtora\">Financiamento direto com a construtora<\/a><\/li><\/ul><\/li><li class='ez-toc-page-1 ez-toc-heading-level-2'><a class=\"ez-toc-link ez-toc-heading-8\" href=\"https:\/\/www.tenda.com\/blog\/trilha-da-conquista\/quando-hora-sair-aluguel\/#Quero_ter_mais_liberdade_para_fazer_reformas_e_personalizar_o_imovel\" title=\"Quero ter mais liberdade para fazer reformas e personalizar o im\u00f3vel?\">Quero ter mais liberdade para fazer reformas e personalizar o im\u00f3vel?<\/a><\/li><li class='ez-toc-page-1 ez-toc-heading-level-2'><a class=\"ez-toc-link ez-toc-heading-9\" href=\"https:\/\/www.tenda.com\/blog\/trilha-da-conquista\/quando-hora-sair-aluguel\/#A_estabilidade_de_ter_um_lar_proprio_e_importante_para_minha_familia_e_futuro\" title=\"A estabilidade de ter um lar pr\u00f3prio \u00e9 importante para minha fam\u00edlia e futuro?\">A estabilidade de ter um lar pr\u00f3prio \u00e9 importante para minha fam\u00edlia e futuro?<\/a><\/li><li class='ez-toc-page-1 ez-toc-heading-level-2'><a class=\"ez-toc-link ez-toc-heading-10\" href=\"https:\/\/www.tenda.com\/blog\/trilha-da-conquista\/quando-hora-sair-aluguel\/#Onde_comprar_o_meu_ape_5_dicas\" title=\"Onde comprar o meu ap\u00ea? 5 dicas!\">Onde comprar o meu ap\u00ea? 5 dicas!<\/a><ul class='ez-toc-list-level-3' ><li class='ez-toc-heading-level-3'><a class=\"ez-toc-link ez-toc-heading-11\" href=\"https:\/\/www.tenda.com\/blog\/trilha-da-conquista\/quando-hora-sair-aluguel\/#1_Avalie_a_localizacao\" title=\"1. Avalie a localiza\u00e7\u00e3o\">1. Avalie a localiza\u00e7\u00e3o<\/a><\/li><li class='ez-toc-page-1 ez-toc-heading-level-3'><a class=\"ez-toc-link ez-toc-heading-12\" href=\"https:\/\/www.tenda.com\/blog\/trilha-da-conquista\/quando-hora-sair-aluguel\/#2_Pesquise_a_seguranca_da_regiao\" title=\"2. Pesquise a seguran\u00e7a da regi\u00e3o\">2. Pesquise a seguran\u00e7a da regi\u00e3o<\/a><\/li><li class='ez-toc-page-1 ez-toc-heading-level-3'><a class=\"ez-toc-link ez-toc-heading-13\" href=\"https:\/\/www.tenda.com\/blog\/trilha-da-conquista\/quando-hora-sair-aluguel\/#3_Analise_a_infraestrutura_do_predio_ou_condominio\" title=\"3. Analise a infraestrutura do pr\u00e9dio ou condom\u00ednio\">3. Analise a infraestrutura do pr\u00e9dio ou condom\u00ednio<\/a><\/li><li class='ez-toc-page-1 ez-toc-heading-level-3'><a class=\"ez-toc-link ez-toc-heading-14\" href=\"https:\/\/www.tenda.com\/blog\/trilha-da-conquista\/quando-hora-sair-aluguel\/#4_Considere_o_potencial_de_valorizacao\" title=\"4. Considere o potencial de valoriza\u00e7\u00e3o\">4. Considere o potencial de valoriza\u00e7\u00e3o<\/a><\/li><li class='ez-toc-page-1 ez-toc-heading-level-3'><a class=\"ez-toc-link ez-toc-heading-15\" href=\"https:\/\/www.tenda.com\/blog\/trilha-da-conquista\/quando-hora-sair-aluguel\/#5_Visite_em_horarios_diferentes\" title=\"5. Visite em hor\u00e1rios diferentes\">5. Visite em hor\u00e1rios diferentes<\/a><\/li><\/ul><\/li><li class='ez-toc-page-1 ez-toc-heading-level-2'><a class=\"ez-toc-link ez-toc-heading-16\" href=\"https:\/\/www.tenda.com\/blog\/trilha-da-conquista\/quando-hora-sair-aluguel\/#Pronto_para_dar_o_primeiro_passo_rumo_a_casa_propria\" title=\"Pronto para dar o primeiro passo rumo \u00e0 casa pr\u00f3pria?\">Pronto para dar o primeiro passo rumo \u00e0 casa pr\u00f3pria?<\/a><\/li><\/ul><\/nav><\/div>\n\n<p><span style=\"font-weight: 400;\">Essa d\u00favida \u00e9 natural e envolve tanto quest\u00f5es econ\u00f4micas quanto emocionais. Segundo <\/span><a href=\"https:\/\/abrainc.org.br\/mercado-imobiliario\/2025\/02\/04\/casa-propria-e-desejo-de-93-dos-brasileiros-aponta-pesquisa-datafolha\" target=\"_blank\" rel=\"noopener nofollow\" class=\"broken_link\"><span style=\"font-weight: 400;\">pesquisa do Datafolha<\/span><\/a><span style=\"font-weight: 400;\">, <\/span><b>94% dos brasileiros acreditam ser mais vantajoso financeiramente morar em um im\u00f3vel pr\u00f3prio do que pagar aluguel.<\/b><\/p>\n<p><span style=\"font-weight: 400;\">Pensar sobre essa decis\u00e3o exige mais do que comparar valores. \u00c9 tamb\u00e9m sobre avaliar estilo de vida, estabilidade e planos para o futuro. N\u00e3o existe uma resposta \u00fanica, mas h\u00e1 sinais que ajudam a entender se chegou o momento de mudar.<\/span><\/p>\n<p><span style=\"font-weight: 400;\">Voc\u00ea est\u00e1 pronto para dar esse passo?<\/span><\/p>\n<p><span style=\"font-weight: 400;\">Neste guia, confira pontos de aten\u00e7\u00e3o e dicas pr\u00e1ticas que ajudam a identificar se essa \u00e9 a fase ideal para agir.<\/span><\/p>\n<p><span style=\"font-weight: 400;\">Vamos l\u00e1?<\/span><\/p>\n<h2><span class=\"ez-toc-section\" id=\"Como_saber_quando_e_hora_de_sair_do_aluguel\"><\/span><strong>Como saber quando \u00e9 hora de sair do aluguel?<\/strong><span class=\"ez-toc-section-end\"><\/span><\/h2>\n<p><span style=\"font-weight: 400;\">Descobrir quando \u00e9 a hora de sair do aluguel depende de an\u00e1lise financeira, planejamento de longo prazo e clareza sobre os seus objetivos pessoais. Estabelecer prioridades tamb\u00e9m \u00e9 essencial para entender o que voc\u00ea realmente deseja e do que pode precisar abrir m\u00e3o.<\/span><\/p>\n<p><span style=\"font-weight: 400;\">Avaliar esses aspectos com aten\u00e7\u00e3o facilita tomar uma decis\u00e3o segura e evita arrependimentos futuros.<\/span><\/p>\n<p><span style=\"font-weight: 400;\">Algumas reflex\u00f5es ajudam a encontrar a solu\u00e7\u00e3o:<\/span><\/p>\n<ul>\n<li style=\"font-weight: 400;\" aria-level=\"1\"><span style=\"font-weight: 400;\">o valor do aluguel est\u00e1 comprometendo meu or\u00e7amento?<\/span><\/li>\n<li style=\"font-weight: 400;\" aria-level=\"1\"><span style=\"font-weight: 400;\">j\u00e1 tenho reserva financeira suficiente para a entrada e parcelas do financiamento?<\/span><\/li>\n<li style=\"font-weight: 400;\" aria-level=\"1\"><span style=\"font-weight: 400;\">quais s\u00e3o as op\u00e7\u00f5es de financiamento dispon\u00edveis e qual a mais adequada para mim?<\/span><\/li>\n<li style=\"font-weight: 400;\" aria-level=\"1\"><span style=\"font-weight: 400;\">quero liberdade para reformar e personalizar minha casa?<\/span><\/li>\n<li style=\"font-weight: 400;\" aria-level=\"1\"><span style=\"font-weight: 400;\">a estabilidade de ter um im\u00f3vel pr\u00f3prio \u00e9 importante para minha fam\u00edlia? E para meu futuro?<\/span><\/li>\n<\/ul>\n<p><span style=\"font-weight: 400;\">Responder a essas quest\u00f5es com sinceridade \u00e9 o primeiro passo para saber se a compra de um im\u00f3vel trar\u00e1 mais benef\u00edcios do que manter o aluguel.<\/span><\/p>\n<p><span style=\"font-weight: 400;\">A seguir, veja o que considerar em cada ponto.<\/span><\/p>\n<h2><span class=\"ez-toc-section\" id=\"O_valor_do_aluguel_esta_comprometendo_meu_orcamento\"><\/span><strong>O valor do aluguel est\u00e1 comprometendo meu or\u00e7amento?<\/strong><span class=\"ez-toc-section-end\"><\/span><\/h2>\n<p><span style=\"font-weight: 400;\">Se o aluguel consome uma fatia muito grande da sua renda mensal, esse \u00e9 um sinal de alerta.<\/span><\/p>\n<p><span style=\"font-weight: 400;\">Segundo a <\/span><a href=\"https:\/\/biblioteca.ibge.gov.br\/index.php\/biblioteca-catalogo?view=detalhes&amp;id=2102144\" target=\"_blank\" rel=\"noopener\"><span style=\"font-weight: 400;\">S\u00edntese de Indicadores Sociais 2024<\/span><\/a><span style=\"font-weight: 400;\">, an\u00e1lise realizada pelo IBGE (Instituto Brasileiro de Geografia e Estat\u00edstica), <\/span><b>comprometer 30% ou mais da receita domiciliar com aluguel \u00e9 considerado \u00f4nus excessivo<\/b><span style=\"font-weight: 400;\">.<\/span><\/p>\n<p><span style=\"font-weight: 400;\">Ou seja, o gasto com moradia est\u00e1 elevado a ponto de impactar o <\/span><a href=\"https:\/\/www.tenda.com\/blog\/eu-dou-conta\/9-coisas-que-todo-orcamento-deve-ter-para-dar-certo\" target=\"_blank\" rel=\"noopener\"><span style=\"font-weight: 400;\">or\u00e7amento<\/span><\/a><span style=\"font-weight: 400;\"> e reduzir a capacidade de pagar outras despesas essenciais, como alimenta\u00e7\u00e3o, transporte, sa\u00fade e educa\u00e7\u00e3o.<\/span><\/p>\n<p><span style=\"font-weight: 400;\">O IBGE utiliza esse par\u00e2metro para identificar situa\u00e7\u00f5es de vulnerabilidade habitacional e calcular a propor\u00e7\u00e3o de fam\u00edlias que enfrentam dificuldades para manter o equil\u00edbrio financeiro devido ao custo do aluguel.<\/span><\/p>\n<p><span style=\"font-weight: 400;\">Por exemplo, imagine que voc\u00ea recebe R$ 5.000 por m\u00eas. O ideal seria gastar at\u00e9 R$ 1.500 com domic\u00edlio. Se seu aluguel j\u00e1 est\u00e1 em R$ 2.000 ou mais, significa menos dinheiro para poupar, investir ou lidar com imprevistos.<\/span><\/p>\n<p><span style=\"font-weight: 400;\">Em muitos casos, voc\u00ea poderia usar o valor que paga atualmente ao propriet\u00e1rio para quitar parcelas de um financiamento e come\u00e7ar a construir patrim\u00f4nio.<\/span><\/p>\n<p><b>Mas aten\u00e7\u00e3o<\/b><span style=\"font-weight: 400;\">: \u00e9 preciso fazer as contas e considerar tamb\u00e9m custos como <\/span><a href=\"https:\/\/www.tenda.com\/blog\/viver-em-condominio\/o-que-esta-incluso-no-valor-do-condominio\/\" target=\"_blank\" rel=\"noopener\"><span style=\"font-weight: 400;\">condom\u00ednio<\/span><\/a><span style=\"font-weight: 400;\">, <\/span><a href=\"https:\/\/www.tenda.com\/blog\/tenda-explica\/o-que-e-iptu\/\" target=\"_blank\" rel=\"noopener\"><span style=\"font-weight: 400;\">IPTU<\/span><\/a><span style=\"font-weight: 400;\"> e manuten\u00e7\u00e3o do im\u00f3vel pr\u00f3prio.<\/span><\/p>\n<h2><span class=\"ez-toc-section\" id=\"Ja_tenho_reserva_financeira_suficiente_para_a_entrada_e_parcelas_do_financiamento\"><\/span><strong>J\u00e1 tenho reserva financeira suficiente para a entrada e parcelas do financiamento?<\/strong><span class=\"ez-toc-section-end\"><\/span><\/h2>\n<p><span style=\"font-weight: 400;\">A reserva financeira adequada \u00e9 um dos principais fatores que indicam quando \u00e9 hora de sair do aluguel.<\/span><\/p>\n<p><span style=\"font-weight: 400;\">Sua verba deve incluir:<\/span><\/p>\n<ul>\n<li style=\"font-weight: 400;\" aria-level=\"1\"><span style=\"font-weight: 400;\">valor para a entrada (geralmente de 20% do pre\u00e7o do im\u00f3vel);<\/span><\/li>\n<li style=\"font-weight: 400;\" aria-level=\"1\"><span style=\"font-weight: 400;\">custos adicionais, como escritura, registro, seguro e ITBI (Imposto Sobre Transmiss\u00e3o de Bens Im\u00f3veis);<\/span><\/li>\n<li style=\"font-weight: 400;\" aria-level=\"1\"><span style=\"font-weight: 400;\">uma <\/span><a href=\"https:\/\/www.tenda.com\/blog\/eu-dou-conta\/reserva-de-emergencia\" target=\"_blank\" rel=\"noopener\"><span style=\"font-weight: 400;\">reserva de emerg\u00eancia<\/span><\/a><span style=\"font-weight: 400;\"> para manter o pagamento das parcelas caso surjam contratempos.<\/span><\/li>\n<\/ul>\n<p><span style=\"font-weight: 400;\">Por exemplo, se voc\u00ea deseja adquirir um apartamento de R$ 300 mil, precisa de cerca de R$ 60 mil para a entrada, al\u00e9m de aproximadamente R$ 10.000 a R$ 15.000 para taxas e documentos.<\/span><\/p>\n<p><span style=\"font-weight: 400;\">Se ainda n\u00e3o tem essa quantia, pode montar um <\/span><a href=\"https:\/\/www.tenda.com\/blog\/eu-dou-conta\/como-economizar-dinheiro\" target=\"_blank\" rel=\"noopener\"><span style=\"font-weight: 400;\">plano para economizar<\/span><\/a><span style=\"font-weight: 400;\"> at\u00e9 atingir o dinheiro necess\u00e1rio ou encontrar uma construtora que parcele esse valor, como a Tenda.<\/span><\/p>\n<p><b>Dica:<\/b> <b>quer realizar uma proje\u00e7\u00e3o de valores para o seu caso em espec\u00edfico? Use nosso <\/b><a href=\"https:\/\/tenda.com\/simulador-de-financiamento\" target=\"_blank\" rel=\"noopener\"><b>Simulador de Financiamento<\/b><\/a><b> e veja o custo estimado, tanto do total do im\u00f3vel quanto a entrada necess\u00e1ria, valor que pode ser parcelado pela Tenda.<\/b><\/p>\n<p><span style=\"font-weight: 400;\">Basta preencher informa\u00e7\u00f5es como localiza\u00e7\u00e3o desejada, sua receita familiar, idade e telefone para receber o resultado.<\/span><\/p>\n<h2><span class=\"ez-toc-section\" id=\"Quais_sao_as_opcoes_de_financiamento_disponiveis_e_qual_a_mais_adequada_para_mim\"><\/span><strong>Quais s\u00e3o as op\u00e7\u00f5es de financiamento dispon\u00edveis e qual a mais adequada para mim?<\/strong><span class=\"ez-toc-section-end\"><\/span><\/h2>\n<p><span style=\"font-weight: 400;\">Existem diferentes formas de financiar um im\u00f3vel, cada uma com caracter\u00edsticas pr\u00f3prias. Conhecer as op\u00e7\u00f5es ajuda a escolher a que melhor se adapta \u00e0 sua situa\u00e7\u00e3o financeira quando for hora de sair do aluguel.<\/span><\/p>\n<p><span style=\"font-weight: 400;\">Conhe\u00e7a as principais!<\/span><\/p>\n<h3><span class=\"ez-toc-section\" id=\"Sistema_Financeiro_da_Habitacao_SFH\"><\/span><span style=\"font-weight: 400;\">Sistema Financeiro da Habita\u00e7\u00e3o (SFH)<\/span><span class=\"ez-toc-section-end\"><\/span><\/h3>\n<p><span style=\"font-weight: 400;\">O SFH \u00e9 um tipo de financiamento que segue regras do governo federal, conforme a <\/span><a href=\"https:\/\/www.planalto.gov.br\/ccivil_03\/leis\/l4380.htm\" target=\"_blank\" rel=\"noopener nofollow\" class=\"broken_link\"><span style=\"font-weight: 400;\">Lei n.\u00ba 4.380\/1964<\/span><\/a><span style=\"font-weight: 400;\">. Suas caracter\u00edsticas s\u00e3o im\u00f3veis de pre\u00e7o limitado (at\u00e9 R$ 1,5 milh\u00e3o) e juros mais baixos do que em outras modalidades.<\/span><\/p>\n<p><span style=\"font-weight: 400;\">Essa op\u00e7\u00e3o \u00e9 indicada para quem busca o primeiro im\u00f3vel, tem renda nos limites exigidos e deseja usar o FGTS para reduzir o valor das parcelas ou da entrada.<\/span><\/p>\n<h3><span class=\"ez-toc-section\" id=\"Sistema_de_Financiamento_Imobiliario_SFI\"><\/span><span style=\"font-weight: 400;\">Sistema de Financiamento Imobili\u00e1rio (SFI)<\/span><span class=\"ez-toc-section-end\"><\/span><\/h3>\n<p><span style=\"font-weight: 400;\">O SFI oferece im\u00f3veis de valor mais alto e sem margem m\u00e1xima de financiamento. Tamb\u00e9m permite maior flexibilidade em rela\u00e7\u00e3o \u00e0 renda, mas os juros s\u00e3o geralmente um pouco mais altos.<\/span><\/p>\n<p><span style=\"font-weight: 400;\">Se voc\u00ea quer comprar uma propriedade com caracter\u00edsticas fora do padr\u00e3o do SFH ou ainda n\u00e3o tem acesso ao FGTS, essa pode ser uma boa alternativa.<\/span><\/p>\n<h3><span class=\"ez-toc-section\" id=\"Financiamento_direto_com_a_construtora\"><\/span><span style=\"font-weight: 400;\">Financiamento direto com a construtora<\/span><span class=\"ez-toc-section-end\"><\/span><\/h3>\n<p><span style=\"font-weight: 400;\">Nesse modelo, a pr\u00f3pria construtora oferece o financiamento do im\u00f3vel, sem intermedi\u00e1rios banc\u00e1rios. Geralmente, \u00e9 poss\u00edvel negociar as condi\u00e7\u00f5es diretamente, como valor da entrada, prazo e parcelas.<\/span><\/p>\n<p><span style=\"font-weight: 400;\">Confira as vantagens:<\/span><\/p>\n<ul>\n<li style=\"font-weight: 400;\" aria-level=\"1\"><span style=\"font-weight: 400;\">processo mais r\u00e1pido, sem depender de bancos;<\/span><\/li>\n<li style=\"font-weight: 400;\" aria-level=\"1\"><span style=\"font-weight: 400;\">flexibilidade para negocia\u00e7\u00e3o;<\/span><\/li>\n<li style=\"font-weight: 400;\" aria-level=\"1\"><span style=\"font-weight: 400;\">possibilidade de reduzir burocracia e documentos exigidos.<\/span><\/li>\n<\/ul>\n<p><span style=\"font-weight: 400;\">No entanto, os juros podem ser mais altos e geralmente est\u00e1 dispon\u00edvel apenas para <\/span><a href=\"https:\/\/www.tenda.com\/blog\/trilha-da-conquista\/como-comprar-um-apartamento-na-planta\/\" target=\"_blank\" rel=\"noopener\"><span style=\"font-weight: 400;\">apartamentos na planta<\/span><\/a><span style=\"font-weight: 400;\">. Devido \u00e0 menor regula\u00e7\u00e3o, tamb\u00e9m \u00e9 essencial mais aten\u00e7\u00e3o ao contrato.<\/span><\/p>\n<p><span style=\"font-weight: 400;\">Essa modalidade \u00e9 atrativa para quem deseja rapidez na compra ou encontrou um im\u00f3vel em lan\u00e7amento e quer condi\u00e7\u00f5es personalizadas.<\/span><\/p>\n<h2><span class=\"ez-toc-section\" id=\"Quero_ter_mais_liberdade_para_fazer_reformas_e_personalizar_o_imovel\"><\/span><strong>Quero ter mais liberdade para fazer reformas e personalizar o im\u00f3vel?<\/strong><span class=\"ez-toc-section-end\"><\/span><\/h2>\n<p><span style=\"font-weight: 400;\">Um dos pontos mais frustrantes para quem vive de aluguel \u00e9 n\u00e3o poder fazer mudan\u00e7as significativas. Pintar paredes, trocar pisos ou reformar o banheiro depende da autoriza\u00e7\u00e3o do propriet\u00e1rio e \u00e9 um gasto que sequer vale a pena.<\/span><\/p>\n<p><span style=\"font-weight: 400;\">Com a casa pr\u00f3pria, essa limita\u00e7\u00e3o deixa de existir. Voc\u00ea pode adaptar o espa\u00e7o \u00e0s suas necessidades e gosto pessoal. N\u00e3o \u00e9 apenas uma quest\u00e3o est\u00e9tica: reformar tamb\u00e9m pode melhorar sua qualidade de vida.<\/span><\/p>\n<p><span style=\"font-weight: 400;\">Por exemplo, transformar um quarto extra em escrit\u00f3rio pode facilitar a concentra\u00e7\u00e3o no trabalho remoto. Ou criar uma \u00e1rea gourmet para aumentar o conforto da fam\u00edlia e o valor de mercado da propriedade.<\/span><\/p>\n<p><span style=\"font-weight: 400;\">Se essa \u00e9 uma prioridade para voc\u00ea, j\u00e1 pode colocar na lista de ind\u00edcios de quando \u00e9 hora de sair do aluguel.<\/span><\/p>\n<h2><span class=\"ez-toc-section\" id=\"A_estabilidade_de_ter_um_lar_proprio_e_importante_para_minha_familia_e_futuro\"><\/span><strong>A estabilidade de ter um lar pr\u00f3prio \u00e9 importante para minha fam\u00edlia e futuro?<\/strong><span class=\"ez-toc-section-end\"><\/span><\/h2>\n<p><b>Ter um lar seu \u00e9 sin\u00f4nimo de estabilidade, <\/b><span style=\"font-weight: 400;\">o que significa n\u00e3o depender de um contrato de aluguel que pode passar por reajuste ou rescis\u00e3o a qualquer momento.<\/span><\/p>\n<p><span style=\"font-weight: 400;\">Para fam\u00edlias, essa seguran\u00e7a \u00e9 ainda mais relevante. Saber que ningu\u00e9m vai pedir o im\u00f3vel de volta d\u00e1 tranquilidade para planejar o futuro, desde reformas at\u00e9 a escolha das escolas das crian\u00e7as.<\/span><\/p>\n<p><span style=\"font-weight: 400;\">Al\u00e9m disso, a casa pr\u00f3pria \u00e9 um patrim\u00f4nio que voc\u00ea pode deixar como heran\u00e7a ou usar em negocia\u00e7\u00f5es no futuro.<\/span><\/p>\n<h2><span class=\"ez-toc-section\" id=\"Onde_comprar_o_meu_ape_5_dicas\"><\/span><strong>Onde comprar o meu ap\u00ea? 5 dicas!<\/strong><span class=\"ez-toc-section-end\"><\/span><\/h2>\n<p><span style=\"font-weight: 400;\">Quando for hora de sair do aluguel, escolher o ap\u00ea ideal exige cuidado com v\u00e1rios aspectos. Veja 5 dicas pr\u00e1ticas para auxiliar na escolha!<\/span><\/p>\n<h3><span class=\"ez-toc-section\" id=\"1_Avalie_a_localizacao\"><\/span><span style=\"font-weight: 400;\">1. Avalie a localiza\u00e7\u00e3o<\/span><span class=\"ez-toc-section-end\"><\/span><\/h3>\n<p><span style=\"font-weight: 400;\">Verifique se o bairro oferece acesso f\u00e1cil a transporte p\u00fablico, mercados, escolas, universidades e servi\u00e7os essenciais. A proximidade desses pontos economiza tempo e dinheiro.<\/span><\/p>\n<h3><span class=\"ez-toc-section\" id=\"2_Pesquise_a_seguranca_da_regiao\"><\/span><span style=\"font-weight: 400;\">2. Pesquise a seguran\u00e7a da regi\u00e3o<\/span><span class=\"ez-toc-section-end\"><\/span><\/h3>\n<p><span style=\"font-weight: 400;\">Converse com moradores e consulte \u00edndices de criminalidade. Seguran\u00e7a \u00e9 um fator determinante para a qualidade de vida.<\/span><\/p>\n<h3><span class=\"ez-toc-section\" id=\"3_Analise_a_infraestrutura_do_predio_ou_condominio\"><\/span><span style=\"font-weight: 400;\">3. Analise a infraestrutura do pr\u00e9dio ou condom\u00ednio<\/span><span class=\"ez-toc-section-end\"><\/span><\/h3>\n<p><span style=\"font-weight: 400;\">Confira \u00e1reas comuns, como garagem, elevadores, portaria e lazer. Uma boa infraestrutura pode fazer diferen\u00e7a no dia a dia.<\/span><\/p>\n<h3><span class=\"ez-toc-section\" id=\"4_Considere_o_potencial_de_valorizacao\"><\/span><span style=\"font-weight: 400;\">4. Considere o potencial de valoriza\u00e7\u00e3o<\/span><span class=\"ez-toc-section-end\"><\/span><\/h3>\n<p><span style=\"font-weight: 400;\">Bairros em crescimento, pr\u00f3ximos a novos empreendimentos ou com projetos de melhorias urbanas, tendem a valorizar a propriedade ao longo dos anos.<\/span><\/p>\n<h3><span class=\"ez-toc-section\" id=\"5_Visite_em_horarios_diferentes\"><\/span><span style=\"font-weight: 400;\">5. Visite em hor\u00e1rios diferentes<\/span><span class=\"ez-toc-section-end\"><\/span><\/h3>\n<p><span style=\"font-weight: 400;\">O movimento e o barulho mudam ao longo do dia. Visitar de manh\u00e3, \u00e0 tarde e \u00e0 noite ajuda a ter uma vis\u00e3o real da rotina do local.<\/span><\/p>\n<h2><span class=\"ez-toc-section\" id=\"Pronto_para_dar_o_primeiro_passo_rumo_a_casa_propria\"><\/span><strong>Pronto para dar o primeiro passo rumo \u00e0 casa pr\u00f3pria?<\/strong><span class=\"ez-toc-section-end\"><\/span><\/h2>\n<p><span style=\"font-weight: 400;\">Decidir quando \u00e9 hora de sair do aluguel envolve mais do que vontade: \u00e9 preciso fazer uma an\u00e1lise cautelosa sobre a situa\u00e7\u00e3o atual e seus objetivos.<\/span><\/p>\n<p><span style=\"font-weight: 400;\">A compra da casa pr\u00f3pria pode representar mais liberdade, seguran\u00e7a e estabilidade, mas s\u00f3 vale a pena se for um passo planejado.<\/span><\/p>\n<p><span style=\"font-weight: 400;\">Agora que j\u00e1 sabe quais perguntas fazer e quais fatores considerar, o pr\u00f3ximo passo \u00e9 pesquisar pelo lar dos sonhos.<\/span><\/p>\n<p><span style=\"font-weight: 400;\">Para come\u00e7ar, confira os apartamentos dispon\u00edveis na <\/span><a href=\"https:\/\/tenda.com\/loja-virtual\" target=\"_blank\" rel=\"noopener\"><b>Construtora Tenda<\/b><\/a><span style=\"font-weight: 400;\">. Na nossa Loja Virtual, voc\u00ea encontra op\u00e7\u00f5es em diversos estados do pa\u00eds, com habita\u00e7\u00f5es de 1 a 2 quartos em condom\u00ednios fechados \u2014 ideais para garantir mais conforto, seguran\u00e7a e qualidade de vida para voc\u00ea e sua fam\u00edlia.<\/span><\/p>\n<p><span style=\"font-weight: 400;\">Prefere ajuda personalizada? <\/span><a href=\"https:\/\/api.whatsapp.com\/send?phone=551149508934&amp;text=Oi,%20estou%20interessado%20em%20comprar%20um%20im%C3%B3vel%20da%20Tenda\" target=\"_blank\" rel=\"noopener\"><span style=\"font-weight: 400;\">Fale com nosso time de especialistas<\/span><\/a><span style=\"font-weight: 400;\">.<\/span><\/p>\n<p><span style=\"font-weight: 400;\">A casa pr\u00f3pria pode estar mais perto do que voc\u00ea imagina \u2014 e o momento certo pode ser agora.<\/span><\/p>\n<p>&nbsp;<\/p>\n","protected":false},"excerpt":{"rendered":"<p>Saber quando \u00e9 hora de sair do aluguel n\u00e3o \u00e9 uma tarefa f\u00e1cil. Muitas pessoas se questionam [&#8230;]<\/p>\n","protected":false},"author":16,"featured_media":32460,"comment_status":"open","ping_status":"closed","sticky":false,"template":"","format":"standard","meta":{"footnotes":""},"categories":[38],"tags":[],"class_list":["post-32459","post","type-post","status-publish","format-standard","has-post-thumbnail","hentry","category-trilha-da-conquista"],"yoast_head":"<!-- This site is optimized with the Yoast SEO plugin v23.4 - https:\/\/yoast.com\/wordpress\/plugins\/seo\/ -->\n<title>Quando \u00e9 hora de sair do aluguel? Veja os principais sinais!<\/title>\n<meta name=\"robots\" content=\"index,follow\" \/>\n<meta property=\"og:locale\" content=\"pt_BR\" \/>\n<meta property=\"og:url\" content=\"https:\/\/www.tenda.com\/blog\/trilha-da-conquista\/quando-hora-sair-aluguel\" \/>\n<meta property=\"article:publisher\" content=\"https:\/\/www.facebook.com\/ConstrutoraTenda\/\" \/>\n<meta property=\"article:published_time\" content=\"2026-01-16T11:00:23+00:00\" \/>\n<meta property=\"article:modified_time\" content=\"2026-03-12T19:20:40+00:00\" \/>\n<meta property=\"og:image\" content=\"https:\/\/www.tenda.com\/blog\/wp-content\/uploads\/2026\/01\/quando-e-hora-de-sair-do-aluguel.webp\" \/>\n\t<meta property=\"og:image:width\" content=\"1920\" \/>\n\t<meta property=\"og:image:height\" content=\"1080\" \/>\n\t<meta property=\"og:image:type\" content=\"image\/webp\" \/>\n<meta name=\"author\" content=\"Blog da Tenda\" \/>\n<meta name=\"twitter:label1\" content=\"Escrito por\" \/>\n\t<meta name=\"twitter:data1\" content=\"Blog da Tenda\" \/>\n\t<meta name=\"twitter:label2\" content=\"Est. tempo de leitura\" \/>\n\t<meta name=\"twitter:data2\" content=\"9 minutos\" \/>\n<!-- \/ Yoast SEO plugin. -->","yoast_head_json":{"title":"Quando \u00e9 hora de sair do aluguel? Veja os principais sinais!","robots":{"index,follow":"index,follow"},"og_locale":"pt_BR","og_url":"https:\/\/www.tenda.com\/blog\/trilha-da-conquista\/quando-hora-sair-aluguel","article_publisher":"https:\/\/www.facebook.com\/ConstrutoraTenda\/","article_published_time":"2026-01-16T11:00:23+00:00","article_modified_time":"2026-03-12T19:20:40+00:00","og_image":[{"width":1920,"height":1080,"url":"https:\/\/www.tenda.com\/blog\/wp-content\/uploads\/2026\/01\/quando-e-hora-de-sair-do-aluguel.webp","type":"image\/webp"}],"author":"Blog da Tenda","twitter_misc":{"Escrito por":"Blog da Tenda","Est. tempo de leitura":"9 minutos"},"schema":{"@context":"https:\/\/schema.org","@graph":[{"@type":"Article","@id":"https:\/\/www.tenda.com\/blog\/trilha-da-conquista\/quando-hora-sair-aluguel#article","isPartOf":{"@id":"https:\/\/www.tenda.com\/blog\/trilha-da-conquista\/quando-hora-sair-aluguel"},"author":{"name":"Blog da Tenda","@id":"https:\/\/www.tenda.com\/blog\/#\/schema\/person\/64feb37f7b89d3f9945c9abfd8a7f4f0"},"headline":"Quando \u00e9 hora de sair do aluguel? Descubra se est\u00e1 pronto!","datePublished":"2026-01-16T11:00:23+00:00","dateModified":"2026-03-12T19:20:40+00:00","mainEntityOfPage":{"@id":"https:\/\/www.tenda.com\/blog\/trilha-da-conquista\/quando-hora-sair-aluguel"},"wordCount":1655,"commentCount":0,"publisher":{"@id":"https:\/\/www.tenda.com\/blog\/#organization"},"image":{"@id":"https:\/\/www.tenda.com\/blog\/trilha-da-conquista\/quando-hora-sair-aluguel#primaryimage"},"thumbnailUrl":"https:\/\/www.tenda.com\/blog\/wp-content\/uploads\/2026\/01\/quando-e-hora-de-sair-do-aluguel.webp","articleSection":["Trilha da Conquista"],"inLanguage":"pt-BR","potentialAction":[{"@type":"CommentAction","name":"Comment","target":["https:\/\/www.tenda.com\/blog\/trilha-da-conquista\/quando-hora-sair-aluguel#respond"]}]},{"@type":"WebPage","@id":"https:\/\/www.tenda.com\/blog\/trilha-da-conquista\/quando-hora-sair-aluguel","url":"https:\/\/www.tenda.com\/blog\/trilha-da-conquista\/quando-hora-sair-aluguel","name":"Quando \u00e9 hora de sair do aluguel? Veja os principais sinais!","isPartOf":{"@id":"https:\/\/www.tenda.com\/blog\/#website"},"primaryImageOfPage":{"@id":"https:\/\/www.tenda.com\/blog\/trilha-da-conquista\/quando-hora-sair-aluguel#primaryimage"},"image":{"@id":"https:\/\/www.tenda.com\/blog\/trilha-da-conquista\/quando-hora-sair-aluguel#primaryimage"},"thumbnailUrl":"https:\/\/www.tenda.com\/blog\/wp-content\/uploads\/2026\/01\/quando-e-hora-de-sair-do-aluguel.webp","datePublished":"2026-01-16T11:00:23+00:00","dateModified":"2026-03-12T19:20:40+00:00","description":"Saiba quando \u00e9 hora de sair do aluguel! Veja os sinais que indicam o melhor momento e como escolher o financiamento certo para conquistar a casa pr\u00f3pria.","breadcrumb":{"@id":"https:\/\/www.tenda.com\/blog\/trilha-da-conquista\/quando-hora-sair-aluguel#breadcrumb"},"inLanguage":"pt-BR","potentialAction":[{"@type":"ReadAction","target":["https:\/\/www.tenda.com\/blog\/trilha-da-conquista\/quando-hora-sair-aluguel"]}]},{"@type":"ImageObject","inLanguage":"pt-BR","@id":"https:\/\/www.tenda.com\/blog\/trilha-da-conquista\/quando-hora-sair-aluguel#primaryimage","url":"https:\/\/www.tenda.com\/blog\/wp-content\/uploads\/2026\/01\/quando-e-hora-de-sair-do-aluguel.webp","contentUrl":"https:\/\/www.tenda.com\/blog\/wp-content\/uploads\/2026\/01\/quando-e-hora-de-sair-do-aluguel.webp","width":1920,"height":1080,"caption":"quando \u00e9 hora de sair do aluguel"},{"@type":"BreadcrumbList","@id":"https:\/\/www.tenda.com\/blog\/trilha-da-conquista\/quando-hora-sair-aluguel#breadcrumb","itemListElement":[{"@type":"ListItem","position":1,"name":"In\u00edcio","item":"https:\/\/www.tenda.com\/blog\/"},{"@type":"ListItem","position":2,"name":"Quando \u00e9 hora de sair do aluguel? Descubra se est\u00e1 pronto!"}]},{"@type":"WebSite","@id":"https:\/\/www.tenda.com\/blog\/#website","url":"https:\/\/www.tenda.com\/blog\/","name":"Blog da Tenda","description":"Blog","publisher":{"@id":"https:\/\/www.tenda.com\/blog\/#organization"},"potentialAction":[{"@type":"SearchAction","target":{"@type":"EntryPoint","urlTemplate":"https:\/\/www.tenda.com\/blog\/?s={search_term_string}"},"query-input":{"@type":"PropertyValueSpecification","valueRequired":true,"valueName":"search_term_string"}}],"inLanguage":"pt-BR"},{"@type":"Organization","@id":"https:\/\/www.tenda.com\/blog\/#organization","name":"Construtora Tenda","url":"https:\/\/www.tenda.com\/blog\/","logo":{"@type":"ImageObject","inLanguage":"pt-BR","@id":"https:\/\/www.tenda.com\/blog\/#\/schema\/logo\/image\/","url":"https:\/\/www.tenda.com\/blog\/wp-content\/uploads\/2020\/09\/logo-tenda_RGB_vermelho.png","contentUrl":"https:\/\/www.tenda.com\/blog\/wp-content\/uploads\/2020\/09\/logo-tenda_RGB_vermelho.png","width":1579,"height":379,"caption":"Construtora Tenda"},"image":{"@id":"https:\/\/www.tenda.com\/blog\/#\/schema\/logo\/image\/"},"sameAs":["https:\/\/www.facebook.com\/ConstrutoraTenda\/","https:\/\/www.instagram.com\/construtoratenda","https:\/\/br.linkedin.com\/company\/construtora-tenda","https:\/\/www.youtube.com\/user\/TendaConstrutora","https:\/\/en.wikipedia.org\/wiki\/Construtora_Tenda"]},{"@type":"Person","@id":"https:\/\/www.tenda.com\/blog\/#\/schema\/person\/64feb37f7b89d3f9945c9abfd8a7f4f0","name":"Blog da Tenda","image":{"@type":"ImageObject","inLanguage":"pt-BR","@id":"https:\/\/www.tenda.com\/blog\/#\/schema\/person\/image\/","url":"https:\/\/secure.gravatar.com\/avatar\/ebc50252ff4b42e4d431df6632b05ffd?s=96&d=mm&r=g","contentUrl":"https:\/\/secure.gravatar.com\/avatar\/ebc50252ff4b42e4d431df6632b05ffd?s=96&d=mm&r=g","caption":"Blog da Tenda"},"url":"https:\/\/www.tenda.com\/blog\/author\/susane"}]}},"_links":{"self":[{"href":"https:\/\/www.tenda.com\/blog\/wp-json\/wp\/v2\/posts\/32459"}],"collection":[{"href":"https:\/\/www.tenda.com\/blog\/wp-json\/wp\/v2\/posts"}],"about":[{"href":"https:\/\/www.tenda.com\/blog\/wp-json\/wp\/v2\/types\/post"}],"author":[{"embeddable":true,"href":"https:\/\/www.tenda.com\/blog\/wp-json\/wp\/v2\/users\/16"}],"replies":[{"embeddable":true,"href":"https:\/\/www.tenda.com\/blog\/wp-json\/wp\/v2\/comments?post=32459"}],"version-history":[{"count":6,"href":"https:\/\/www.tenda.com\/blog\/wp-json\/wp\/v2\/posts\/32459\/revisions"}],"predecessor-version":[{"id":32550,"href":"https:\/\/www.tenda.com\/blog\/wp-json\/wp\/v2\/posts\/32459\/revisions\/32550"}],"wp:featuredmedia":[{"embeddable":true,"href":"https:\/\/www.tenda.com\/blog\/wp-json\/wp\/v2\/media\/32460"}],"wp:attachment":[{"href":"https:\/\/www.tenda.com\/blog\/wp-json\/wp\/v2\/media?parent=32459"}],"wp:term":[{"taxonomy":"category","embeddable":true,"href":"https:\/\/www.tenda.com\/blog\/wp-json\/wp\/v2\/categories?post=32459"},{"taxonomy":"post_tag","embeddable":true,"href":"https:\/\/www.tenda.com\/blog\/wp-json\/wp\/v2\/tags?post=32459"}],"curies":[{"name":"wp","href":"https:\/\/api.w.org\/{rel}","templated":true}]}}