














{"id":28166,"date":"2025-07-03T09:30:57","date_gmt":"2025-07-03T12:30:57","guid":{"rendered":"https:\/\/www.tenda.com\/blog\/?p=28166"},"modified":"2025-07-03T09:58:45","modified_gmt":"2025-07-03T12:58:45","slug":"programa-porta-de-entrada","status":"publish","type":"post","link":"https:\/\/www.tenda.com\/blog\/minha-casa-minha-vida\/programa-porta-de-entrada","title":{"rendered":"Programa Porta de Entrada: conhe\u00e7a tudo sobre essa op\u00e7\u00e3o!"},"content":{"rendered":"<p>Os programas habitacionais s\u00e3o essenciais para facilitar o caminho entre voc\u00ea e as chaves do seu im\u00f3vel pr\u00f3prio. Para quem mora no Rio Grande do Sul, em 2024 foi anunciado o <strong>Programa Porta de Entrada<\/strong>.<\/p><div id=\"ez-toc-container\" class=\"ez-toc-v2_0_71 counter-hierarchy ez-toc-counter ez-toc-grey ez-toc-container-direction\">\n<div class=\"ez-toc-title-container\">\n<p class=\"ez-toc-title\" style=\"cursor:inherit\">O que voc\u00ea vai encontrar nesse post <\/p>\n<span class=\"ez-toc-title-toggle\"><a href=\"#\" class=\"ez-toc-pull-right ez-toc-btn ez-toc-btn-xs ez-toc-btn-default ez-toc-toggle\" aria-label=\"Toggle Table of Content\"><span class=\"ez-toc-js-icon-con\"><span class=\"\"><span class=\"eztoc-hide\" style=\"display:none;\">Toggle<\/span><span class=\"ez-toc-icon-toggle-span\"><svg style=\"fill: #999;color:#999\" xmlns=\"http:\/\/www.w3.org\/2000\/svg\" class=\"list-377408\" width=\"20px\" height=\"20px\" viewBox=\"0 0 24 24\" fill=\"none\"><path d=\"M6 6H4v2h2V6zm14 0H8v2h12V6zM4 11h2v2H4v-2zm16 0H8v2h12v-2zM4 16h2v2H4v-2zm16 0H8v2h12v-2z\" fill=\"currentColor\"><\/path><\/svg><svg style=\"fill: #999;color:#999\" class=\"arrow-unsorted-368013\" xmlns=\"http:\/\/www.w3.org\/2000\/svg\" width=\"10px\" height=\"10px\" viewBox=\"0 0 24 24\" version=\"1.2\" baseProfile=\"tiny\"><path d=\"M18.2 9.3l-6.2-6.3-6.2 6.3c-.2.2-.3.4-.3.7s.1.5.3.7c.2.2.4.3.7.3h11c.3 0 .5-.1.7-.3.2-.2.3-.5.3-.7s-.1-.5-.3-.7zM5.8 14.7l6.2 6.3 6.2-6.3c.2-.2.3-.5.3-.7s-.1-.5-.3-.7c-.2-.2-.4-.3-.7-.3h-11c-.3 0-.5.1-.7.3-.2.2-.3.5-.3.7s.1.5.3.7z\"\/><\/svg><\/span><\/span><\/span><\/a><\/span><\/div>\n<nav><ul class='ez-toc-list ez-toc-list-level-1 eztoc-toggle-hide-by-default' ><li class='ez-toc-page-1 ez-toc-heading-level-2'><a class=\"ez-toc-link ez-toc-heading-1\" href=\"https:\/\/www.tenda.com\/blog\/minha-casa-minha-vida\/programa-porta-de-entrada\/#O_que_e_o_Programa_Porta_de_Entrada\" title=\"O que \u00e9 o Programa Porta de Entrada?\">O que \u00e9 o Programa Porta de Entrada?<\/a><\/li><li class='ez-toc-page-1 ez-toc-heading-level-2'><a class=\"ez-toc-link ez-toc-heading-2\" href=\"https:\/\/www.tenda.com\/blog\/minha-casa-minha-vida\/programa-porta-de-entrada\/#Como_funciona_o_Porta_de_Entrada\" title=\"Como funciona o Porta de Entrada?\">Como funciona o Porta de Entrada?<\/a><\/li><li class='ez-toc-page-1 ez-toc-heading-level-2'><a class=\"ez-toc-link ez-toc-heading-3\" href=\"https:\/\/www.tenda.com\/blog\/minha-casa-minha-vida\/programa-porta-de-entrada\/#Qual_o_valor_do_subsidio_do_Porta_de_Entrada\" title=\"Qual o valor do subs\u00eddio do Porta de Entrada?\">Qual o valor do subs\u00eddio do Porta de Entrada?<\/a><\/li><li class='ez-toc-page-1 ez-toc-heading-level-2'><a class=\"ez-toc-link ez-toc-heading-4\" href=\"https:\/\/www.tenda.com\/blog\/minha-casa-minha-vida\/programa-porta-de-entrada\/#E_permitido_usar_o_FGTS_em_conjunto_com_o_programa\" title=\"\u00c9 permitido usar o FGTS em conjunto com o programa?\">\u00c9 permitido usar o FGTS em conjunto com o programa?<\/a><\/li><li class='ez-toc-page-1 ez-toc-heading-level-2'><a class=\"ez-toc-link ez-toc-heading-5\" href=\"https:\/\/www.tenda.com\/blog\/minha-casa-minha-vida\/programa-porta-de-entrada\/#Quem_tem_direito_ao_Programa_Porta_de_Entrada\" title=\"Quem tem direito ao Programa Porta de Entrada?\">Quem tem direito ao Programa Porta de Entrada?<\/a><\/li><li class='ez-toc-page-1 ez-toc-heading-level-2'><a class=\"ez-toc-link ez-toc-heading-6\" href=\"https:\/\/www.tenda.com\/blog\/minha-casa-minha-vida\/programa-porta-de-entrada\/#Quais_imoveis_se_enquadram_no_programa\" title=\"Quais im\u00f3veis se enquadram no programa?\">Quais im\u00f3veis se enquadram no programa?<\/a><\/li><li class='ez-toc-page-1 ez-toc-heading-level-2'><a class=\"ez-toc-link ez-toc-heading-7\" href=\"https:\/\/www.tenda.com\/blog\/minha-casa-minha-vida\/programa-porta-de-entrada\/#Como_se_cadastrar_no_Programa_Porta_de_Entrada\" title=\"Como se cadastrar no Programa Porta de Entrada?\">Como se cadastrar no Programa Porta de Entrada?<\/a><\/li><li class='ez-toc-page-1 ez-toc-heading-level-2'><a class=\"ez-toc-link ez-toc-heading-8\" href=\"https:\/\/www.tenda.com\/blog\/minha-casa-minha-vida\/programa-porta-de-entrada\/#Como_saber_se_fui_contemplada_no_Programa_Porta_de_Entrada\" title=\"Como saber se fui contemplada no Programa Porta de Entrada?\">Como saber se fui contemplada no Programa Porta de Entrada?<\/a><\/li><\/ul><\/nav><\/div>\n\n<p>Essa alternativa oferece condi\u00e7\u00f5es especiais para uma boa parte da popula\u00e7\u00e3o e torna mais f\u00e1cil o acesso ao financiamento imobili\u00e1rio. Se voc\u00ea reside no estado, vale a pena conhecer o que essa alternativa tem a oferecer.<\/p>\n<p>A seguir, descubra o que \u00e9 o Programa Porta de Entrada, como funciona e quem pode participar. Aproveite a leitura!<\/p>\n<h2><span class=\"ez-toc-section\" id=\"O_que_e_o_Programa_Porta_de_Entrada\"><\/span>O que \u00e9 o Programa Porta de Entrada?<span class=\"ez-toc-section-end\"><\/span><\/h2>\n<h2><img loading=\"lazy\" decoding=\"async\" class=\"alignnone size-full wp-image-28204\" style=\"font-size: 16px;\" src=\"https:\/\/www.tenda.com\/blog\/wp-content\/uploads\/2024\/10\/O-que-e-o-Programa-Porta-de-Entrada.jpg\" alt=\"O que \u00e9 o Programa Porta de Entrada?\u00a0| Corretor de im\u00f3veis entregando chaves a um casal feliz | Minha Casa Minha Vida | Blog da Tenda \" width=\"800\" height=\"530\" srcset=\"https:\/\/www.tenda.com\/blog\/wp-content\/uploads\/2024\/10\/O-que-e-o-Programa-Porta-de-Entrada.jpg 800w, https:\/\/www.tenda.com\/blog\/wp-content\/uploads\/2024\/10\/O-que-e-o-Programa-Porta-de-Entrada-300x199.jpg 300w, https:\/\/www.tenda.com\/blog\/wp-content\/uploads\/2024\/10\/O-que-e-o-Programa-Porta-de-Entrada-768x509.jpg 768w, https:\/\/www.tenda.com\/blog\/wp-content\/uploads\/2024\/10\/O-que-e-o-Programa-Porta-de-Entrada-150x99.jpg 150w\" sizes=\"(max-width: 800px) 100vw, 800px\" \/><\/h2>\n<p>O Programa Porta de Entrada \u00e9 um programa do governo do Rio Grande do Sul, cujo objetivo \u00e9 apoiar fam\u00edlias com renda de at\u00e9 cinco sal\u00e1rios m\u00ednimos na aquisi\u00e7\u00e3o da casa pr\u00f3pria. A iniciativa oferece aux\u00edlio para o pagamento da entrada na compra de im\u00f3veis, por meio de descontos de R$ 20 mil.<\/p>\n<p>Para a primeira fase, o governo anunciou um investimento de R$ 70 milh\u00f5es no programa, dos quais R$ 50 milh\u00f5es vieram do Tesouro do Estado e os outros R$ 20 milh\u00f5es vieram do or\u00e7amento da Assembleia Legislativa.<\/p>\n<p>Em um primeiro momento, o objetivo era permitir a assinatura de 3.500 contratos para a aquisi\u00e7\u00e3o de im\u00f3veis novos de at\u00e9 R$ 300 mil. Ainda em outubro de 2024, houve a realiza\u00e7\u00e3o do Feir\u00e3o da Habita\u00e7\u00e3o, que incluiu im\u00f3veis novos ou em constru\u00e7\u00e3o com prazo de at\u00e9 24 meses para entrega. A iniciativa visa a reduzir o d\u00e9ficit habitacional no Estado.<\/p>\n<h2><span class=\"ez-toc-section\" id=\"Como_funciona_o_Porta_de_Entrada\"><\/span>Como funciona o Porta de Entrada?<span class=\"ez-toc-section-end\"><\/span><\/h2>\n<p>O Programa Porta de Entrada \u00e9 uma importante iniciativa do Rio Grande do Sul. A a\u00e7\u00e3o \u00e9 voltada para ajudar fam\u00edlias de baixa renda e servidores p\u00fablicos a concretizarem o sonho da casa pr\u00f3pria.<\/p>\n<p>O principal objetivo do programa \u00e9 reduzir o d\u00e9ficit habitacional ao promover o acesso a moradias seguras e dignas. Com modalidades espec\u00edficas para diferentes p\u00fablicos, o Programa Porta de Entrada proporciona uma melhoria significativa na qualidade de vida de seus benefici\u00e1rios.<\/p>\n<p>Quanto ao funcionamento, uma das condi\u00e7\u00f5es \u00e9 a oferta de um <a href=\"https:\/\/www.tenda.com\/blog\/minha-casa-minha-vida\/o-que-e-o-subsidio-e-como-utiliza-lo-para-financiamento-de-imovel\/\">subs\u00eddio<\/a> para a compra do im\u00f3vel. Para participar, \u00e9 necess\u00e1rio cumprir requisitos, como n\u00e3o possuir outro im\u00f3vel e estar inscrito na Secretaria de Habita\u00e7\u00e3o e Regulariza\u00e7\u00e3o Fundi\u00e1ria (Sehab).<\/p>\n<h2><span class=\"ez-toc-section\" id=\"Qual_o_valor_do_subsidio_do_Porta_de_Entrada\"><\/span>Qual o valor do subs\u00eddio do Porta de Entrada?<span class=\"ez-toc-section-end\"><\/span><\/h2>\n<p><img loading=\"lazy\" decoding=\"async\" class=\"alignnone size-full wp-image-28205\" src=\"https:\/\/www.tenda.com\/blog\/wp-content\/uploads\/2024\/10\/Como-funciona-o-Porta-de-Entrada.jpg\" alt=\"Como funciona o Porta de Entrada?\u00a0| Casinha de madeira, com um corretor e um casal ao fundo | Minha Casa Minha Vida | Blog da Tenda \" width=\"800\" height=\"530\" srcset=\"https:\/\/www.tenda.com\/blog\/wp-content\/uploads\/2024\/10\/Como-funciona-o-Porta-de-Entrada.jpg 800w, https:\/\/www.tenda.com\/blog\/wp-content\/uploads\/2024\/10\/Como-funciona-o-Porta-de-Entrada-300x199.jpg 300w, https:\/\/www.tenda.com\/blog\/wp-content\/uploads\/2024\/10\/Como-funciona-o-Porta-de-Entrada-768x509.jpg 768w, https:\/\/www.tenda.com\/blog\/wp-content\/uploads\/2024\/10\/Como-funciona-o-Porta-de-Entrada-150x99.jpg 150w\" sizes=\"(max-width: 800px) 100vw, 800px\" \/><\/p>\n<p>O Programa Porta de Entrada proporciona um importante benef\u00edcio de R$ 20 mil, concedido na forma de subs\u00eddio do governo. O objetivo \u00e9 auxiliar fam\u00edlias de baixa renda na compra de seu primeiro im\u00f3vel.<\/p>\n<p>Esse valor serve como parte do pagamento inicial do <a href=\"https:\/\/www.tenda.com\/blog\/trilha-da-conquista\/como-funciona-o-financiamento-imobiliario\/\">financiamento habitacional<\/a> contratado junto ao agente financeiro. A quantia pode ser parte do pagamento da entrada na compra de im\u00f3veis novos ou em constru\u00e7\u00e3o.<\/p>\n<p>Dessa forma, o programa permite que mais pessoas realizem o sonho de ter uma moradia pr\u00f3pria com condi\u00e7\u00f5es mais acess\u00edveis. No geral, o governo busca ampliar as oportunidades para quem mais precisa, contribuindo para a melhoria da qualidade de vida e a seguran\u00e7a habitacional dessas fam\u00edlias.<\/p>\n<h2><span class=\"ez-toc-section\" id=\"E_permitido_usar_o_FGTS_em_conjunto_com_o_programa\"><\/span>\u00c9 permitido usar o FGTS em conjunto com o programa?<span class=\"ez-toc-section-end\"><\/span><\/h2>\n<p>O Programa Porta de Entrada pode complementar o <a href=\"https:\/\/www.tenda.com\/blog\/trilha-da-conquista\/como-dar-entrada-em-um-apartamento\/\">valor da entrada<\/a> com outras fontes de recursos. Entre eles, est\u00e3o o Programa Federal de Habita\u00e7\u00e3o, o Fundo de Garantia por Tempo de Servi\u00e7o (<a href=\"https:\/\/www.tenda.com\/blog\/trilha-da-conquista\/como-sacar-o-fgts-para-comprar-um-imovel\/\">FGTS<\/a>) e subs\u00eddios municipais, quando estiverem dispon\u00edveis.<\/p>\n<p>Esse complemento permite que as fam\u00edlias tenham acesso a melhores condi\u00e7\u00f5es para a aquisi\u00e7\u00e3o da casa pr\u00f3pria. A quantia facilita o pagamento de presta\u00e7\u00f5es ou a entrada do financiamento. Esses subs\u00eddios adicionais tamb\u00e9m podem ajudar a reduzir o valor final do im\u00f3vel, de modo que fique mais acess\u00edvel para pessoas de baixa renda.<\/p>\n<p>A combina\u00e7\u00e3o de diferentes benef\u00edcios proporciona mais oportunidades para que as fam\u00edlias realizem o sonho da casa pr\u00f3pria de maneira mais acess\u00edvel.<\/p>\n<h2><span class=\"ez-toc-section\" id=\"Quem_tem_direito_ao_Programa_Porta_de_Entrada\"><\/span>Quem tem direito ao Programa Porta de Entrada?<span class=\"ez-toc-section-end\"><\/span><\/h2>\n<p><img loading=\"lazy\" decoding=\"async\" class=\"alignnone wp-image-28206 size-full\" src=\"https:\/\/www.tenda.com\/blog\/wp-content\/uploads\/2024\/10\/Quem-pode-participar-do-Programa-Porta-de-Entrada.jpg\" alt=\"Quem pode participar do programa?\u00a0| Mulher sorridente usando o notebook e anotando em um caderno | Minha Casa Minha Vida | Blog da Tenda \" width=\"800\" height=\"530\" srcset=\"https:\/\/www.tenda.com\/blog\/wp-content\/uploads\/2024\/10\/Quem-pode-participar-do-Programa-Porta-de-Entrada.jpg 800w, https:\/\/www.tenda.com\/blog\/wp-content\/uploads\/2024\/10\/Quem-pode-participar-do-Programa-Porta-de-Entrada-300x199.jpg 300w, https:\/\/www.tenda.com\/blog\/wp-content\/uploads\/2024\/10\/Quem-pode-participar-do-Programa-Porta-de-Entrada-768x509.jpg 768w, https:\/\/www.tenda.com\/blog\/wp-content\/uploads\/2024\/10\/Quem-pode-participar-do-Programa-Porta-de-Entrada-150x99.jpg 150w\" sizes=\"(max-width: 800px) 100vw, 800px\" \/><\/p>\n<p>Qualquer cidad\u00e3o residente no Rio Grande do Sul com renda de at\u00e9 cinco sal\u00e1rios m\u00ednimos e sem outro im\u00f3vel em seu nome pode se inscrever neste programa de habita\u00e7\u00e3o.<\/p>\n<p>Al\u00e9m disso, \u00e9 preciso ter capacidade financeira para assumir as presta\u00e7\u00f5es da casa pr\u00f3pria e que o im\u00f3vel atenda \u00e0s regras para integrar o programa.<\/p>\n<p>Na pr\u00e1tica, para estar entre quem tem direito ao Programa Porta de Entrada n\u00e3o basta cumprir o crit\u00e9rio de renda, por exemplo. Tamb\u00e9m \u00e9 preciso morar no estado e n\u00e3o \u00e9 permitido ter outro im\u00f3vel.<\/p>\n<h2><span class=\"ez-toc-section\" id=\"Quais_imoveis_se_enquadram_no_programa\"><\/span>Quais im\u00f3veis se enquadram no programa?<span class=\"ez-toc-section-end\"><\/span><\/h2>\n<p>Por meio do Programa Porta de Entrada, voc\u00ea tem a oportunidade de adquirir im\u00f3veis do programa <a href=\"http:\/\/www.tenda.com\/minha-casa-minha-vida\">Minha Casa, Minha Vida<\/a>. Contudo, as moradias devem ter valor m\u00e1ximo de R$ 300 mil. Esses im\u00f3veis podem ser novos ou devem estar prontos em um prazo m\u00e1ximo de 24 meses.<\/p>\n<p>O programa oferece condi\u00e7\u00f5es especiais de financiamento para facilitar o acesso \u00e0 casa pr\u00f3pria. A prioridade \u00e9 para as fam\u00edlias de baixa renda, com foco em promover a inclus\u00e3o social.<\/p>\n<p>O Porta de Entrada tamb\u00e9m visa impulsionar o desenvolvimento urbano. Logo, o programa tem um foco em \u00e1reas de maior vulnerabilidade para proporcionar mais seguran\u00e7a e qualidade de vida aos seus benefici\u00e1rios.<\/p>\n<h2><span class=\"ez-toc-section\" id=\"Como_se_cadastrar_no_Programa_Porta_de_Entrada\"><\/span>Como se cadastrar no Programa Porta de Entrada?<span class=\"ez-toc-section-end\"><\/span><\/h2>\n<p><img loading=\"lazy\" decoding=\"async\" class=\"alignnone size-full wp-image-28207\" src=\"https:\/\/www.tenda.com\/blog\/wp-content\/uploads\/2024\/10\/Como-se-cadastrar-no-Programa-Porta-de-Entrada.png\" alt=\"Como se cadastrar no Programa Porta de Entrada?\u00a0| Corretor conversando com um casal | Minha Casa Minha Vida | Blog da Tenda\" width=\"800\" height=\"530\" srcset=\"https:\/\/www.tenda.com\/blog\/wp-content\/uploads\/2024\/10\/Como-se-cadastrar-no-Programa-Porta-de-Entrada.png 800w, https:\/\/www.tenda.com\/blog\/wp-content\/uploads\/2024\/10\/Como-se-cadastrar-no-Programa-Porta-de-Entrada-300x199.png 300w, https:\/\/www.tenda.com\/blog\/wp-content\/uploads\/2024\/10\/Como-se-cadastrar-no-Programa-Porta-de-Entrada-768x509.png 768w, https:\/\/www.tenda.com\/blog\/wp-content\/uploads\/2024\/10\/Como-se-cadastrar-no-Programa-Porta-de-Entrada-150x99.png 150w\" sizes=\"(max-width: 800px) 100vw, 800px\" \/><\/p>\n<p>Para participar, as pessoas interessadas precisavam acessar o <a href=\"https:\/\/portadeentrada.rs.gov.br\">portal do programa<\/a>, onde havia um formul\u00e1rio a ser preenchido com suas informa\u00e7\u00f5es pessoais. Tamb\u00e9m era necess\u00e1rio anexar um documento oficial com foto, como RG ou CNH, e um comprovante de resid\u00eancia atualizado, que poderia ser uma conta de luz, \u00e1gua ou telefone.<\/p>\n<p>Ap\u00f3s o envio dos dados e documentos, os participantes estavam oficialmente inscritos e aptos a participar da atividade ou processo em quest\u00e3o.<\/p>\n<p>No entanto, a primeira etapa do Programa Porta de Entrada se encerrou, com mais de 6 mil fam\u00edlias beneficiadas. O motivo do encerramento foi a utiliza\u00e7\u00e3o do or\u00e7amento dispon\u00edvel, mas quando houver nova disponibilidade de recursos, poder\u00e1 ocorrer uma segunda fase.<\/p>\n<p>J\u00e1 se inscreveu, mas tem a d\u00favida: \u201cComo saber se fui contemplada no Programa Porta de Entrada?\u201d N\u00e3o se preocupe porque estamos prontos para ajudar. Continue a leitura para saber mais!<\/p>\n<h2><span class=\"ez-toc-section\" id=\"Como_saber_se_fui_contemplada_no_Programa_Porta_de_Entrada\"><\/span>Como saber se fui contemplada no Programa Porta de Entrada?<span class=\"ez-toc-section-end\"><\/span><\/h2>\n<p>A forma mais f\u00e1cil de saber se voc\u00ea foi contemplada no Programa Porta de Entrada \u00e9 pelo acompanhamento do status da inscri\u00e7\u00e3o, diretamente no site oficial. Basta acessar a \u00e1rea de consulta e informar os dados da sua conta.<\/p>\n<p>Ap\u00f3s fazer o login, voc\u00ea consegue ver se a inscri\u00e7\u00e3o est\u00e1 pendente, aprovada ou recusada. Tamb\u00e9m \u00e9 poss\u00edvel receber notifica\u00e7\u00f5es por e-mail ou SMS.<\/p>\n<p>Entretanto, com o fim da primeira fase do programa, \u00e9 necess\u00e1rio aguardar os pr\u00f3ximos passos, como um novo an\u00fancio por parte do governo estadual.<\/p>\n<p>Agora voc\u00ea conhece melhor o Programa Porta de Entrada e quais s\u00e3o suas condi\u00e7\u00f5es. Embora a primeira fase j\u00e1 esteja conclu\u00edda, voc\u00ea pode continuar de olho para conferir se novas etapas ficar\u00e3o dispon\u00edveis.<\/p>\n<p>Se voc\u00ea precisa de ajuda para conquistar a casa pr\u00f3pria, a <a href=\"http:\/\/tenda.com\"><strong>Tenda<\/strong><\/a>\u00a0est\u00e1 preparada para orientar voc\u00ea nessa jornada. Nossa equipe de especialistas oferece um atendimento personalizado para os seus sonhos e possibilidades, em busca da melhor op\u00e7\u00e3o.<\/p>\n<p>Conhe\u00e7a <a href=\"https:\/\/www.tenda.com\/lojas-tenda\">nossas lojas<\/a> ou visite nossa <a href=\"https:\/\/www.tenda.com\/loja-virtual\/rio-grande-do-sul\">Loja Virtual<\/a> e entre em contato!<\/p>\n","protected":false},"excerpt":{"rendered":"<p>Os programas habitacionais s\u00e3o essenciais para facilitar o caminho entre voc\u00ea e as chaves do seu im\u00f3vel [&#8230;]<\/p>\n","protected":false},"author":29,"featured_media":28208,"comment_status":"open","ping_status":"closed","sticky":false,"template":"","format":"standard","meta":{"footnotes":""},"categories":[6],"tags":[236,806,1078],"class_list":["post-28166","post","type-post","status-publish","format-standard","has-post-thumbnail","hentry","category-minha-casa-minha-vida","tag-minha-casa-minha-vida","tag-porta-de-entrada","tag-programa-porta-de-entrada"],"yoast_head":"<!-- This site is optimized with the Yoast SEO plugin v23.4 - https:\/\/yoast.com\/wordpress\/plugins\/seo\/ -->\n<title>Programa Porta de Entrada: conhe\u00e7a tudo sobre essa op\u00e7\u00e3o!<\/title>\n<meta name=\"robots\" content=\"index,follow\" \/>\n<meta property=\"og:locale\" content=\"pt_BR\" \/>\n<meta property=\"og:url\" content=\"https:\/\/www.tenda.com\/blog\/minha-casa-minha-vida\/programa-porta-de-entrada\" \/>\n<meta property=\"article:publisher\" content=\"https:\/\/www.facebook.com\/ConstrutoraTenda\/\" \/>\n<meta property=\"article:published_time\" content=\"2025-07-03T12:30:57+00:00\" \/>\n<meta property=\"article:modified_time\" content=\"2025-07-03T12:58:45+00:00\" \/>\n<meta property=\"og:image\" content=\"https:\/\/www.tenda.com\/blog\/wp-content\/uploads\/2024\/10\/Capa-desk-Porta-de-Entrada.jpg\" \/>\n\t<meta property=\"og:image:width\" content=\"726\" \/>\n\t<meta property=\"og:image:height\" content=\"400\" \/>\n\t<meta property=\"og:image:type\" content=\"image\/jpeg\" \/>\n<meta name=\"author\" content=\"Blog da Tenda\" \/>\n<meta name=\"twitter:label1\" content=\"Escrito por\" \/>\n\t<meta name=\"twitter:data1\" content=\"Blog da Tenda\" \/>\n\t<meta name=\"twitter:label2\" content=\"Est. tempo de leitura\" \/>\n\t<meta name=\"twitter:data2\" content=\"8 minutos\" \/>\n<!-- \/ Yoast SEO plugin. -->","yoast_head_json":{"title":"Programa Porta de Entrada: conhe\u00e7a tudo sobre essa op\u00e7\u00e3o!","robots":{"index,follow":"index,follow"},"og_locale":"pt_BR","og_url":"https:\/\/www.tenda.com\/blog\/minha-casa-minha-vida\/programa-porta-de-entrada","article_publisher":"https:\/\/www.facebook.com\/ConstrutoraTenda\/","article_published_time":"2025-07-03T12:30:57+00:00","article_modified_time":"2025-07-03T12:58:45+00:00","og_image":[{"width":726,"height":400,"url":"https:\/\/www.tenda.com\/blog\/wp-content\/uploads\/2024\/10\/Capa-desk-Porta-de-Entrada.jpg","type":"image\/jpeg"}],"author":"Blog da Tenda","twitter_misc":{"Escrito por":"Blog da Tenda","Est. tempo de leitura":"8 minutos"},"schema":{"@context":"https:\/\/schema.org","@graph":[{"@type":"Article","@id":"https:\/\/www.tenda.com\/blog\/minha-casa-minha-vida\/programa-porta-de-entrada#article","isPartOf":{"@id":"https:\/\/www.tenda.com\/blog\/minha-casa-minha-vida\/programa-porta-de-entrada"},"author":{"name":"Blog da Tenda","@id":"https:\/\/www.tenda.com\/blog\/#\/schema\/person\/07244fbbcf0926a3de9d0b882dfc6cbc"},"headline":"Programa Porta de Entrada: conhe\u00e7a tudo sobre essa op\u00e7\u00e3o!","datePublished":"2025-07-03T12:30:57+00:00","dateModified":"2025-07-03T12:58:45+00:00","mainEntityOfPage":{"@id":"https:\/\/www.tenda.com\/blog\/minha-casa-minha-vida\/programa-porta-de-entrada"},"wordCount":1272,"commentCount":0,"publisher":{"@id":"https:\/\/www.tenda.com\/blog\/#organization"},"image":{"@id":"https:\/\/www.tenda.com\/blog\/minha-casa-minha-vida\/programa-porta-de-entrada#primaryimage"},"thumbnailUrl":"https:\/\/www.tenda.com\/blog\/wp-content\/uploads\/2024\/10\/Capa-desk-Porta-de-Entrada.jpg","keywords":["Minha Casa Minha Vida","Porta de Entrada","Programa Porta de Entrada"],"articleSection":["Minha Casa Minha Vida"],"inLanguage":"pt-BR","potentialAction":[{"@type":"CommentAction","name":"Comment","target":["https:\/\/www.tenda.com\/blog\/minha-casa-minha-vida\/programa-porta-de-entrada#respond"]}]},{"@type":"WebPage","@id":"https:\/\/www.tenda.com\/blog\/minha-casa-minha-vida\/programa-porta-de-entrada","url":"https:\/\/www.tenda.com\/blog\/minha-casa-minha-vida\/programa-porta-de-entrada","name":"Programa Porta de Entrada: conhe\u00e7a tudo sobre essa op\u00e7\u00e3o!","isPartOf":{"@id":"https:\/\/www.tenda.com\/blog\/#website"},"primaryImageOfPage":{"@id":"https:\/\/www.tenda.com\/blog\/minha-casa-minha-vida\/programa-porta-de-entrada#primaryimage"},"image":{"@id":"https:\/\/www.tenda.com\/blog\/minha-casa-minha-vida\/programa-porta-de-entrada#primaryimage"},"thumbnailUrl":"https:\/\/www.tenda.com\/blog\/wp-content\/uploads\/2024\/10\/Capa-desk-Porta-de-Entrada.jpg","datePublished":"2025-07-03T12:30:57+00:00","dateModified":"2025-07-03T12:58:45+00:00","description":"O Governo do Rio Grande do Sul lan\u00e7ou o programa Porta de Entrada. Confira em nosso blog como ele pode te ajudar a conquistar a casa pr\u00f3pria!","breadcrumb":{"@id":"https:\/\/www.tenda.com\/blog\/minha-casa-minha-vida\/programa-porta-de-entrada#breadcrumb"},"inLanguage":"pt-BR","potentialAction":[{"@type":"ReadAction","target":["https:\/\/www.tenda.com\/blog\/minha-casa-minha-vida\/programa-porta-de-entrada"]}]},{"@type":"ImageObject","inLanguage":"pt-BR","@id":"https:\/\/www.tenda.com\/blog\/minha-casa-minha-vida\/programa-porta-de-entrada#primaryimage","url":"https:\/\/www.tenda.com\/blog\/wp-content\/uploads\/2024\/10\/Capa-desk-Porta-de-Entrada.jpg","contentUrl":"https:\/\/www.tenda.com\/blog\/wp-content\/uploads\/2024\/10\/Capa-desk-Porta-de-Entrada.jpg","width":726,"height":400,"caption":"Programa Porta de Entrada | Casal feliz segurando as chaves da casa pr\u00f3pria | Minha Casa Minha Vida | Blog da Tenda"},{"@type":"BreadcrumbList","@id":"https:\/\/www.tenda.com\/blog\/minha-casa-minha-vida\/programa-porta-de-entrada#breadcrumb","itemListElement":[{"@type":"ListItem","position":1,"name":"In\u00edcio","item":"https:\/\/www.tenda.com\/blog\/"},{"@type":"ListItem","position":2,"name":"Programa Porta de Entrada: conhe\u00e7a tudo sobre essa op\u00e7\u00e3o!"}]},{"@type":"WebSite","@id":"https:\/\/www.tenda.com\/blog\/#website","url":"https:\/\/www.tenda.com\/blog\/","name":"Blog da Tenda","description":"Blog","publisher":{"@id":"https:\/\/www.tenda.com\/blog\/#organization"},"potentialAction":[{"@type":"SearchAction","target":{"@type":"EntryPoint","urlTemplate":"https:\/\/www.tenda.com\/blog\/?s={search_term_string}"},"query-input":{"@type":"PropertyValueSpecification","valueRequired":true,"valueName":"search_term_string"}}],"inLanguage":"pt-BR"},{"@type":"Organization","@id":"https:\/\/www.tenda.com\/blog\/#organization","name":"Construtora Tenda","url":"https:\/\/www.tenda.com\/blog\/","logo":{"@type":"ImageObject","inLanguage":"pt-BR","@id":"https:\/\/www.tenda.com\/blog\/#\/schema\/logo\/image\/","url":"https:\/\/www.tenda.com\/blog\/wp-content\/uploads\/2020\/09\/logo-tenda_RGB_vermelho.png","contentUrl":"https:\/\/www.tenda.com\/blog\/wp-content\/uploads\/2020\/09\/logo-tenda_RGB_vermelho.png","width":1579,"height":379,"caption":"Construtora Tenda"},"image":{"@id":"https:\/\/www.tenda.com\/blog\/#\/schema\/logo\/image\/"},"sameAs":["https:\/\/www.facebook.com\/ConstrutoraTenda\/","https:\/\/www.instagram.com\/construtoratenda","https:\/\/br.linkedin.com\/company\/construtora-tenda","https:\/\/www.youtube.com\/user\/TendaConstrutora","https:\/\/en.wikipedia.org\/wiki\/Construtora_Tenda"]},{"@type":"Person","@id":"https:\/\/www.tenda.com\/blog\/#\/schema\/person\/07244fbbcf0926a3de9d0b882dfc6cbc","name":"Blog da Tenda","image":{"@type":"ImageObject","inLanguage":"pt-BR","@id":"https:\/\/www.tenda.com\/blog\/#\/schema\/person\/image\/","url":"https:\/\/secure.gravatar.com\/avatar\/8c2de1511429dc1ecdf15ae53bb8eb18?s=96&d=mm&r=g","contentUrl":"https:\/\/secure.gravatar.com\/avatar\/8c2de1511429dc1ecdf15ae53bb8eb18?s=96&d=mm&r=g","caption":"Blog da Tenda"},"url":"https:\/\/www.tenda.com\/blog\/author\/vinicius"}]}},"_links":{"self":[{"href":"https:\/\/www.tenda.com\/blog\/wp-json\/wp\/v2\/posts\/28166"}],"collection":[{"href":"https:\/\/www.tenda.com\/blog\/wp-json\/wp\/v2\/posts"}],"about":[{"href":"https:\/\/www.tenda.com\/blog\/wp-json\/wp\/v2\/types\/post"}],"author":[{"embeddable":true,"href":"https:\/\/www.tenda.com\/blog\/wp-json\/wp\/v2\/users\/29"}],"replies":[{"embeddable":true,"href":"https:\/\/www.tenda.com\/blog\/wp-json\/wp\/v2\/comments?post=28166"}],"version-history":[{"count":12,"href":"https:\/\/www.tenda.com\/blog\/wp-json\/wp\/v2\/posts\/28166\/revisions"}],"predecessor-version":[{"id":32014,"href":"https:\/\/www.tenda.com\/blog\/wp-json\/wp\/v2\/posts\/28166\/revisions\/32014"}],"wp:featuredmedia":[{"embeddable":true,"href":"https:\/\/www.tenda.com\/blog\/wp-json\/wp\/v2\/media\/28208"}],"wp:attachment":[{"href":"https:\/\/www.tenda.com\/blog\/wp-json\/wp\/v2\/media?parent=28166"}],"wp:term":[{"taxonomy":"category","embeddable":true,"href":"https:\/\/www.tenda.com\/blog\/wp-json\/wp\/v2\/categories?post=28166"},{"taxonomy":"post_tag","embeddable":true,"href":"https:\/\/www.tenda.com\/blog\/wp-json\/wp\/v2\/tags?post=28166"}],"curies":[{"name":"wp","href":"https:\/\/api.w.org\/{rel}","templated":true}]}}