














{"id":22633,"date":"2026-07-31T13:00:41","date_gmt":"2026-07-31T16:00:41","guid":{"rendered":"https:\/\/www.tenda.com\/blog\/?p=22633"},"modified":"2026-07-31T18:25:25","modified_gmt":"2026-07-31T21:25:25","slug":"jardim-armacao","status":"publish","type":"post","link":"https:\/\/www.tenda.com\/blog\/onde-morar\/jardim-armacao","title":{"rendered":"Como \u00e9 morar em Jardim Arma\u00e7\u00e3o? Infraestrutura, lazer e mais!"},"content":{"rendered":"<p>&nbsp;<\/p><div id=\"ez-toc-container\" class=\"ez-toc-v2_0_71 counter-hierarchy ez-toc-counter ez-toc-grey ez-toc-container-direction\">\n<div class=\"ez-toc-title-container\">\n<p class=\"ez-toc-title\" style=\"cursor:inherit\">O que voc\u00ea vai encontrar nesse post <\/p>\n<span class=\"ez-toc-title-toggle\"><a href=\"#\" class=\"ez-toc-pull-right ez-toc-btn ez-toc-btn-xs ez-toc-btn-default ez-toc-toggle\" aria-label=\"Toggle Table of Content\"><span class=\"ez-toc-js-icon-con\"><span class=\"\"><span class=\"eztoc-hide\" style=\"display:none;\">Toggle<\/span><span class=\"ez-toc-icon-toggle-span\"><svg style=\"fill: #999;color:#999\" xmlns=\"http:\/\/www.w3.org\/2000\/svg\" class=\"list-377408\" width=\"20px\" height=\"20px\" viewBox=\"0 0 24 24\" fill=\"none\"><path d=\"M6 6H4v2h2V6zm14 0H8v2h12V6zM4 11h2v2H4v-2zm16 0H8v2h12v-2zM4 16h2v2H4v-2zm16 0H8v2h12v-2z\" fill=\"currentColor\"><\/path><\/svg><svg style=\"fill: #999;color:#999\" class=\"arrow-unsorted-368013\" xmlns=\"http:\/\/www.w3.org\/2000\/svg\" width=\"10px\" height=\"10px\" viewBox=\"0 0 24 24\" version=\"1.2\" baseProfile=\"tiny\"><path d=\"M18.2 9.3l-6.2-6.3-6.2 6.3c-.2.2-.3.4-.3.7s.1.5.3.7c.2.2.4.3.7.3h11c.3 0 .5-.1.7-.3.2-.2.3-.5.3-.7s-.1-.5-.3-.7zM5.8 14.7l6.2 6.3 6.2-6.3c.2-.2.3-.5.3-.7s-.1-.5-.3-.7c-.2-.2-.4-.3-.7-.3h-11c-.3 0-.5.1-.7.3-.2.2-.3.5-.3.7s.1.5.3.7z\"\/><\/svg><\/span><\/span><\/span><\/a><\/span><\/div>\n<nav><ul class='ez-toc-list ez-toc-list-level-1 eztoc-toggle-hide-by-default' ><li class='ez-toc-page-1 ez-toc-heading-level-2'><a class=\"ez-toc-link ez-toc-heading-1\" href=\"https:\/\/www.tenda.com\/blog\/onde-morar\/jardim-armacao\/#Onde_fica_o_Jardim_Armacao_e_como_e_o_perfil_do_bairro\" title=\"Onde fica o Jardim Arma\u00e7\u00e3o e como \u00e9 o perfil do bairro?\">Onde fica o Jardim Arma\u00e7\u00e3o e como \u00e9 o perfil do bairro?<\/a><\/li><li class='ez-toc-page-1 ez-toc-heading-level-2'><a class=\"ez-toc-link ez-toc-heading-2\" href=\"https:\/\/www.tenda.com\/blog\/onde-morar\/jardim-armacao\/#O_bairro_Jardim_Armacao_tem_boa_infraestrutura_e_seguranca\" title=\"O bairro Jardim Arma\u00e7\u00e3o tem boa infraestrutura e seguran\u00e7a?\">O bairro Jardim Arma\u00e7\u00e3o tem boa infraestrutura e seguran\u00e7a?<\/a><ul class='ez-toc-list-level-3' ><li class='ez-toc-heading-level-3'><a class=\"ez-toc-link ez-toc-heading-3\" href=\"https:\/\/www.tenda.com\/blog\/onde-morar\/jardim-armacao\/#Alimentacao\" title=\"Alimenta\u00e7\u00e3o\">Alimenta\u00e7\u00e3o<\/a><\/li><li class='ez-toc-page-1 ez-toc-heading-level-3'><a class=\"ez-toc-link ez-toc-heading-4\" href=\"https:\/\/www.tenda.com\/blog\/onde-morar\/jardim-armacao\/#Saude\" title=\"Sa\u00fade\">Sa\u00fade<\/a><\/li><li class='ez-toc-page-1 ez-toc-heading-level-3'><a class=\"ez-toc-link ez-toc-heading-5\" href=\"https:\/\/www.tenda.com\/blog\/onde-morar\/jardim-armacao\/#Educacao\" title=\"Educa\u00e7\u00e3o\">Educa\u00e7\u00e3o<\/a><\/li><li class='ez-toc-page-1 ez-toc-heading-level-3'><a class=\"ez-toc-link ez-toc-heading-6\" href=\"https:\/\/www.tenda.com\/blog\/onde-morar\/jardim-armacao\/#Comercio\" title=\"Com\u00e9rcio\">Com\u00e9rcio<\/a><\/li><li class='ez-toc-page-1 ez-toc-heading-level-3'><a class=\"ez-toc-link ez-toc-heading-7\" href=\"https:\/\/www.tenda.com\/blog\/onde-morar\/jardim-armacao\/#Seguranca\" title=\"Seguran\u00e7a\">Seguran\u00e7a<\/a><\/li><li class='ez-toc-page-1 ez-toc-heading-level-3'><a class=\"ez-toc-link ez-toc-heading-8\" href=\"https:\/\/www.tenda.com\/blog\/onde-morar\/jardim-armacao\/#Transporte_e_mobilidade\" title=\"Transporte e mobilidade\">Transporte e mobilidade<\/a><\/li><\/ul><\/li><li class='ez-toc-page-1 ez-toc-heading-level-2'><a class=\"ez-toc-link ez-toc-heading-9\" href=\"https:\/\/www.tenda.com\/blog\/onde-morar\/jardim-armacao\/#Quais_sao_as_opcoes_de_lazer_e_praia_no_Jardim_Armacao\" title=\"Quais s\u00e3o as op\u00e7\u00f5es de lazer e praia no Jardim Arma\u00e7\u00e3o?\">Quais s\u00e3o as op\u00e7\u00f5es de lazer e praia no Jardim Arma\u00e7\u00e3o?<\/a><\/li><li class='ez-toc-page-1 ez-toc-heading-level-2'><a class=\"ez-toc-link ez-toc-heading-10\" href=\"https:\/\/www.tenda.com\/blog\/onde-morar\/jardim-armacao\/#Como_e_morar_no_bairro_Jardim_Armacao_em_Salvador\" title=\"Como \u00e9 morar no bairro Jardim Arma\u00e7\u00e3o, em Salvador?\">Como \u00e9 morar no bairro Jardim Arma\u00e7\u00e3o, em Salvador?<\/a><\/li><li class='ez-toc-page-1 ez-toc-heading-level-2'><a class=\"ez-toc-link ez-toc-heading-11\" href=\"https:\/\/www.tenda.com\/blog\/onde-morar\/jardim-armacao\/#Encontre_seu_apartamento_ideal_em_Salvador_com_a_Construtora_Tenda\" title=\"Encontre seu apartamento ideal em Salvador com a Construtora Tenda!\">Encontre seu apartamento ideal em Salvador com a Construtora Tenda!<\/a><\/li><li class='ez-toc-page-1 ez-toc-heading-level-2'><a class=\"ez-toc-link ez-toc-heading-12\" href=\"https:\/\/www.tenda.com\/blog\/onde-morar\/jardim-armacao\/#Perguntas_frequentes\" title=\"Perguntas frequentes\">Perguntas frequentes<\/a><ul class='ez-toc-list-level-3' ><li class='ez-toc-heading-level-3'><a class=\"ez-toc-link ez-toc-heading-13\" href=\"https:\/\/www.tenda.com\/blog\/onde-morar\/jardim-armacao\/#E_um_bairro_bom_para_familias_com_criancas_e_pets\" title=\"\u00c9 um bairro bom para fam\u00edlias com crian\u00e7as e pets?\">\u00c9 um bairro bom para fam\u00edlias com crian\u00e7as e pets?<\/a><\/li><li class='ez-toc-page-1 ez-toc-heading-level-3'><a class=\"ez-toc-link ez-toc-heading-14\" href=\"https:\/\/www.tenda.com\/blog\/onde-morar\/jardim-armacao\/#Como_fica_a_rotina_em_alta_temporada_e_em_dias_de_grandes_eventos\" title=\"Como fica a rotina em alta temporada e em dias de grandes eventos?\">Como fica a rotina em alta temporada e em dias de grandes eventos?<\/a><\/li><\/ul><\/li><\/ul><\/nav><\/div>\n\n<p><span style=\"font-weight: 400;\">Morar perto da praia, contar com boa infraestrutura e ter acesso facilitado a diferentes partes da cidade s\u00e3o fatores que pesam na escolha de um endere\u00e7o. Nesse contexto, o <\/span><b>Jardim Arma\u00e7\u00e3o<\/b><span style=\"font-weight: 400;\"> se destaca como um dos bairros mais valorizados da orla de Salvador.<\/span><\/p>\n<p><span style=\"font-weight: 400;\">Localizada em uma \u00e1rea estrat\u00e9gica da capital baiana, a regi\u00e3o atrai moradores com diferentes perfis e <\/span><b>tem uma popula\u00e7\u00e3o composta majoritariamente por pessoas entre 20 e 49 anos<\/b><span style=\"font-weight: 400;\">, segundo <\/span><a href=\"https:\/\/observatoriobairrossalvador.ufba.br\/bairros\/jardim-armacao\" target=\"_blank\" rel=\"noopener\"><span style=\"font-weight: 400;\">dados do IBGE<\/span><\/a><span style=\"font-weight: 400;\"> (Instituto Brasileiro de Geografia e Estat\u00edstica).<\/span><\/p>\n<p><span style=\"font-weight: 400;\">Essa caracter\u00edstica contribui para uma din\u00e2mica urbana ativa e para a oferta diversificada de servi\u00e7os, com\u00e9rcio e op\u00e7\u00f5es de entretenimento.<\/span><\/p>\n<p><span style=\"font-weight: 400;\">Ap\u00f3s transforma\u00e7\u00f5es recentes que ampliaram sua atratividade no mercado, Arma\u00e7\u00e3o se consolidou como uma alternativa interessante tanto para quem busca praticidade na rotina quanto para quem valoriza qualidade de vida pr\u00f3xima ao mar.<\/span><\/p>\n<p><span style=\"font-weight: 400;\">Mas como \u00e9 viver no bairro na pr\u00e1tica? Neste artigo, conhe\u00e7a a estrutura local, as op\u00e7\u00f5es de deslocamento, \u00e1reas de lazer, custo de vida e tudo o que voc\u00ea precisa saber para avaliar se essa regi\u00e3o combina com o seu estilo de vida.<\/span><\/p>\n<p><span style=\"font-weight: 400;\">Vamos l\u00e1?<\/span><\/p>\n<h2><span class=\"ez-toc-section\" id=\"Onde_fica_o_Jardim_Armacao_e_como_e_o_perfil_do_bairro\"><\/span><strong>Onde fica o Jardim Arma\u00e7\u00e3o e como \u00e9 o perfil do bairro?<\/strong><span class=\"ez-toc-section-end\"><\/span><\/h2>\n<p><span style=\"font-weight: 400;\">Localizado na orla atl\u00e2ntica de Salvador (Bahia), Arma\u00e7\u00e3o faz divisa com os bairros Costa Azul, Stiep, Imbu\u00ed e Boca do Rio. Seu perfil \u00e9 predominantemente residencial, com destaque para a <\/span><a href=\"https:\/\/www.tenda.com\/blog\/onde-morar\/apartamento-comprar-praia\" target=\"_blank\" rel=\"noopener\"><span style=\"font-weight: 400;\">proximidade com a praia<\/span><\/a><span style=\"font-weight: 400;\">, a ampla oferta de lazer e servi\u00e7os, e o acesso facilitado \u00e0 Avenida Paralela.<\/span><\/p>\n<p><span style=\"font-weight: 400;\">Com o avan\u00e7o imobili\u00e1rio das \u00faltimas d\u00e9cadas, a \u00e1rea recebeu novos condom\u00ednios e passou a atrair fam\u00edlias de classe m\u00e9dia, profissionais que trabalham no polo financeiro do Iguatemi e pessoas que buscam morar perto do mar sem abrir m\u00e3o da estrutura urbana.<\/span><\/p>\n<p><span style=\"font-weight: 400;\">A requalifica\u00e7\u00e3o da orla foi um dos principais fatores de transforma\u00e7\u00e3o da vizinhan\u00e7a. A implanta\u00e7\u00e3o de ciclovias, \u00e1reas de conviv\u00eancia, espa\u00e7os para atividades f\u00edsicas e melhorias paisag\u00edsticas tornou o ambiente mais atrativo para moradores e visitantes.<\/span><\/p>\n<p><span style=\"font-weight: 400;\">Como resultado, Arma\u00e7\u00e3o ganhou novas alternativas de lazer ao ar livre e registrou aumento na circula\u00e7\u00e3o de pessoas ao longo do dia.<\/span><\/p>\n<p><span style=\"font-weight: 400;\">Outro fator que impulsionou o desenvolvimento da regi\u00e3o foi o novo <\/span><a href=\"https:\/\/ccs-salvador.com.br\/\" target=\"_blank\" rel=\"noopener\"><span style=\"font-weight: 400;\">Centro de Conven\u00e7\u00f5es de Salvador<\/span><\/a><span style=\"font-weight: 400;\">, instalado na vizinha Boca do Rio.<\/span><\/p>\n<p><span style=\"font-weight: 400;\">O empreendimento fortaleceu o turismo de neg\u00f3cios, atraiu investimentos, ampliou as atividades econ\u00f4micas e contribuiu para a valoriza\u00e7\u00e3o dos im\u00f3veis pr\u00f3ximos.<\/span><\/p>\n<p><span style=\"font-weight: 400;\">Al\u00e9m disso, grandes eventos passaram a gerar fluxo constante de visitantes, o que beneficia restaurantes, hot\u00e9is e o com\u00e9rcio local.<\/span><\/p>\n<h2><span class=\"ez-toc-section\" id=\"O_bairro_Jardim_Armacao_tem_boa_infraestrutura_e_seguranca\"><\/span><strong>O bairro Jardim Arma\u00e7\u00e3o tem boa infraestrutura e seguran\u00e7a?<\/strong><span class=\"ez-toc-section-end\"><\/span><\/h2>\n<p><span style=\"font-weight: 400;\">Sim. O bairro conta com infraestrutura consolidada, com supermercados, farm\u00e1cias, academias, escolas, restaurantes e f\u00e1cil acesso a importantes vias da cidade. Em rela\u00e7\u00e3o \u00e0 seguran\u00e7a, costuma apresentar \u00edndices mais favor\u00e1veis do que <\/span><a href=\"https:\/\/www.tenda.com\/blog\/onde-morar\/bairros-de-salvador\" target=\"_blank\" rel=\"noopener\"><span style=\"font-weight: 400;\">outras \u00e1reas de Salvador<\/span><\/a><span style=\"font-weight: 400;\">, embora a percep\u00e7\u00e3o possa variar conforme a rua e os hor\u00e1rios de circula\u00e7\u00e3o.<\/span><\/p>\n<p><span style=\"font-weight: 400;\">A seguir, entenda os principais aspectos que influenciam a qualidade de vida na regi\u00e3o.<\/span><\/p>\n<h3><span class=\"ez-toc-section\" id=\"Alimentacao\"><\/span><span style=\"font-weight: 400;\">Alimenta\u00e7\u00e3o<\/span><span class=\"ez-toc-section-end\"><\/span><\/h3>\n<p><span style=\"font-weight: 400;\">Os moradores encontram supermercados, atacarejos, padarias e estabelecimentos de conveni\u00eancia que atendem \u00e0s necessidades di\u00e1rias. Al\u00e9m disso, h\u00e1 op\u00e7\u00f5es variadas de restaurantes, bares e caf\u00e9s.<\/span><\/p>\n<p><span style=\"font-weight: 400;\">A proximidade com bairros como Costa Azul, Stiep e Boca do Rio tamb\u00e9m amplia o acesso a op\u00e7\u00f5es de compras e servi\u00e7os.<\/span><\/p>\n<h3><span class=\"ez-toc-section\" id=\"Saude\"><\/span><span style=\"font-weight: 400;\">Sa\u00fade<\/span><span class=\"ez-toc-section-end\"><\/span><\/h3>\n<p><span style=\"font-weight: 400;\">A regi\u00e3o conta com cl\u00ednicas, consult\u00f3rios e laborat\u00f3rios de exames, al\u00e9m de f\u00e1cil deslocamento para hospitais e centros m\u00e9dicos localizados em \u00e1reas pr\u00f3ximas, como Iguatemi, Caminho das \u00c1rvores e Pituba.<\/span><\/p>\n<h3><span class=\"ez-toc-section\" id=\"Educacao\"><\/span><span style=\"font-weight: 400;\">Educa\u00e7\u00e3o<\/span><span class=\"ez-toc-section-end\"><\/span><\/h3>\n<p><span style=\"font-weight: 400;\">Arma\u00e7\u00e3o oferece boas op\u00e7\u00f5es de educa\u00e7\u00e3o para diferentes etapas da forma\u00e7\u00e3o. No ensino superior, destacam-se a Faculdade Baiana de Direito e a proximidade com o campus da Est\u00e1cio, no Stiep.<\/span><\/p>\n<p><span style=\"font-weight: 400;\">Para a primeira inf\u00e2ncia, h\u00e1 o Centro Municipal de Educa\u00e7\u00e3o Infantil Irm\u00e3 Sheila e o Centro Municipal de Educa\u00e7\u00e3o Infantil Associa\u00e7\u00e3o Crist\u00e3 Feminina, que contribuem para o desenvolvimento das crian\u00e7as por meio de um ambiente seguro e prop\u00edcio \u00e0 aprendizagem.<\/span><\/p>\n<h3><span class=\"ez-toc-section\" id=\"Comercio\"><\/span><span style=\"font-weight: 400;\">Com\u00e9rcio<\/span><span class=\"ez-toc-section-end\"><\/span><\/h3>\n<p><span style=\"font-weight: 400;\">O com\u00e9rcio local re\u00fane academias, sal\u00f5es de beleza, bancos e diversos prestadores de servi\u00e7os. A presen\u00e7a desses estabelecimentos contribui para uma rotina mais pr\u00e1tica, com menor necessidade de deslocamentos longos.<\/span><\/p>\n<h3><span class=\"ez-toc-section\" id=\"Seguranca\"><\/span><span style=\"font-weight: 400;\">Seguran\u00e7a<\/span><span class=\"ez-toc-section-end\"><\/span><\/h3>\n<p><span style=\"font-weight: 400;\">Arma\u00e7\u00e3o costuma ser percebido como um dos bairros mais organizados da orla de Salvador, principalmente nas \u00e1reas residenciais.<\/span><\/p>\n<p><span style=\"font-weight: 400;\">A <\/span><a href=\"https:\/\/www.tenda.com\/blog\/viver-em-condominio\/condominio-residencial\" target=\"_blank\" rel=\"noopener\"><span style=\"font-weight: 400;\">presen\u00e7a de condom\u00ednios<\/span><\/a><span style=\"font-weight: 400;\">, o fluxo constante de pessoas e a movimenta\u00e7\u00e3o comercial ajudam a aumentar a percep\u00e7\u00e3o de espa\u00e7o protegido.<\/span><\/p>\n<p><span style=\"font-weight: 400;\">Ainda assim, como em qualquer grande cidade, \u00e9 recomend\u00e1vel manter aten\u00e7\u00e3o a pertences pessoais e avaliar as condi\u00e7\u00f5es espec\u00edficas de cada rua e hor\u00e1rio de circula\u00e7\u00e3o.<\/span><\/p>\n<h3><span class=\"ez-toc-section\" id=\"Transporte_e_mobilidade\"><\/span><span style=\"font-weight: 400;\">Transporte e mobilidade<\/span><span class=\"ez-toc-section-end\"><\/span><\/h3>\n<p><span style=\"font-weight: 400;\">A oferta de linhas de \u00f4nibus \u00e9 ampla, e a proximidade com a Avenida Paralela garante f\u00e1cil acesso \u00e0s esta\u00e7\u00f5es de metr\u00f4 e a outras importantes rotas de mobilidade urbana.<\/span><\/p>\n<p><span style=\"font-weight: 400;\">Al\u00e9m disso, a orla conta com ciclovia e cal\u00e7ad\u00e3o, o que favorece deslocamentos curtos e atividades ao ar livre. A depender do tr\u00e2nsito, trajetos para regi\u00f5es como Iguatemi, Caminho das \u00c1rvores e o Aeroporto costumam ser relativamente r\u00e1pidos.<\/span><\/p>\n<p><span style=\"font-weight: 400;\">Agora que voc\u00ea sabe se o bairro Jardim Arma\u00e7\u00e3o tem boa infraestrutura e seguran\u00e7a, conhe\u00e7a as op\u00e7\u00f5es de lazer na regi\u00e3o.<\/span><\/p>\n<h2><span class=\"ez-toc-section\" id=\"Quais_sao_as_opcoes_de_lazer_e_praia_no_Jardim_Armacao\"><\/span><strong>Quais s\u00e3o as op\u00e7\u00f5es de lazer e praia no Jardim Arma\u00e7\u00e3o?<\/strong><span class=\"ez-toc-section-end\"><\/span><\/h2>\n<p><span style=\"font-weight: 400;\">Entre os principais atrativos do bairro est\u00e3o a Praia de Arma\u00e7\u00e3o, o cal\u00e7ad\u00e3o revitalizado e os espa\u00e7os voltados \u00e0 pr\u00e1tica esportiva. Ciclovia, cal\u00e7ad\u00e3o e \u00e1reas de conviv\u00eancia incentivam atividades ao ar livre, enquanto a proximidade com o Centro de Conven\u00e7\u00f5es favorece a realiza\u00e7\u00e3o de eventos culturais, congressos, semin\u00e1rios e exposi\u00e7\u00f5es.<\/span><\/p>\n<p><span style=\"font-weight: 400;\">Os moradores tamb\u00e9m aproveitam a faixa de areia para participar de aulas de dan\u00e7a, capoeira e tai chi chuan. Em alguns trechos, as forma\u00e7\u00f5es rochosas e a mar\u00e9 baixa criam piscinas naturais que atraem visitantes em busca de momentos de descanso e banho de mar.<\/span><\/p>\n<p><span style=\"font-weight: 400;\">Para quem prefere \u00e1reas verdes, o Parque Lagoa dos P\u00e1ssaros oferece um ambiente agrad\u00e1vel para caminhadas e contempla\u00e7\u00e3o da natureza, perfeito para quem busca um ref\u00fagio do cotidiano.<\/span><\/p>\n<p><span style=\"font-weight: 400;\">A regi\u00e3o ainda conta com centros comerciais, como o Blue Shopping e o Shopping Sumar\u00e9, que proporcionam uma ampla variedade de lojas, gastronomia e servi\u00e7os.<\/span><\/p>\n<p><span style=\"font-weight: 400;\">Essa combina\u00e7\u00e3o de op\u00e7\u00f5es de lazer e praia no Jardim Arma\u00e7\u00e3o contribui para a qualidade de vida de moradores e visitantes.<\/span><\/p>\n<h2><span class=\"ez-toc-section\" id=\"Como_e_morar_no_bairro_Jardim_Armacao_em_Salvador\"><\/span><strong>Como \u00e9 morar no bairro Jardim Arma\u00e7\u00e3o, em Salvador?<\/strong><span class=\"ez-toc-section-end\"><\/span><\/h2>\n<p><span style=\"font-weight: 400;\">A paisagem local \u00e9 marcada por edif\u00edcios residenciais e condom\u00ednios verticais, muitos com \u00e1reas de lazer, portaria e vagas de garagem. Os moradores desfrutam de boa mobilidade, ampla oferta de com\u00e9rcio e servi\u00e7os, al\u00e9m da proximidade com a orla e importantes vias de acesso da capital.<\/span><\/p>\n<p><span style=\"font-weight: 400;\">H\u00e1 op\u00e7\u00f5es que atendem desde casais e pequenos n\u00facleos familiares at\u00e9 moradores que buscam im\u00f3veis maiores com vista para o mar.<\/span><\/p>\n<p><span style=\"font-weight: 400;\">Em rela\u00e7\u00e3o ao custo de vida, \u00e9 considerado m\u00e9dio-alto. Veja as m\u00e9dias de pre\u00e7os dos principais gastos do dia a dia:<\/span><\/p>\n<ul>\n<li style=\"font-weight: 400;\" aria-level=\"1\"><b>aluguel (1 a 2 quartos)<\/b><span style=\"font-weight: 400;\">: de R$ 2.000 a R$ 4.000+, conforme a proximidade da praia;<\/span><\/li>\n<li style=\"font-weight: 400;\" aria-level=\"1\"><b>condom\u00ednio<\/b><span style=\"font-weight: 400;\">: entre R$ 350 e R$ 800, a depender da estrutura;<\/span><\/li>\n<li style=\"font-weight: 400;\" aria-level=\"1\"><b>alimenta\u00e7\u00e3o<\/b><span style=\"font-weight: 400;\">: a cesta b\u00e1sica custa em m\u00e9dia R$ 657, segundo <\/span><a href=\"https:\/\/www.trbn.com.br\/materia\/I156367\/cesta-basica-sobe-529-em-salvador-e-atinge-r-657-maior-alta-mensal-do-ano\" target=\"_blank\" rel=\"noopener\"><span style=\"font-weight: 400;\">Tribuna da Bahia<\/span><\/a><span style=\"font-weight: 400;\">;<\/span><\/li>\n<li style=\"font-weight: 400;\" aria-level=\"1\"><b>energia el\u00e9trica<\/b><span style=\"font-weight: 400;\">: R$ 0,87 por kWh, segundo a <\/span><a href=\"https:\/\/www.neoenergia.com\/web\/bahia\/composicao-tarifaria\" target=\"_blank\" rel=\"noopener\"><span style=\"font-weight: 400;\">Neoenergia Coelba<\/span><\/a><span style=\"font-weight: 400;\">.<\/span><\/li>\n<\/ul>\n<p><span style=\"font-weight: 400;\">Nesse cen\u00e1rio, se um casal consome entre 150 kWh e 220 kWh por m\u00eas, a conta de luz deve oscilar entre R$ 130 e R$ 195.<\/span><\/p>\n<p><span style=\"font-weight: 400;\">Vale lembrar que propriet\u00e1rios de im\u00f3veis tamb\u00e9m devem considerar despesas como <\/span><a href=\"https:\/\/www.tenda.com\/blog\/tenda-explica\/o-que-e-iptu\/\" target=\"_blank\" rel=\"noopener\"><span style=\"font-weight: 400;\">IPTU<\/span><\/a><span style=\"font-weight: 400;\"> e seguros obrigat\u00f3rios.<\/span><\/p>\n<p><span style=\"font-weight: 400;\">Apesar de apresentar custos superiores aos de bairros mais afastados da orla, a regi\u00e3o compensa com estrutura de qualidade, acesso facilitado a servi\u00e7os e localiza\u00e7\u00e3o estrat\u00e9gica.<\/span><\/p>\n<h2><span class=\"ez-toc-section\" id=\"Encontre_seu_apartamento_ideal_em_Salvador_com_a_Construtora_Tenda\"><\/span><strong>Encontre seu apartamento ideal em Salvador com a Construtora Tenda!<\/strong><span class=\"ez-toc-section-end\"><\/span><\/h2>\n<p><span style=\"font-weight: 400;\">Agora que voc\u00ea sabe como \u00e9 morar no bairro Jardim Arma\u00e7\u00e3o, em Salvador, fica mais f\u00e1cil avaliar se a localiza\u00e7\u00e3o atende ao seu estilo de vida e \u00e0s suas necessidades do dia a dia.<\/span><\/p>\n<p><span style=\"font-weight: 400;\">Antes de assinar o contrato de compra do seu im\u00f3vel, avalie seu or\u00e7amento e calcule os custos envolvidos para garantir que a decis\u00e3o esteja alinhada \u00e0 sua realidade financeira.<\/span><\/p>\n<p><span style=\"font-weight: 400;\">Conte com o <\/span><a href=\"https:\/\/www.tenda.com\/simulador-de-financiamento\" target=\"_blank\" rel=\"noopener\"><span style=\"font-weight: 400;\">Simulador de Financiamento<\/span><\/a><span style=\"font-weight: 400;\"> da Tenda para ajudar nesse processo. A ferramenta \u00e9 gratuita e f\u00e1cil de usar. Basta preencher dados b\u00e1sicos como regi\u00e3o, renda familiar e valor de entrada para receber uma estimativa das parcelas.<\/span><\/p>\n<p><span style=\"font-weight: 400;\">Assim, voc\u00ea se prepara para adquirir o seu lar com mais confian\u00e7a e tranquilidade.<\/span><\/p>\n<p><span style=\"font-weight: 400;\">Para conhecer os empreendimentos na regi\u00e3o, confira as op\u00e7\u00f5es dispon\u00edveis na <\/span><a href=\"https:\/\/tenda.com\/\" target=\"_blank\" rel=\"noopener\"><span style=\"font-weight: 400;\">Tenda<\/span><\/a><span style=\"font-weight: 400;\">. Oferecemos <\/span><a href=\"https:\/\/tenda.com\/apartamentos-a-venda\/ba\" target=\"_blank\" rel=\"noopener\"><span style=\"font-weight: 400;\">apartamentos em Salvador<\/span><\/a><span style=\"font-weight: 400;\"> com 1 a 2 quartos em condom\u00ednios fechados, que garantem mais conforto, praticidade e bem-estar para voc\u00ea e sua fam\u00edlia.<\/span><\/p>\n<p><span style=\"font-weight: 400;\">Acesse a <\/span><a href=\"https:\/\/tenda.com\/loja-virtual\" target=\"_blank\" rel=\"noopener\"><span style=\"font-weight: 400;\">Loja Virtual<\/span><\/a><span style=\"font-weight: 400;\"> hoje mesmo e d\u00ea o primeiro passo rumo a esse sonho!<\/span><\/p>\n<p><span style=\"font-weight: 400;\">Ficou com alguma d\u00favida? Fale com nosso <\/span><a href=\"https:\/\/api.whatsapp.com\/send?phone=551149508934&amp;text=Oi,%20estou%20interessado%20em%20comprar%20um%20im%C3%B3vel%20da%20Tenda\" target=\"_blank\" rel=\"noopener\"><span style=\"font-weight: 400;\">time de especialistas<\/span><\/a><span style=\"font-weight: 400;\">. Estaremos prontos para te ajudar nessa trajet\u00f3ria.<\/span><\/p>\n<h2><span class=\"ez-toc-section\" id=\"Perguntas_frequentes\"><\/span><strong>Perguntas frequentes<\/strong><span class=\"ez-toc-section-end\"><\/span><\/h2>\n<p><span style=\"font-weight: 400;\">Confira as respostas para as d\u00favidas mais comuns sobre o bairro.<\/span><\/p>\n<h3><span class=\"ez-toc-section\" id=\"E_um_bairro_bom_para_familias_com_criancas_e_pets\"><\/span><span style=\"font-weight: 400;\">\u00c9 um bairro bom para fam\u00edlias com crian\u00e7as e pets?<\/span><span class=\"ez-toc-section-end\"><\/span><\/h3>\n<p><span style=\"font-weight: 400;\">Sim. Arma\u00e7\u00e3o oferece condom\u00ednios com \u00e1reas comuns, acesso a escolas e creches, servi\u00e7os e espa\u00e7os para atividades ao ar livre. A orla requalificada, com cal\u00e7ad\u00e3o e \u00e1reas de conviv\u00eancia, favorece passeios com crian\u00e7as e <\/span><a href=\"https:\/\/www.tenda.com\/blog\/viver-em-condominio\/animais-de-estimacao-para-apartamento\" target=\"_blank\" rel=\"noopener\"><span style=\"font-weight: 400;\">animais de estima\u00e7\u00e3o<\/span><\/a><span style=\"font-weight: 400;\">, o que contribui para uma rotina mais pr\u00e1tica e agrad\u00e1vel.<\/span><\/p>\n<h3><span class=\"ez-toc-section\" id=\"Como_fica_a_rotina_em_alta_temporada_e_em_dias_de_grandes_eventos\"><\/span><span style=\"font-weight: 400;\">Como fica a rotina em alta temporada e em dias de grandes eventos?<\/span><span class=\"ez-toc-section-end\"><\/span><\/h3>\n<p><span style=\"font-weight: 400;\">Em per\u00edodos de f\u00e9rias, feriados e grandes eventos realizados no Centro de Conven\u00e7\u00f5es, o fluxo de visitantes aumenta, especialmente nas \u00e1reas pr\u00f3ximas \u00e0 orla. Como consequ\u00eancia, o tr\u00e2nsito e a movimenta\u00e7\u00e3o de pessoas podem ser mais intensos, embora as ruas internas mantenham o perfil residencial.<\/span><\/p>\n","protected":false},"excerpt":{"rendered":"<p>&nbsp; Morar perto da praia, contar com boa infraestrutura e ter acesso facilitado a diferentes partes da [&#8230;]<\/p>\n","protected":false},"author":40,"featured_media":23671,"comment_status":"open","ping_status":"closed","sticky":false,"template":"","format":"standard","meta":{"footnotes":""},"categories":[845],"tags":[573,572,571],"class_list":["post-22633","post","type-post","status-publish","format-standard","has-post-thumbnail","hentry","category-onde-morar","tag-como-e-morar-em-jardim-armacao","tag-jardim-armacao","tag-salvador"],"yoast_head":"<!-- This site is optimized with the Yoast SEO plugin v23.4 - https:\/\/yoast.com\/wordpress\/plugins\/seo\/ -->\n<title>Jardim Arma\u00e7\u00e3o: perfil do bairro, seguran\u00e7a, estrutura e lazer<\/title>\n<meta name=\"robots\" content=\"index,follow\" \/>\n<meta property=\"og:locale\" content=\"pt_BR\" \/>\n<meta property=\"og:url\" content=\"https:\/\/www.tenda.com\/blog\/onde-morar\/jardim-armacao\" \/>\n<meta property=\"article:publisher\" content=\"https:\/\/www.facebook.com\/ConstrutoraTenda\/\" \/>\n<meta property=\"article:published_time\" content=\"2026-07-31T16:00:41+00:00\" \/>\n<meta property=\"article:modified_time\" content=\"2026-07-31T21:25:25+00:00\" \/>\n<meta property=\"og:image\" content=\"https:\/\/www.tenda.com\/blog\/wp-content\/uploads\/2024\/08\/Capa-desk-Descubra-como-e-morar-no-Jardim-Armacao-Salvador.jpg\" \/>\n\t<meta property=\"og:image:width\" content=\"726\" \/>\n\t<meta property=\"og:image:height\" content=\"400\" \/>\n\t<meta property=\"og:image:type\" content=\"image\/jpeg\" \/>\n<meta name=\"author\" content=\"Blog da Tenda\" \/>\n<meta name=\"twitter:label1\" content=\"Escrito por\" \/>\n\t<meta name=\"twitter:data1\" content=\"Blog da Tenda\" \/>\n\t<meta name=\"twitter:label2\" content=\"Est. tempo de leitura\" \/>\n\t<meta name=\"twitter:data2\" content=\"9 minutos\" \/>\n<!-- \/ Yoast SEO plugin. -->","yoast_head_json":{"title":"Jardim Arma\u00e7\u00e3o: perfil do bairro, seguran\u00e7a, estrutura e lazer","robots":{"index,follow":"index,follow"},"og_locale":"pt_BR","og_url":"https:\/\/www.tenda.com\/blog\/onde-morar\/jardim-armacao","article_publisher":"https:\/\/www.facebook.com\/ConstrutoraTenda\/","article_published_time":"2026-07-31T16:00:41+00:00","article_modified_time":"2026-07-31T21:25:25+00:00","og_image":[{"width":726,"height":400,"url":"https:\/\/www.tenda.com\/blog\/wp-content\/uploads\/2024\/08\/Capa-desk-Descubra-como-e-morar-no-Jardim-Armacao-Salvador.jpg","type":"image\/jpeg"}],"author":"Blog da Tenda","twitter_misc":{"Escrito por":"Blog da Tenda","Est. tempo de leitura":"9 minutos"},"schema":{"@context":"https:\/\/schema.org","@graph":[{"@type":"Article","@id":"https:\/\/www.tenda.com\/blog\/onde-morar\/jardim-armacao#article","isPartOf":{"@id":"https:\/\/www.tenda.com\/blog\/onde-morar\/jardim-armacao"},"author":{"name":"Blog da Tenda","@id":"https:\/\/www.tenda.com\/blog\/#\/schema\/person\/401cec400e9a62cb00a064018dfd8dec"},"headline":"Como \u00e9 morar em Jardim Arma\u00e7\u00e3o? Infraestrutura, lazer e mais!","datePublished":"2026-07-31T16:00:41+00:00","dateModified":"2026-07-31T21:25:25+00:00","mainEntityOfPage":{"@id":"https:\/\/www.tenda.com\/blog\/onde-morar\/jardim-armacao"},"wordCount":1725,"commentCount":0,"publisher":{"@id":"https:\/\/www.tenda.com\/blog\/#organization"},"image":{"@id":"https:\/\/www.tenda.com\/blog\/onde-morar\/jardim-armacao#primaryimage"},"thumbnailUrl":"https:\/\/www.tenda.com\/blog\/wp-content\/uploads\/2024\/08\/Capa-desk-Descubra-como-e-morar-no-Jardim-Armacao-Salvador.jpg","keywords":["Como \u00e9 morar em Jardim Arma\u00e7\u00e3o?","Jardim Arma\u00e7\u00e3o","Salvador"],"articleSection":["Onde Morar"],"inLanguage":"pt-BR","potentialAction":[{"@type":"CommentAction","name":"Comment","target":["https:\/\/www.tenda.com\/blog\/onde-morar\/jardim-armacao#respond"]}]},{"@type":"WebPage","@id":"https:\/\/www.tenda.com\/blog\/onde-morar\/jardim-armacao","url":"https:\/\/www.tenda.com\/blog\/onde-morar\/jardim-armacao","name":"Jardim Arma\u00e7\u00e3o: perfil do bairro, seguran\u00e7a, estrutura e lazer","isPartOf":{"@id":"https:\/\/www.tenda.com\/blog\/#website"},"primaryImageOfPage":{"@id":"https:\/\/www.tenda.com\/blog\/onde-morar\/jardim-armacao#primaryimage"},"image":{"@id":"https:\/\/www.tenda.com\/blog\/onde-morar\/jardim-armacao#primaryimage"},"thumbnailUrl":"https:\/\/www.tenda.com\/blog\/wp-content\/uploads\/2024\/08\/Capa-desk-Descubra-como-e-morar-no-Jardim-Armacao-Salvador.jpg","datePublished":"2026-07-31T16:00:41+00:00","dateModified":"2026-07-31T21:25:25+00:00","description":"Descubra como \u00e9 viver em Jardim Arma\u00e7\u00e3o, bairro litor\u00e2neo em Salvador. Conhe\u00e7a a infraestrutura, as op\u00e7\u00f5es de lazer, como \u00e9 a seguran\u00e7a e o custo de vida.","breadcrumb":{"@id":"https:\/\/www.tenda.com\/blog\/onde-morar\/jardim-armacao#breadcrumb"},"inLanguage":"pt-BR","potentialAction":[{"@type":"ReadAction","target":["https:\/\/www.tenda.com\/blog\/onde-morar\/jardim-armacao"]}]},{"@type":"ImageObject","inLanguage":"pt-BR","@id":"https:\/\/www.tenda.com\/blog\/onde-morar\/jardim-armacao#primaryimage","url":"https:\/\/www.tenda.com\/blog\/wp-content\/uploads\/2024\/08\/Capa-desk-Descubra-como-e-morar-no-Jardim-Armacao-Salvador.jpg","contentUrl":"https:\/\/www.tenda.com\/blog\/wp-content\/uploads\/2024\/08\/Capa-desk-Descubra-como-e-morar-no-Jardim-Armacao-Salvador.jpg","width":726,"height":400,"caption":"Descubra como \u00e9 morar no Jardim Arma\u00e7\u00e3o, Salvador | Diversas pessoas aproveitando a praia em Salvador | Trilha da Conquista | Blog da Tenda"},{"@type":"BreadcrumbList","@id":"https:\/\/www.tenda.com\/blog\/onde-morar\/jardim-armacao#breadcrumb","itemListElement":[{"@type":"ListItem","position":1,"name":"In\u00edcio","item":"https:\/\/www.tenda.com\/blog\/"},{"@type":"ListItem","position":2,"name":"Como \u00e9 morar em Jardim Arma\u00e7\u00e3o? Infraestrutura, lazer e mais!"}]},{"@type":"WebSite","@id":"https:\/\/www.tenda.com\/blog\/#website","url":"https:\/\/www.tenda.com\/blog\/","name":"Blog da Tenda","description":"Blog","publisher":{"@id":"https:\/\/www.tenda.com\/blog\/#organization"},"potentialAction":[{"@type":"SearchAction","target":{"@type":"EntryPoint","urlTemplate":"https:\/\/www.tenda.com\/blog\/?s={search_term_string}"},"query-input":{"@type":"PropertyValueSpecification","valueRequired":true,"valueName":"search_term_string"}}],"inLanguage":"pt-BR"},{"@type":"Organization","@id":"https:\/\/www.tenda.com\/blog\/#organization","name":"Construtora Tenda","url":"https:\/\/www.tenda.com\/blog\/","logo":{"@type":"ImageObject","inLanguage":"pt-BR","@id":"https:\/\/www.tenda.com\/blog\/#\/schema\/logo\/image\/","url":"https:\/\/www.tenda.com\/blog\/wp-content\/uploads\/2020\/09\/logo-tenda_RGB_vermelho.png","contentUrl":"https:\/\/www.tenda.com\/blog\/wp-content\/uploads\/2020\/09\/logo-tenda_RGB_vermelho.png","width":1579,"height":379,"caption":"Construtora Tenda"},"image":{"@id":"https:\/\/www.tenda.com\/blog\/#\/schema\/logo\/image\/"},"sameAs":["https:\/\/www.facebook.com\/ConstrutoraTenda\/","https:\/\/www.instagram.com\/construtoratenda","https:\/\/br.linkedin.com\/company\/construtora-tenda","https:\/\/www.youtube.com\/user\/TendaConstrutora","https:\/\/en.wikipedia.org\/wiki\/Construtora_Tenda"]},{"@type":"Person","@id":"https:\/\/www.tenda.com\/blog\/#\/schema\/person\/401cec400e9a62cb00a064018dfd8dec","name":"Blog da Tenda","image":{"@type":"ImageObject","inLanguage":"pt-BR","@id":"https:\/\/www.tenda.com\/blog\/#\/schema\/person\/image\/","url":"https:\/\/secure.gravatar.com\/avatar\/2258a587f7dea6e05a6ed2c1e52ee9d6?s=96&d=mm&r=g","contentUrl":"https:\/\/secure.gravatar.com\/avatar\/2258a587f7dea6e05a6ed2c1e52ee9d6?s=96&d=mm&r=g","caption":"Blog da Tenda"},"url":"https:\/\/www.tenda.com\/blog\/author\/ana-luisa"}]}},"_links":{"self":[{"href":"https:\/\/www.tenda.com\/blog\/wp-json\/wp\/v2\/posts\/22633"}],"collection":[{"href":"https:\/\/www.tenda.com\/blog\/wp-json\/wp\/v2\/posts"}],"about":[{"href":"https:\/\/www.tenda.com\/blog\/wp-json\/wp\/v2\/types\/post"}],"author":[{"embeddable":true,"href":"https:\/\/www.tenda.com\/blog\/wp-json\/wp\/v2\/users\/40"}],"replies":[{"embeddable":true,"href":"https:\/\/www.tenda.com\/blog\/wp-json\/wp\/v2\/comments?post=22633"}],"version-history":[{"count":27,"href":"https:\/\/www.tenda.com\/blog\/wp-json\/wp\/v2\/posts\/22633\/revisions"}],"predecessor-version":[{"id":33236,"href":"https:\/\/www.tenda.com\/blog\/wp-json\/wp\/v2\/posts\/22633\/revisions\/33236"}],"wp:featuredmedia":[{"embeddable":true,"href":"https:\/\/www.tenda.com\/blog\/wp-json\/wp\/v2\/media\/23671"}],"wp:attachment":[{"href":"https:\/\/www.tenda.com\/blog\/wp-json\/wp\/v2\/media?parent=22633"}],"wp:term":[{"taxonomy":"category","embeddable":true,"href":"https:\/\/www.tenda.com\/blog\/wp-json\/wp\/v2\/categories?post=22633"},{"taxonomy":"post_tag","embeddable":true,"href":"https:\/\/www.tenda.com\/blog\/wp-json\/wp\/v2\/tags?post=22633"}],"curies":[{"name":"wp","href":"https:\/\/api.w.org\/{rel}","templated":true}]}}