














{"id":2011,"date":"2017-02-23T16:59:22","date_gmt":"2017-02-23T16:59:22","guid":{"rendered":"https:\/\/www.tenda.com\/blog\/?p=2011"},"modified":"2019-07-15T11:24:09","modified_gmt":"2019-07-15T14:24:09","slug":"minha-casa-minha-vida-em-numeros","status":"publish","type":"post","link":"https:\/\/www.tenda.com\/blog\/minha-casa-minha-vida\/minha-casa-minha-vida-em-numeros","title":{"rendered":"Minha Casa, Minha Vida em n\u00fameros*"},"content":{"rendered":"\n<h3 class=\"wp-block-heading\">O Minha Casa, Minha Vida \u00e9 o principal programa habitacional do pa\u00eds. E, em quase 8 anos de exist\u00eancia, j\u00e1 ajudou a realizar o sonho de milh\u00f5es de brasileiros.<\/h3>\n\n\n\n<p>O programa Minha Casa, Minha Vida voc\u00ea j\u00e1 conhece: \u00e9 o principal programa habitacional do pa\u00eds. Veja agora alguns n\u00fameros que mostram a sua import\u00e2ncia no combate ao d\u00e9ficit habitacional do Brasil:<\/p>\n\n\n\n<p>&nbsp;&#8211; O programa foi oficialmente lan\u00e7ado no dia 25 de mar\u00e7o de 2009.<\/p>\n\n\n\n<p>&#8211; Mais de 10 milh\u00f5es de fam\u00edlias j\u00e1 foram beneficiadas.<br>\n&#8211; Desde o seu lan\u00e7amento, foram contratadas mais de 4,2 milh\u00f5es de unidades.<br>\n&#8211; \u00c9 estimada uma entrega de 1.000 casas por dia, pelo menos 17 a cada hora.<br>\n&#8211; Entre 2010 e 2014, houve uma queda do d\u00e9ficit habitacional de 2,8% ao ano.<br>\n&#8211; Norte e Nordeste foram as regi\u00f5es que lideraram essa queda.<\/p>\n\n\n\n<p>&#8211; Das 4,2 milh\u00f5es de unidades, 1,7 milh\u00e3o foram destinadas a fam\u00edlias com renda mensal inferior a R$ 1,6 mil.<br>\n&#8211; O programa traz benef\u00edcios que ultrapassam o social. Ele tamb\u00e9m movimenta a economia, uma vez que o setor da constru\u00e7\u00e3o civil emprega 13% da for\u00e7a de trabalho e representa 10% do PIB brasileiro.<\/p>\n\n\n\n<p>*Dados de mar\u00e7o de 2016.<\/p>\n\n\n\n<p>&#8220;<\/p>\n","protected":false},"excerpt":{"rendered":"<p>O Minha Casa, Minha Vida \u00e9 o principal programa habitacional do pa\u00eds. E, em quase 8 anos [&#8230;]<\/p>\n","protected":false},"author":1,"featured_media":2767,"comment_status":"closed","ping_status":"closed","sticky":false,"template":"","format":"standard","meta":{"footnotes":""},"categories":[6],"tags":[],"class_list":["post-2011","post","type-post","status-publish","format-standard","has-post-thumbnail","hentry","category-minha-casa-minha-vida"],"yoast_head":"<!-- This site is optimized with the Yoast SEO plugin v23.4 - https:\/\/yoast.com\/wordpress\/plugins\/seo\/ -->\n<title>Minha Casa, Minha Vida em n\u00fameros* - Blog da Tenda<\/title>\n<meta name=\"robots\" content=\"index,follow\" \/>\n<meta property=\"og:locale\" content=\"pt_BR\" \/>\n<meta property=\"og:url\" content=\"https:\/\/www.tenda.com\/blog\/minha-casa-minha-vida\/minha-casa-minha-vida-em-numeros\" \/>\n<meta property=\"article:publisher\" content=\"https:\/\/www.facebook.com\/ConstrutoraTenda\/\" \/>\n<meta property=\"article:published_time\" content=\"2017-02-23T16:59:22+00:00\" \/>\n<meta property=\"article:modified_time\" content=\"2019-07-15T14:24:09+00:00\" \/>\n<meta property=\"og:image\" content=\"https:\/\/www.tenda.com\/blog\/wp-content\/uploads\/2017\/02\/05-mcmv_1920x583.png\" \/>\n\t<meta property=\"og:image:width\" content=\"1920\" \/>\n\t<meta property=\"og:image:height\" content=\"583\" \/>\n\t<meta property=\"og:image:type\" content=\"image\/png\" \/>\n<meta name=\"author\" content=\"tenda\" \/>\n<meta name=\"twitter:label1\" content=\"Escrito por\" \/>\n\t<meta name=\"twitter:data1\" content=\"tenda\" \/>\n\t<meta name=\"twitter:label2\" content=\"Est. tempo de leitura\" \/>\n\t<meta name=\"twitter:data2\" content=\"1 minuto\" \/>\n<!-- \/ Yoast SEO plugin. -->","yoast_head_json":{"title":"Minha Casa, Minha Vida em n\u00fameros* - Blog da Tenda","robots":{"index,follow":"index,follow"},"og_locale":"pt_BR","og_url":"https:\/\/www.tenda.com\/blog\/minha-casa-minha-vida\/minha-casa-minha-vida-em-numeros","article_publisher":"https:\/\/www.facebook.com\/ConstrutoraTenda\/","article_published_time":"2017-02-23T16:59:22+00:00","article_modified_time":"2019-07-15T14:24:09+00:00","og_image":[{"width":1920,"height":583,"url":"https:\/\/www.tenda.com\/blog\/wp-content\/uploads\/2017\/02\/05-mcmv_1920x583.png","type":"image\/png"}],"author":"tenda","twitter_misc":{"Escrito por":"tenda","Est. tempo de leitura":"1 minuto"},"schema":{"@context":"https:\/\/schema.org","@graph":[{"@type":"Article","@id":"https:\/\/www.tenda.com\/blog\/minha-casa-minha-vida\/minha-casa-minha-vida-em-numeros#article","isPartOf":{"@id":"https:\/\/www.tenda.com\/blog\/minha-casa-minha-vida\/minha-casa-minha-vida-em-numeros"},"author":{"name":"tenda","@id":"https:\/\/www.tenda.com\/blog\/#\/schema\/person\/b13865a79c208ad9112a52373dfefa3a"},"headline":"Minha Casa, Minha Vida em n\u00fameros*","datePublished":"2017-02-23T16:59:22+00:00","dateModified":"2019-07-15T14:24:09+00:00","mainEntityOfPage":{"@id":"https:\/\/www.tenda.com\/blog\/minha-casa-minha-vida\/minha-casa-minha-vida-em-numeros"},"wordCount":210,"publisher":{"@id":"https:\/\/www.tenda.com\/blog\/#organization"},"image":{"@id":"https:\/\/www.tenda.com\/blog\/minha-casa-minha-vida\/minha-casa-minha-vida-em-numeros#primaryimage"},"thumbnailUrl":"https:\/\/www.tenda.com\/blog\/wp-content\/uploads\/2017\/02\/05-mcmv_1920x583.png","articleSection":["Minha Casa Minha Vida"],"inLanguage":"pt-BR"},{"@type":"WebPage","@id":"https:\/\/www.tenda.com\/blog\/minha-casa-minha-vida\/minha-casa-minha-vida-em-numeros","url":"https:\/\/www.tenda.com\/blog\/minha-casa-minha-vida\/minha-casa-minha-vida-em-numeros","name":"Minha Casa, Minha Vida em n\u00fameros* - Blog da Tenda","isPartOf":{"@id":"https:\/\/www.tenda.com\/blog\/#website"},"primaryImageOfPage":{"@id":"https:\/\/www.tenda.com\/blog\/minha-casa-minha-vida\/minha-casa-minha-vida-em-numeros#primaryimage"},"image":{"@id":"https:\/\/www.tenda.com\/blog\/minha-casa-minha-vida\/minha-casa-minha-vida-em-numeros#primaryimage"},"thumbnailUrl":"https:\/\/www.tenda.com\/blog\/wp-content\/uploads\/2017\/02\/05-mcmv_1920x583.png","datePublished":"2017-02-23T16:59:22+00:00","dateModified":"2019-07-15T14:24:09+00:00","breadcrumb":{"@id":"https:\/\/www.tenda.com\/blog\/minha-casa-minha-vida\/minha-casa-minha-vida-em-numeros#breadcrumb"},"inLanguage":"pt-BR","potentialAction":[{"@type":"ReadAction","target":["https:\/\/www.tenda.com\/blog\/minha-casa-minha-vida\/minha-casa-minha-vida-em-numeros"]}]},{"@type":"ImageObject","inLanguage":"pt-BR","@id":"https:\/\/www.tenda.com\/blog\/minha-casa-minha-vida\/minha-casa-minha-vida-em-numeros#primaryimage","url":"https:\/\/www.tenda.com\/blog\/wp-content\/uploads\/2017\/02\/05-mcmv_1920x583.png","contentUrl":"https:\/\/www.tenda.com\/blog\/wp-content\/uploads\/2017\/02\/05-mcmv_1920x583.png","width":1920,"height":583},{"@type":"BreadcrumbList","@id":"https:\/\/www.tenda.com\/blog\/minha-casa-minha-vida\/minha-casa-minha-vida-em-numeros#breadcrumb","itemListElement":[{"@type":"ListItem","position":1,"name":"In\u00edcio","item":"https:\/\/www.tenda.com\/blog\/"},{"@type":"ListItem","position":2,"name":"Minha Casa, Minha Vida em n\u00fameros*"}]},{"@type":"WebSite","@id":"https:\/\/www.tenda.com\/blog\/#website","url":"https:\/\/www.tenda.com\/blog\/","name":"Blog da Tenda","description":"Blog","publisher":{"@id":"https:\/\/www.tenda.com\/blog\/#organization"},"potentialAction":[{"@type":"SearchAction","target":{"@type":"EntryPoint","urlTemplate":"https:\/\/www.tenda.com\/blog\/?s={search_term_string}"},"query-input":{"@type":"PropertyValueSpecification","valueRequired":true,"valueName":"search_term_string"}}],"inLanguage":"pt-BR"},{"@type":"Organization","@id":"https:\/\/www.tenda.com\/blog\/#organization","name":"Construtora Tenda","url":"https:\/\/www.tenda.com\/blog\/","logo":{"@type":"ImageObject","inLanguage":"pt-BR","@id":"https:\/\/www.tenda.com\/blog\/#\/schema\/logo\/image\/","url":"https:\/\/www.tenda.com\/blog\/wp-content\/uploads\/2020\/09\/logo-tenda_RGB_vermelho.png","contentUrl":"https:\/\/www.tenda.com\/blog\/wp-content\/uploads\/2020\/09\/logo-tenda_RGB_vermelho.png","width":1579,"height":379,"caption":"Construtora Tenda"},"image":{"@id":"https:\/\/www.tenda.com\/blog\/#\/schema\/logo\/image\/"},"sameAs":["https:\/\/www.facebook.com\/ConstrutoraTenda\/","https:\/\/www.instagram.com\/construtoratenda","https:\/\/br.linkedin.com\/company\/construtora-tenda","https:\/\/www.youtube.com\/user\/TendaConstrutora","https:\/\/en.wikipedia.org\/wiki\/Construtora_Tenda"]},{"@type":"Person","@id":"https:\/\/www.tenda.com\/blog\/#\/schema\/person\/b13865a79c208ad9112a52373dfefa3a","name":"tenda","image":{"@type":"ImageObject","inLanguage":"pt-BR","@id":"https:\/\/www.tenda.com\/blog\/#\/schema\/person\/image\/","url":"https:\/\/secure.gravatar.com\/avatar\/dce636092571f6919bb158d38ba891c2?s=96&d=mm&r=g","contentUrl":"https:\/\/secure.gravatar.com\/avatar\/dce636092571f6919bb158d38ba891c2?s=96&d=mm&r=g","caption":"tenda"},"url":"https:\/\/www.tenda.com\/blog\/author\/svc_blogwptenda"}]}},"_links":{"self":[{"href":"https:\/\/www.tenda.com\/blog\/wp-json\/wp\/v2\/posts\/2011"}],"collection":[{"href":"https:\/\/www.tenda.com\/blog\/wp-json\/wp\/v2\/posts"}],"about":[{"href":"https:\/\/www.tenda.com\/blog\/wp-json\/wp\/v2\/types\/post"}],"author":[{"embeddable":true,"href":"https:\/\/www.tenda.com\/blog\/wp-json\/wp\/v2\/users\/1"}],"replies":[{"embeddable":true,"href":"https:\/\/www.tenda.com\/blog\/wp-json\/wp\/v2\/comments?post=2011"}],"version-history":[{"count":2,"href":"https:\/\/www.tenda.com\/blog\/wp-json\/wp\/v2\/posts\/2011\/revisions"}],"predecessor-version":[{"id":3028,"href":"https:\/\/www.tenda.com\/blog\/wp-json\/wp\/v2\/posts\/2011\/revisions\/3028"}],"wp:featuredmedia":[{"embeddable":true,"href":"https:\/\/www.tenda.com\/blog\/wp-json\/wp\/v2\/media\/2767"}],"wp:attachment":[{"href":"https:\/\/www.tenda.com\/blog\/wp-json\/wp\/v2\/media?parent=2011"}],"wp:term":[{"taxonomy":"category","embeddable":true,"href":"https:\/\/www.tenda.com\/blog\/wp-json\/wp\/v2\/categories?post=2011"},{"taxonomy":"post_tag","embeddable":true,"href":"https:\/\/www.tenda.com\/blog\/wp-json\/wp\/v2\/tags?post=2011"}],"curies":[{"name":"wp","href":"https:\/\/api.w.org\/{rel}","templated":true}]}}