














{"id":1353,"date":"2021-09-24T16:25:52","date_gmt":"2021-09-24T19:25:52","guid":{"rendered":"https:\/\/www.tenda.com\/eudouconta\/?p=1353"},"modified":"2024-10-10T14:55:15","modified_gmt":"2024-10-10T17:55:15","slug":"o-que-e-pessoa-fisica","status":"publish","type":"post","link":"https:\/\/www.tenda.com\/blog\/eu-dou-conta\/o-que-e-pessoa-fisica","title":{"rendered":"O que \u00e9 Pessoa F\u00edsica? Entenda como funciona essa classifica\u00e7\u00e3o"},"content":{"rendered":"<p>Basicamente, todo ser humano \u00e9 uma Pessoa F\u00edsica e todas as empresas s\u00e3o <a href=\"https:\/\/www.tenda.com\/blog\/eu-dou-conta\/o-que-e-pessoa-juridica\/\">Pessoas Jur\u00eddicas<\/a>. Mas voc\u00ea sabe, na pr\u00e1tica, como funciona essa classifica\u00e7\u00e3o? Confira nosso post para entender tudo sobre essa defini\u00e7\u00e3o!<\/p><div id=\"ez-toc-container\" class=\"ez-toc-v2_0_71 counter-hierarchy ez-toc-counter ez-toc-grey ez-toc-container-direction\">\n<div class=\"ez-toc-title-container\">\n<p class=\"ez-toc-title\" style=\"cursor:inherit\">O que voc\u00ea vai encontrar nesse post <\/p>\n<span class=\"ez-toc-title-toggle\"><a href=\"#\" class=\"ez-toc-pull-right ez-toc-btn ez-toc-btn-xs ez-toc-btn-default ez-toc-toggle\" aria-label=\"Toggle Table of Content\"><span class=\"ez-toc-js-icon-con\"><span class=\"\"><span class=\"eztoc-hide\" style=\"display:none;\">Toggle<\/span><span class=\"ez-toc-icon-toggle-span\"><svg style=\"fill: #999;color:#999\" xmlns=\"http:\/\/www.w3.org\/2000\/svg\" class=\"list-377408\" width=\"20px\" height=\"20px\" viewBox=\"0 0 24 24\" fill=\"none\"><path d=\"M6 6H4v2h2V6zm14 0H8v2h12V6zM4 11h2v2H4v-2zm16 0H8v2h12v-2zM4 16h2v2H4v-2zm16 0H8v2h12v-2z\" fill=\"currentColor\"><\/path><\/svg><svg style=\"fill: #999;color:#999\" class=\"arrow-unsorted-368013\" xmlns=\"http:\/\/www.w3.org\/2000\/svg\" width=\"10px\" height=\"10px\" viewBox=\"0 0 24 24\" version=\"1.2\" baseProfile=\"tiny\"><path d=\"M18.2 9.3l-6.2-6.3-6.2 6.3c-.2.2-.3.4-.3.7s.1.5.3.7c.2.2.4.3.7.3h11c.3 0 .5-.1.7-.3.2-.2.3-.5.3-.7s-.1-.5-.3-.7zM5.8 14.7l6.2 6.3 6.2-6.3c.2-.2.3-.5.3-.7s-.1-.5-.3-.7c-.2-.2-.4-.3-.7-.3h-11c-.3 0-.5.1-.7.3-.2.2-.3.5-.3.7s.1.5.3.7z\"\/><\/svg><\/span><\/span><\/span><\/a><\/span><\/div>\n<nav><ul class='ez-toc-list ez-toc-list-level-1 eztoc-toggle-hide-by-default' ><li class='ez-toc-page-1 ez-toc-heading-level-2'><a class=\"ez-toc-link ez-toc-heading-1\" href=\"https:\/\/www.tenda.com\/blog\/eu-dou-conta\/o-que-e-pessoa-fisica\/#O_que_e_Pessoa_Fisica\" title=\"O que \u00e9 Pessoa F\u00edsica?\">O que \u00e9 Pessoa F\u00edsica?<\/a><\/li><li class='ez-toc-page-1 ez-toc-heading-level-2'><a class=\"ez-toc-link ez-toc-heading-2\" href=\"https:\/\/www.tenda.com\/blog\/eu-dou-conta\/o-que-e-pessoa-fisica\/#Qual_e_a_diferenca_entre_Pessoa_Fisica_e_Pessoa_Juridica\" title=\"Qual \u00e9 a diferen\u00e7a entre Pessoa F\u00edsica e Pessoa Jur\u00eddica?\">Qual \u00e9 a diferen\u00e7a entre Pessoa F\u00edsica e Pessoa Jur\u00eddica?<\/a><\/li><li class='ez-toc-page-1 ez-toc-heading-level-2'><a class=\"ez-toc-link ez-toc-heading-3\" href=\"https:\/\/www.tenda.com\/blog\/eu-dou-conta\/o-que-e-pessoa-fisica\/#Pessoa_Fisica_paga_imposto\" title=\"Pessoa F\u00edsica paga imposto?\">Pessoa F\u00edsica paga imposto?<\/a><\/li><li class='ez-toc-page-1 ez-toc-heading-level-2'><a class=\"ez-toc-link ez-toc-heading-4\" href=\"https:\/\/www.tenda.com\/blog\/eu-dou-conta\/o-que-e-pessoa-fisica\/#Pessoa_Fisica_pode_emitir_nota_fiscal\" title=\"Pessoa F\u00edsica pode emitir nota fiscal?\">Pessoa F\u00edsica pode emitir nota fiscal?<\/a><\/li><li class='ez-toc-page-1 ez-toc-heading-level-2'><a class=\"ez-toc-link ez-toc-heading-5\" href=\"https:\/\/www.tenda.com\/blog\/eu-dou-conta\/o-que-e-pessoa-fisica\/#Em_que_categoria_se_enquadra_o_MEI\" title=\"Em que categoria se enquadra o MEI?\">Em que categoria se enquadra o MEI?<\/a><\/li><li class='ez-toc-page-1 ez-toc-heading-level-2'><a class=\"ez-toc-link ez-toc-heading-6\" href=\"https:\/\/www.tenda.com\/blog\/eu-dou-conta\/o-que-e-pessoa-fisica\/#Como_uma_Pessoa_Fisica_pode_se_tornar_Juridica\" title=\"Como uma Pessoa F\u00edsica pode se tornar Jur\u00eddica?\">Como uma Pessoa F\u00edsica pode se tornar Jur\u00eddica?<\/a><ul class='ez-toc-list-level-3' ><li class='ez-toc-heading-level-3'><a class=\"ez-toc-link ez-toc-heading-7\" href=\"https:\/\/www.tenda.com\/blog\/eu-dou-conta\/o-que-e-pessoa-fisica\/#Documentos_para_abrir_um_CNPJ\" title=\"Documentos para abrir um CNPJ\">Documentos para abrir um CNPJ<\/a><\/li><\/ul><\/li><\/ul><\/nav><\/div>\n\n<p>Esse conte\u00fado tamb\u00e9m est\u00e1 dispon\u00edvel na vers\u00e3o podcast. Aproveite a praticidade do \u00e1udio que preparamos para voc\u00ea. Para ouvir \u00e9 s\u00f3 clicar no play!<\/p>\n<p><iframe loading=\"lazy\" src=\"https:\/\/go.vooozer.com\/embed\/05100a5d\" width=\"80%\" height=\"83\" frameborder=\"0\"><span data-mce-type=\"bookmark\" style=\"display: inline-block; width: 0px; overflow: hidden; line-height: 0;\" class=\"mce_SELRES_start\">\ufeff<\/span><\/iframe><\/p>\n<h2><span class=\"ez-toc-section\" id=\"O_que_e_Pessoa_Fisica\"><\/span>O que \u00e9 Pessoa F\u00edsica?<span class=\"ez-toc-section-end\"><\/span><\/h2>\n<p><img loading=\"lazy\" decoding=\"async\" class=\"alignleft wp-image-1358 size-full\" src=\"https:\/\/www.tenda.com\/blog\/wp-content\/uploads\/2021\/09\/O-que-e-pessoa-fisica.jpg\" alt=\"O que \u00e9 pessoa f\u00edsica | Foto de uma pessoa segurando um cart\u00e3o de CPF | Como limpar seu nome | Eu Dou Conta\" width=\"800\" height=\"530\" srcset=\"https:\/\/www.tenda.com\/blog\/wp-content\/uploads\/2021\/09\/O-que-e-pessoa-fisica.jpg 800w, https:\/\/www.tenda.com\/blog\/wp-content\/uploads\/2021\/09\/O-que-e-pessoa-fisica-300x199.jpg 300w, https:\/\/www.tenda.com\/blog\/wp-content\/uploads\/2021\/09\/O-que-e-pessoa-fisica-768x509.jpg 768w, https:\/\/www.tenda.com\/blog\/wp-content\/uploads\/2021\/09\/O-que-e-pessoa-fisica-150x99.jpg 150w\" sizes=\"(max-width: 800px) 100vw, 800px\" \/><\/p>\n<p>Pessoa F\u00edsica (PF) \u00e9 o termo que classifica todo ser humano enquanto indiv\u00edduo, do seu nascimento at\u00e9 o seu falecimento. Para entender como isso \u00e9 importante, n\u00e3o \u00e9 necess\u00e1rio nem mesmo possuir um <a href=\"https:\/\/www.tenda.com\/blog\/eu-dou-conta\/como-consultar-cpf\/\">CPF<\/a> (Cadastro de Pessoas F\u00edsicas) para ser considerado uma PF.<\/p>\n<p>Em termos legais, o ser humano \u00e9 uma pessoa f\u00edsica desde que nasce, pois a partir da\u00ed j\u00e1 \u00e9 detentor de direitos e deveres. Por isso, voc\u00ea \u00e9 considerado uma Pessoa F\u00edsica assim que ganha a sua Certid\u00e3o de Nascimento.<\/p>\n<p>A partir da\u00ed, o pr\u00f3ximo passo \u00e9 adquirir o RG (Registro Geral), que \u00e9 entregue para pessoas de qualquer idade e a primeira via costuma ser gratuita. O documento seguinte \u00e9 justamente o CPF, emitido pela <a href=\"https:\/\/www.gov.br\/receitafederal\/pt-br\">Receita Federal<\/a>. Sem ele, n\u00e3o \u00e9 poss\u00edvel <a href=\"https:\/\/www.tenda.com\/blog\/eu-dou-conta\/tipos-de-conta-bancaria\/\">abrir conta em bancos<\/a>, prestar vestibular para universidades p\u00fablicas, solicitar cr\u00e9dito e realizar diversas outras a\u00e7\u00f5es no seu dia a dia.<\/p>\n<h2><span class=\"ez-toc-section\" id=\"Qual_e_a_diferenca_entre_Pessoa_Fisica_e_Pessoa_Juridica\"><\/span>Qual \u00e9 a diferen\u00e7a entre Pessoa F\u00edsica e Pessoa Jur\u00eddica?<span class=\"ez-toc-section-end\"><\/span><\/h2>\n<p>Sem d\u00favida, a principal diferen\u00e7a entre a Pessoa F\u00edsica e a Pessoa Jur\u00eddica (PJ) \u00e9 que, enquanto o termo pessoa f\u00edsica se refere a um indiv\u00edduo concreto, um ser humano, a pessoa jur\u00eddica representa algo abstrato, como as empresas, as associa\u00e7\u00f5es e as funda\u00e7\u00f5es, por exemplo. Desse modo, uma PJ \u00e9 criada com determinado prop\u00f3sito, seja ele produzir um bem, vender produtos ou prestar servi\u00e7o.<\/p>\n<p>Al\u00e9m disso, cada tipo possui direitos diferentes. Uma Pessoa F\u00edsica tem o direito de votar e de ser eleita para cargos p\u00fablicos. Por outro lado, uma Pessoa Jur\u00eddica tem garantias como nome e logotipo. Da mesma maneira, enquanto os principais registros para PF s\u00e3o a Certid\u00e3o de Nascimento e Cadastro de Pessoas F\u00edsicas (CPF), para PJ s\u00e3o o Cadastro Nacional de Pessoa Jur\u00eddica (CNPJ) e inscri\u00e7\u00e3o estadual e municipal.<\/p>\n<h2><span class=\"ez-toc-section\" id=\"Pessoa_Fisica_paga_imposto\"><\/span>Pessoa F\u00edsica paga imposto?<span class=\"ez-toc-section-end\"><\/span><\/h2>\n<p><img loading=\"lazy\" decoding=\"async\" class=\"alignleft wp-image-1359 size-full\" src=\"https:\/\/www.tenda.com\/blog\/wp-content\/uploads\/2021\/09\/Imposto.jpg\" alt=\"Imposto | Foto de uma pessoa fazendo contas na calculadora e pesquisando no computador | Como limpar seu nome | Eu Dou Conta\" width=\"800\" height=\"530\" srcset=\"https:\/\/www.tenda.com\/blog\/wp-content\/uploads\/2021\/09\/Imposto.jpg 800w, https:\/\/www.tenda.com\/blog\/wp-content\/uploads\/2021\/09\/Imposto-300x199.jpg 300w, https:\/\/www.tenda.com\/blog\/wp-content\/uploads\/2021\/09\/Imposto-768x509.jpg 768w, https:\/\/www.tenda.com\/blog\/wp-content\/uploads\/2021\/09\/Imposto-150x99.jpg 150w\" sizes=\"(max-width: 800px) 100vw, 800px\" \/><\/p>\n<p>Essa \u00e9 uma d\u00favida muito comum. Com toda a certeza, uma Pessoa F\u00edsica paga impostos. Pode acreditar, isso faz parte do seu cotidiano, mesmo que voc\u00ea muitas vezes n\u00e3o perceba.\u00a0Dentre eles, os mais conhecidos s\u00e3o:<\/p>\n<ul>\n<li><a href=\"https:\/\/www.tenda.com\/blog\/eu-dou-conta\/o-que-e-imposto-de-renda\/\">Imposto de Renda<\/a> da Pessoa F\u00edsica (IRPF);<\/li>\n<li>O Imposto sobre a Propriedade Territorial Urbana (<a href=\"https:\/\/www.tenda.com\/blog\/tenda-explica\/o-que-e-iptu\/\">IPTU<\/a>);<\/li>\n<li>Imposto sobre Transmiss\u00e3o de Bens Im\u00f3veis (<a href=\"https:\/\/www.tenda.com\/blog\/trilha-da-conquista\/o-que-e-itbi\/\">ITBI<\/a>);<\/li>\n<li>O Imposto sobre a Mortis e Doa\u00e7\u00e3o de Bens ou Direitos (ITCMD);<\/li>\n<li><a href=\"https:\/\/www.tenda.com\/blog\/eu-dou-conta\/qual-e-a-melhor-forma-de-transferencia\/\">Imposto sobre Opera\u00e7\u00f5es Financeiras<\/a> (IOF);<\/li>\n<li>Por \u00faltimo, o Imposto sobre Propriedades de Ve\u00edculos Automotores (IPVA).<\/li>\n<\/ul>\n<p>Vale destacar que essas cobran\u00e7as variam de acordo com a situa\u00e7\u00e3o pessoal de cada indiv\u00edduo. Quem n\u00e3o tiver im\u00f3vel pr\u00f3prio ou autom\u00f3vel est\u00e1 livre do IPTU e do <a href=\"https:\/\/www.tenda.com\/blog\/eu-dou-conta\/o-que-e-ipva\/\">IPVA<\/a>, por exemplo. Assim como quem n\u00e3o receber bens ou heran\u00e7as tamb\u00e9m n\u00e3o ter\u00e1 contato com o ITBI e o ITCMD.<\/p>\n<h2><span class=\"ez-toc-section\" id=\"Pessoa_Fisica_pode_emitir_nota_fiscal\"><\/span>Pessoa F\u00edsica pode emitir nota fiscal?<span class=\"ez-toc-section-end\"><\/span><\/h2>\n<p><img loading=\"lazy\" decoding=\"async\" class=\"alignleft wp-image-1360 size-full\" src=\"https:\/\/www.tenda.com\/blog\/wp-content\/uploads\/2021\/09\/Nota-fiscal.jpg\" alt=\"Nota fiscal | Foto de uma pessoa escaneando uma nota fiscal com o celular | Como limpar seu nome | Eu Dou Conta\" width=\"800\" height=\"530\" srcset=\"https:\/\/www.tenda.com\/blog\/wp-content\/uploads\/2021\/09\/Nota-fiscal.jpg 800w, https:\/\/www.tenda.com\/blog\/wp-content\/uploads\/2021\/09\/Nota-fiscal-300x199.jpg 300w, https:\/\/www.tenda.com\/blog\/wp-content\/uploads\/2021\/09\/Nota-fiscal-768x509.jpg 768w, https:\/\/www.tenda.com\/blog\/wp-content\/uploads\/2021\/09\/Nota-fiscal-150x99.jpg 150w\" sizes=\"(max-width: 800px) 100vw, 800px\" \/><\/p>\n<p>Em geral, a emiss\u00e3o de notas fiscais est\u00e1 mais associada \u00e0s Pessoas Jur\u00eddicas, uma vez que essas entidades representam a maioria dos sujeitos registrados para atividades comerciais.<\/p>\n<p>Por\u00e9m, existem alguns casos em que as Pessoas F\u00edsicas tamb\u00e9m podem emitir notas fiscais sem que, para isso, precisem abrir uma empresa ou neg\u00f3cio e obter um <a href=\"https:\/\/www.tenda.com\/blog\/eu-dou-conta\/como-consultar-o-cnpj\/\">CNPJ<\/a>. Esse \u00e9 o caso dos profissionais <a href=\"https:\/\/www.tenda.com\/blog\/eu-dou-conta\/tudo-sobre-trabalho-autonomo\/\">aut\u00f4nomos<\/a> prestadores de servi\u00e7os. Por exemplo, um jardineiro ou arquiteto sem v\u00ednculo empregat\u00edcio com seus clientes.<\/p>\n<p>Para que possa emitir uma nota fiscal, a Pessoa F\u00edsica precisa ter um cadastro no seu munic\u00edpio como prestadora de servi\u00e7os. As regras de registro e de atividades que podem se enquadrar nessa categoria podem variar dependendo do local de resid\u00eancia ou de presta\u00e7\u00e3o de servi\u00e7o.<\/p>\n<p>Por esse motivo, os aut\u00f4nomos precisam entrar em contato com o governo do seu munic\u00edpio para obter mais informa\u00e7\u00f5es sobre como emitir notas fiscais para receber o pagamento por servi\u00e7os prestados.<\/p>\n<h2><span class=\"ez-toc-section\" id=\"Em_que_categoria_se_enquadra_o_MEI\"><\/span>Em que categoria se enquadra o MEI?<span class=\"ez-toc-section-end\"><\/span><\/h2>\n<p>Outro assunto que gera muitas d\u00favidas entre as pessoas s\u00e3o os Microempreendedores Individuais (<a href=\"https:\/\/www.tenda.com\/blog\/eu-dou-conta\/o-que-e-mei\/\">MEI<\/a>). Em primeiro lugar, saiba que sim, eles tamb\u00e9m s\u00e3o classificados como Pessoas F\u00edsicas. Isso porque eles exercem a atividade empresarial no pr\u00f3prio nome. Al\u00e9m disso, n\u00e3o h\u00e1 distin\u00e7\u00e3o entre seu patrim\u00f4nio pessoal e o da empresa em quest\u00e3o.<\/p>\n<p>Portanto, quem for MEI deve contribuir com os impostos que n\u00f3s citamos anteriormente. Ainda mais, \u00e9 preciso estar em dia com a mensalidade fixa de manuten\u00e7\u00e3o da inscri\u00e7\u00e3o perante a <a href=\"https:\/\/www.gov.br\/receitafederal\/pt-br\">Receita Federal<\/a>.<\/p>\n<h2><span class=\"ez-toc-section\" id=\"Como_uma_Pessoa_Fisica_pode_se_tornar_Juridica\"><\/span>Como uma Pessoa F\u00edsica pode se tornar Jur\u00eddica?<span class=\"ez-toc-section-end\"><\/span><\/h2>\n<p><img loading=\"lazy\" decoding=\"async\" class=\"alignleft wp-image-1361 size-full\" src=\"https:\/\/www.tenda.com\/blog\/wp-content\/uploads\/2021\/09\/Criar-uma-empresa.jpg\" alt=\"Criar uma empresa | Foto de uma mulher sorridente em seu trabalho | Como limpar seu nome | Eu Dou Conta\" width=\"800\" height=\"530\" srcset=\"https:\/\/www.tenda.com\/blog\/wp-content\/uploads\/2021\/09\/Criar-uma-empresa.jpg 800w, https:\/\/www.tenda.com\/blog\/wp-content\/uploads\/2021\/09\/Criar-uma-empresa-300x199.jpg 300w, https:\/\/www.tenda.com\/blog\/wp-content\/uploads\/2021\/09\/Criar-uma-empresa-768x509.jpg 768w, https:\/\/www.tenda.com\/blog\/wp-content\/uploads\/2021\/09\/Criar-uma-empresa-150x99.jpg 150w\" sizes=\"(max-width: 800px) 100vw, 800px\" \/><\/p>\n<p>Tem o sonho de abrir uma empresa ou come\u00e7ar um neg\u00f3cio? A gente te ajuda! O primeiro passo para conseguir um CNPJ \u00e9 saber qual o porte da empresa. Em resumo, as possibilidades s\u00e3o:<\/p>\n<ul>\n<li>Microempreendedor Individual (MEI): para profissionais aut\u00f4nomos que se enquadrem em alguma das atividades autorizadas e faturem at\u00e9 R$81 mil por ano;<\/li>\n<li>Microempresa (ME): empresas com faturamento bruto anual de at\u00e9 R$360 mil;<\/li>\n<li>Uma Empresa de Pequeno Porte (EPP): neg\u00f3cios que faturam entre R$360 mil e R$4,8 milh\u00f5es por ano;<\/li>\n<li>Empresa de M\u00e9dio Porte: neg\u00f3cios que faturam entre R$4,8 milh\u00f5es e R$20 milh\u00f5es por ano;<\/li>\n<li>Empresa de Grande Porte: neg\u00f3cios que faturam acima de R$20 milh\u00f5es por ano.<\/li>\n<\/ul>\n<p>Depois de definir o porte da empresa, \u00e9 importante entender a natureza jur\u00eddica (Empres\u00e1rio Individual, Sociedade Limitada, Sociedade An\u00f4nima) e o regime tribut\u00e1rio (Simples Nacional, Lucro Presumido, Lucro Real) que melhor se enquadram no contexto.<\/p>\n<p>Nesta etapa, tamb\u00e9m \u00e9 essencial definir a \u00e1rea de atua\u00e7\u00e3o da empresa com base na <a href=\"https:\/\/concla.ibge.gov.br\/busca-online-cnae.html\">Classifica\u00e7\u00e3o Nacional de Atividades Econ\u00f4micas (CNAE)<\/a>. Assim, voc\u00ea declara quais s\u00e3o os tipos de atividades que o seu neg\u00f3cio vai exercer.<\/p>\n<p>Aqui, vale a pena buscar informa\u00e7\u00f5es em sites especializados, como o <a href=\"https:\/\/www.sebrae.com.br\/sites\/PortalSebrae\">Sebrae<\/a>. Se informe bem para tomar as melhores decis\u00f5es. O que a gente pode te adiantar s\u00e3o os documentos necess\u00e1rios para o in\u00edcio desse processo. Veja a seguir!<\/p>\n<h3><span class=\"ez-toc-section\" id=\"Documentos_para_abrir_um_CNPJ\"><\/span>Documentos para abrir um CNPJ<span class=\"ez-toc-section-end\"><\/span><\/h3>\n<p><iframe loading=\"lazy\" src=\"https:\/\/giphy.com\/embed\/13bUdxDy4jJUR2\" width=\"480\" height=\"270\" frameborder=\"0\"><\/iframe><\/p>\n<p>Conclui a etapa anterior? Ent\u00e3o, o pr\u00f3ximo passo para abrir um CNPJ \u00e9 elaborar o Contrato Social. Ele \u00e9 o equivalente \u00e0 Certid\u00e3o de Nascimento de uma empresa ou organiza\u00e7\u00e3o. Dessa forma, esse documento cont\u00e9m os dados essenciais do neg\u00f3cio, como quem s\u00e3o os s\u00f3cios, quais as configura\u00e7\u00f5es jur\u00eddica e tribut\u00e1ria, qual o capital social e qual o endere\u00e7o da sede.<\/p>\n<p>Al\u00e9m disso, ele diz quais s\u00e3o os deveres de cada fundador com a empresa e qual o ramo de atua\u00e7\u00e3o, entre diversas outras informa\u00e7\u00f5es.<\/p>\n<p>Com o Contrato Social pronto, \u00e9 preciso registr\u00e1-lo na Junta Comercial, \u00f3rg\u00e3o respons\u00e1vel pelo registro de atividades ligadas a sociedades empresariais. E n\u00e3o se esque\u00e7a, o documento precisa estar assinado pelos s\u00f3cios e por duas testemunhas. Al\u00e9m do Contrato Social, tamb\u00e9m ser\u00e1 necess\u00e1rio levar:<\/p>\n<ul>\n<li>Documento de identidade dos s\u00f3cios (original e c\u00f3pia) e CPF ou Carteira de Habilita\u00e7\u00e3o;<\/li>\n<li>Comprovante de resid\u00eancia;<\/li>\n<li>Carn\u00ea do IPTU do lugar onde a empresa funcionar\u00e1;<\/li>\n<li>Comprovante de pagamento das taxas DARE e DARF.<\/li>\n<\/ul>\n<p>Por fim, ap\u00f3s todas essas etapas, s\u00f3 \u00e9 preciso entrar com o pedido de abertura do CNPJ na <a href=\"https:\/\/www.gov.br\/receitafederal\/pt-br\">Receita Federal<\/a>. Isso pode ser feito tanto pela internet quanto presencialmente.<\/p>\n<p>Entendeu tudo sobre o assunto? Ent\u00e3o n\u00e3o deixe de conferir nossos outros posts. Tem muita coisa legal no nosso Blog! E se tiver alguma d\u00favida \u00e9 s\u00f3 deixar aqui nos coment\u00e1rios.<\/p>\n","protected":false},"excerpt":{"rendered":"<p>Basicamente, todo ser humano \u00e9 uma Pessoa F\u00edsica e todas as empresas s\u00e3o Pessoas Jur\u00eddicas. Mas voc\u00ea [&#8230;]<\/p>\n","protected":false},"author":40,"featured_media":1363,"comment_status":"open","ping_status":"open","sticky":false,"template":"","format":"standard","meta":{"footnotes":""},"categories":[39],"tags":[630,652,653,654],"class_list":["post-1353","post","type-post","status-publish","format-standard","has-post-thumbnail","hentry","category-eu-dou-conta","tag-cpf","tag-o-que-e-pessoa-fisica","tag-pessoa-fisica","tag-pessoa-juridica"],"yoast_head":"<!-- This site is optimized with the Yoast SEO plugin v23.4 - https:\/\/yoast.com\/wordpress\/plugins\/seo\/ -->\n<title>O que \u00e9 Pessoa F\u00edsica? Entenda agora essa classifica\u00e7\u00e3o<\/title>\n<meta name=\"robots\" content=\"index,follow\" \/>\n<meta property=\"og:locale\" content=\"pt_BR\" \/>\n<meta property=\"og:url\" content=\"https:\/\/www.tenda.com\/blog\/eu-dou-conta\/o-que-e-pessoa-fisica\" \/>\n<meta property=\"article:publisher\" content=\"https:\/\/www.facebook.com\/ConstrutoraTenda\/\" \/>\n<meta property=\"article:published_time\" content=\"2021-09-24T19:25:52+00:00\" \/>\n<meta property=\"article:modified_time\" content=\"2024-10-10T17:55:15+00:00\" \/>\n<meta property=\"og:image\" content=\"https:\/\/www.tenda.com\/blog\/wp-content\/uploads\/2021\/09\/Pessoa-fisica-desktop.jpg\" \/>\n\t<meta property=\"og:image:width\" content=\"1904\" \/>\n\t<meta property=\"og:image:height\" content=\"400\" \/>\n\t<meta property=\"og:image:type\" content=\"image\/jpeg\" \/>\n<meta name=\"author\" content=\"Blog da Tenda\" \/>\n<meta name=\"twitter:label1\" content=\"Escrito por\" \/>\n\t<meta name=\"twitter:data1\" content=\"Blog da Tenda\" \/>\n\t<meta name=\"twitter:label2\" content=\"Est. tempo de leitura\" \/>\n\t<meta name=\"twitter:data2\" content=\"8 minutos\" \/>\n<!-- \/ Yoast SEO plugin. -->","yoast_head_json":{"title":"O que \u00e9 Pessoa F\u00edsica? Entenda agora essa classifica\u00e7\u00e3o","robots":{"index,follow":"index,follow"},"og_locale":"pt_BR","og_url":"https:\/\/www.tenda.com\/blog\/eu-dou-conta\/o-que-e-pessoa-fisica","article_publisher":"https:\/\/www.facebook.com\/ConstrutoraTenda\/","article_published_time":"2021-09-24T19:25:52+00:00","article_modified_time":"2024-10-10T17:55:15+00:00","og_image":[{"width":1904,"height":400,"url":"https:\/\/www.tenda.com\/blog\/wp-content\/uploads\/2021\/09\/Pessoa-fisica-desktop.jpg","type":"image\/jpeg"}],"author":"Blog da Tenda","twitter_misc":{"Escrito por":"Blog da Tenda","Est. tempo de leitura":"8 minutos"},"schema":{"@context":"https:\/\/schema.org","@graph":[{"@type":"Article","@id":"https:\/\/www.tenda.com\/blog\/eu-dou-conta\/o-que-e-pessoa-fisica#article","isPartOf":{"@id":"https:\/\/www.tenda.com\/blog\/eu-dou-conta\/o-que-e-pessoa-fisica"},"author":{"name":"Blog da Tenda","@id":"https:\/\/www.tenda.com\/blog\/#\/schema\/person\/401cec400e9a62cb00a064018dfd8dec"},"headline":"O que \u00e9 Pessoa F\u00edsica? Entenda como funciona essa classifica\u00e7\u00e3o","datePublished":"2021-09-24T19:25:52+00:00","dateModified":"2024-10-10T17:55:15+00:00","mainEntityOfPage":{"@id":"https:\/\/www.tenda.com\/blog\/eu-dou-conta\/o-que-e-pessoa-fisica"},"wordCount":1351,"commentCount":0,"publisher":{"@id":"https:\/\/www.tenda.com\/blog\/#organization"},"image":{"@id":"https:\/\/www.tenda.com\/blog\/eu-dou-conta\/o-que-e-pessoa-fisica#primaryimage"},"thumbnailUrl":"https:\/\/www.tenda.com\/blog\/wp-content\/uploads\/2021\/09\/Pessoa-fisica-desktop.jpg","keywords":["CPF","O que \u00e9 Pessoa F\u00edsica?","Pessoa F\u00edsica","Pessoa Jur\u00eddica"],"articleSection":["Eu Dou Conta"],"inLanguage":"pt-BR","potentialAction":[{"@type":"CommentAction","name":"Comment","target":["https:\/\/www.tenda.com\/blog\/eu-dou-conta\/o-que-e-pessoa-fisica#respond"]}]},{"@type":"WebPage","@id":"https:\/\/www.tenda.com\/blog\/eu-dou-conta\/o-que-e-pessoa-fisica","url":"https:\/\/www.tenda.com\/blog\/eu-dou-conta\/o-que-e-pessoa-fisica","name":"O que \u00e9 Pessoa F\u00edsica? Entenda agora essa classifica\u00e7\u00e3o","isPartOf":{"@id":"https:\/\/www.tenda.com\/blog\/#website"},"primaryImageOfPage":{"@id":"https:\/\/www.tenda.com\/blog\/eu-dou-conta\/o-que-e-pessoa-fisica#primaryimage"},"image":{"@id":"https:\/\/www.tenda.com\/blog\/eu-dou-conta\/o-que-e-pessoa-fisica#primaryimage"},"thumbnailUrl":"https:\/\/www.tenda.com\/blog\/wp-content\/uploads\/2021\/09\/Pessoa-fisica-desktop.jpg","datePublished":"2021-09-24T19:25:52+00:00","dateModified":"2024-10-10T17:55:15+00:00","description":"Voc\u00ea sabe o que \u00e9 uma Pessoa F\u00edsica? Confira nosso post e entenda tudo sobre essa classifica\u00e7\u00e3o, seus direitos e tamb\u00e9m os deveres.","breadcrumb":{"@id":"https:\/\/www.tenda.com\/blog\/eu-dou-conta\/o-que-e-pessoa-fisica#breadcrumb"},"inLanguage":"pt-BR","potentialAction":[{"@type":"ReadAction","target":["https:\/\/www.tenda.com\/blog\/eu-dou-conta\/o-que-e-pessoa-fisica"]}]},{"@type":"ImageObject","inLanguage":"pt-BR","@id":"https:\/\/www.tenda.com\/blog\/eu-dou-conta\/o-que-e-pessoa-fisica#primaryimage","url":"https:\/\/www.tenda.com\/blog\/wp-content\/uploads\/2021\/09\/Pessoa-fisica-desktop.jpg","contentUrl":"https:\/\/www.tenda.com\/blog\/wp-content\/uploads\/2021\/09\/Pessoa-fisica-desktop.jpg","width":1904,"height":400,"caption":"Pessoa f\u00edsica | Foto de uma pessoa apontando para a c\u00e2mera | Como limpar seu nome | Eu Dou Conta"},{"@type":"BreadcrumbList","@id":"https:\/\/www.tenda.com\/blog\/eu-dou-conta\/o-que-e-pessoa-fisica#breadcrumb","itemListElement":[{"@type":"ListItem","position":1,"name":"In\u00edcio","item":"https:\/\/www.tenda.com\/blog\/"},{"@type":"ListItem","position":2,"name":"O que \u00e9 Pessoa F\u00edsica? Entenda como funciona essa classifica\u00e7\u00e3o"}]},{"@type":"WebSite","@id":"https:\/\/www.tenda.com\/blog\/#website","url":"https:\/\/www.tenda.com\/blog\/","name":"Blog da Tenda","description":"Blog","publisher":{"@id":"https:\/\/www.tenda.com\/blog\/#organization"},"potentialAction":[{"@type":"SearchAction","target":{"@type":"EntryPoint","urlTemplate":"https:\/\/www.tenda.com\/blog\/?s={search_term_string}"},"query-input":{"@type":"PropertyValueSpecification","valueRequired":true,"valueName":"search_term_string"}}],"inLanguage":"pt-BR"},{"@type":"Organization","@id":"https:\/\/www.tenda.com\/blog\/#organization","name":"Construtora Tenda","url":"https:\/\/www.tenda.com\/blog\/","logo":{"@type":"ImageObject","inLanguage":"pt-BR","@id":"https:\/\/www.tenda.com\/blog\/#\/schema\/logo\/image\/","url":"https:\/\/www.tenda.com\/blog\/wp-content\/uploads\/2020\/09\/logo-tenda_RGB_vermelho.png","contentUrl":"https:\/\/www.tenda.com\/blog\/wp-content\/uploads\/2020\/09\/logo-tenda_RGB_vermelho.png","width":1579,"height":379,"caption":"Construtora Tenda"},"image":{"@id":"https:\/\/www.tenda.com\/blog\/#\/schema\/logo\/image\/"},"sameAs":["https:\/\/www.facebook.com\/ConstrutoraTenda\/","https:\/\/www.instagram.com\/construtoratenda","https:\/\/br.linkedin.com\/company\/construtora-tenda","https:\/\/www.youtube.com\/user\/TendaConstrutora","https:\/\/en.wikipedia.org\/wiki\/Construtora_Tenda"]},{"@type":"Person","@id":"https:\/\/www.tenda.com\/blog\/#\/schema\/person\/401cec400e9a62cb00a064018dfd8dec","name":"Blog da Tenda","image":{"@type":"ImageObject","inLanguage":"pt-BR","@id":"https:\/\/www.tenda.com\/blog\/#\/schema\/person\/image\/","url":"https:\/\/secure.gravatar.com\/avatar\/2258a587f7dea6e05a6ed2c1e52ee9d6?s=96&d=mm&r=g","contentUrl":"https:\/\/secure.gravatar.com\/avatar\/2258a587f7dea6e05a6ed2c1e52ee9d6?s=96&d=mm&r=g","caption":"Blog da Tenda"},"url":"https:\/\/www.tenda.com\/blog\/author\/ana-luisa"}]}},"_links":{"self":[{"href":"https:\/\/www.tenda.com\/blog\/wp-json\/wp\/v2\/posts\/1353"}],"collection":[{"href":"https:\/\/www.tenda.com\/blog\/wp-json\/wp\/v2\/posts"}],"about":[{"href":"https:\/\/www.tenda.com\/blog\/wp-json\/wp\/v2\/types\/post"}],"author":[{"embeddable":true,"href":"https:\/\/www.tenda.com\/blog\/wp-json\/wp\/v2\/users\/40"}],"replies":[{"embeddable":true,"href":"https:\/\/www.tenda.com\/blog\/wp-json\/wp\/v2\/comments?post=1353"}],"version-history":[{"count":1,"href":"https:\/\/www.tenda.com\/blog\/wp-json\/wp\/v2\/posts\/1353\/revisions"}],"predecessor-version":[{"id":27977,"href":"https:\/\/www.tenda.com\/blog\/wp-json\/wp\/v2\/posts\/1353\/revisions\/27977"}],"wp:featuredmedia":[{"embeddable":true,"href":"https:\/\/www.tenda.com\/blog\/wp-json\/wp\/v2\/media\/1363"}],"wp:attachment":[{"href":"https:\/\/www.tenda.com\/blog\/wp-json\/wp\/v2\/media?parent=1353"}],"wp:term":[{"taxonomy":"category","embeddable":true,"href":"https:\/\/www.tenda.com\/blog\/wp-json\/wp\/v2\/categories?post=1353"},{"taxonomy":"post_tag","embeddable":true,"href":"https:\/\/www.tenda.com\/blog\/wp-json\/wp\/v2\/tags?post=1353"}],"curies":[{"name":"wp","href":"https:\/\/api.w.org\/{rel}","templated":true}]}}