














{"id":12568,"date":"2022-11-04T15:47:11","date_gmt":"2022-11-04T18:47:11","guid":{"rendered":"https:\/\/www.tenda.com\/blog\/?p=12568"},"modified":"2024-04-03T16:07:26","modified_gmt":"2024-04-03T19:07:26","slug":"copa-de-2022-voce-de-casa-nova-na-proxima-copa","status":"publish","type":"post","link":"https:\/\/www.tenda.com\/blog\/minha-casa-minha-vida\/copa-de-2022-voce-de-casa-nova-na-proxima-copa","title":{"rendered":"COPA DE 2022: VOC\u00ca DE CASA NOVA NA PR\u00d3XIMA COPA!"},"content":{"rendered":"<p>Estamos oficialmente em novembro: o m\u00eas da Copa de 2022! Neste clima de comemora\u00e7\u00e3o e expectativa pelo t\u00e3o sonhado hexa, queremos saber: voc\u00ea vai levantar o trof\u00e9u da casa pr\u00f3pria para a pr\u00f3xima Copa?<\/p><div id=\"ez-toc-container\" class=\"ez-toc-v2_0_71 counter-hierarchy ez-toc-counter ez-toc-grey ez-toc-container-direction\">\n<div class=\"ez-toc-title-container\">\n<p class=\"ez-toc-title\" style=\"cursor:inherit\">O que voc\u00ea vai encontrar nesse post <\/p>\n<span class=\"ez-toc-title-toggle\"><a href=\"#\" class=\"ez-toc-pull-right ez-toc-btn ez-toc-btn-xs ez-toc-btn-default ez-toc-toggle\" aria-label=\"Toggle Table of Content\"><span class=\"ez-toc-js-icon-con\"><span class=\"\"><span class=\"eztoc-hide\" style=\"display:none;\">Toggle<\/span><span class=\"ez-toc-icon-toggle-span\"><svg style=\"fill: #999;color:#999\" xmlns=\"http:\/\/www.w3.org\/2000\/svg\" class=\"list-377408\" width=\"20px\" height=\"20px\" viewBox=\"0 0 24 24\" fill=\"none\"><path d=\"M6 6H4v2h2V6zm14 0H8v2h12V6zM4 11h2v2H4v-2zm16 0H8v2h12v-2zM4 16h2v2H4v-2zm16 0H8v2h12v-2z\" fill=\"currentColor\"><\/path><\/svg><svg style=\"fill: #999;color:#999\" class=\"arrow-unsorted-368013\" xmlns=\"http:\/\/www.w3.org\/2000\/svg\" width=\"10px\" height=\"10px\" viewBox=\"0 0 24 24\" version=\"1.2\" baseProfile=\"tiny\"><path d=\"M18.2 9.3l-6.2-6.3-6.2 6.3c-.2.2-.3.4-.3.7s.1.5.3.7c.2.2.4.3.7.3h11c.3 0 .5-.1.7-.3.2-.2.3-.5.3-.7s-.1-.5-.3-.7zM5.8 14.7l6.2 6.3 6.2-6.3c.2-.2.3-.5.3-.7s-.1-.5-.3-.7c-.2-.2-.4-.3-.7-.3h-11c-.3 0-.5.1-.7.3-.2.2-.3.5-.3.7s.1.5.3.7z\"\/><\/svg><\/span><\/span><\/span><\/a><\/span><\/div>\n<nav><ul class='ez-toc-list ez-toc-list-level-1 eztoc-toggle-hide-by-default' ><li class='ez-toc-page-1 ez-toc-heading-level-2'><a class=\"ez-toc-link ez-toc-heading-1\" href=\"https:\/\/www.tenda.com\/blog\/minha-casa-minha-vida\/copa-de-2022-voce-de-casa-nova-na-proxima-copa\/#Onde_vai_ser_a_Copa_de_2022\" title=\"Onde vai ser a Copa de 2022?\">Onde vai ser a Copa de 2022?<\/a><ul class='ez-toc-list-level-3' ><li class='ez-toc-heading-level-3'><a class=\"ez-toc-link ez-toc-heading-2\" href=\"https:\/\/www.tenda.com\/blog\/minha-casa-minha-vida\/copa-de-2022-voce-de-casa-nova-na-proxima-copa\/#Quando_comeca_a_Copa_de_2022\" title=\"Quando come\u00e7a a Copa de 2022?\">Quando come\u00e7a a Copa de 2022?<\/a><ul class='ez-toc-list-level-4' ><li class='ez-toc-heading-level-4'><a class=\"ez-toc-link ez-toc-heading-3\" href=\"https:\/\/www.tenda.com\/blog\/minha-casa-minha-vida\/copa-de-2022-voce-de-casa-nova-na-proxima-copa\/#Por_que_a_Copa_de_2022_vai_ser_em_novembro\" title=\"Por que a Copa de 2022 vai ser em novembro?\">Por que a Copa de 2022 vai ser em novembro?<\/a><\/li><\/ul><\/li><\/ul><\/li><li class='ez-toc-page-1 ez-toc-heading-level-2'><a class=\"ez-toc-link ez-toc-heading-4\" href=\"https:\/\/www.tenda.com\/blog\/minha-casa-minha-vida\/copa-de-2022-voce-de-casa-nova-na-proxima-copa\/#Quando_foi_a_ultima_Copa\" title=\"Quando foi a \u00faltima Copa?\">Quando foi a \u00faltima Copa?<\/a><ul class='ez-toc-list-level-3' ><li class='ez-toc-heading-level-3'><a class=\"ez-toc-link ez-toc-heading-5\" href=\"https:\/\/www.tenda.com\/blog\/minha-casa-minha-vida\/copa-de-2022-voce-de-casa-nova-na-proxima-copa\/#Quem_ganhou_a_ultima_Copa\" title=\"Quem ganhou a \u00faltima Copa?\">Quem ganhou a \u00faltima Copa?<\/a><\/li><\/ul><\/li><li class='ez-toc-page-1 ez-toc-heading-level-2'><a class=\"ez-toc-link ez-toc-heading-6\" href=\"https:\/\/www.tenda.com\/blog\/minha-casa-minha-vida\/copa-de-2022-voce-de-casa-nova-na-proxima-copa\/#Quando_sera_a_proxima_Copa\" title=\"Quando ser\u00e1 a pr\u00f3xima Copa?\">Quando ser\u00e1 a pr\u00f3xima Copa?<\/a><\/li><li class='ez-toc-page-1 ez-toc-heading-level-2'><a class=\"ez-toc-link ez-toc-heading-7\" href=\"https:\/\/www.tenda.com\/blog\/minha-casa-minha-vida\/copa-de-2022-voce-de-casa-nova-na-proxima-copa\/#Faltam_quantos_dias_para_a_Copa\" title=\"Faltam quantos dias para a Copa?\">Faltam quantos dias para a Copa?<\/a><\/li><li class='ez-toc-page-1 ez-toc-heading-level-2'><a class=\"ez-toc-link ez-toc-heading-8\" href=\"https:\/\/www.tenda.com\/blog\/minha-casa-minha-vida\/copa-de-2022-voce-de-casa-nova-na-proxima-copa\/#Qual_vai_ser_o_primeiro_jogo_do_Brasil_na_Copa\" title=\"Qual vai ser o primeiro jogo do Brasil na Copa?\">Qual vai ser o primeiro jogo do Brasil na Copa?<\/a><ul class='ez-toc-list-level-3' ><li class='ez-toc-heading-level-3'><a class=\"ez-toc-link ez-toc-heading-9\" href=\"https:\/\/www.tenda.com\/blog\/minha-casa-minha-vida\/copa-de-2022-voce-de-casa-nova-na-proxima-copa\/#Quais_dias_o_Brasil_vai_jogar_na_Copa_de_2022\" title=\"Quais dias o Brasil vai jogar na Copa de 2022?\">Quais dias o Brasil vai jogar na Copa de 2022?<\/a><\/li><\/ul><\/li><li class='ez-toc-page-1 ez-toc-heading-level-2'><a class=\"ez-toc-link ez-toc-heading-10\" href=\"https:\/\/www.tenda.com\/blog\/minha-casa-minha-vida\/copa-de-2022-voce-de-casa-nova-na-proxima-copa\/#Voce_de_casa_nova_na_proxima_Copa\" title=\"Voc\u00ea de casa nova na pr\u00f3xima Copa\">Voc\u00ea de casa nova na pr\u00f3xima Copa<\/a><\/li><li class='ez-toc-page-1 ez-toc-heading-level-2'><a class=\"ez-toc-link ez-toc-heading-11\" href=\"https:\/\/www.tenda.com\/blog\/minha-casa-minha-vida\/copa-de-2022-voce-de-casa-nova-na-proxima-copa\/#O_que_e_o_Programa_Minha_Casa_Minha_Vida\" title=\"O que \u00e9 o Programa Minha Casa, Minha Vida?\">O que \u00e9 o Programa Minha Casa, Minha Vida?<\/a><ul class='ez-toc-list-level-3' ><li class='ez-toc-heading-level-3'><a class=\"ez-toc-link ez-toc-heading-12\" href=\"https:\/\/www.tenda.com\/blog\/minha-casa-minha-vida\/copa-de-2022-voce-de-casa-nova-na-proxima-copa\/#Como_funciona_o_Minha_Casa_Minha_Vida\" title=\"Como funciona o Minha Casa, Minha Vida?\">Como funciona o Minha Casa, Minha Vida?<\/a><ul class='ez-toc-list-level-4' ><li class='ez-toc-heading-level-4'><a class=\"ez-toc-link ez-toc-heading-13\" href=\"https:\/\/www.tenda.com\/blog\/minha-casa-minha-vida\/copa-de-2022-voce-de-casa-nova-na-proxima-copa\/#Grupo_1\" title=\"Grupo 1\">Grupo 1<\/a><\/li><li class='ez-toc-page-1 ez-toc-heading-level-4'><a class=\"ez-toc-link ez-toc-heading-14\" href=\"https:\/\/www.tenda.com\/blog\/minha-casa-minha-vida\/copa-de-2022-voce-de-casa-nova-na-proxima-copa\/#Grupo_2\" title=\"Grupo 2\">Grupo 2<\/a><\/li><li class='ez-toc-page-1 ez-toc-heading-level-4'><a class=\"ez-toc-link ez-toc-heading-15\" href=\"https:\/\/www.tenda.com\/blog\/minha-casa-minha-vida\/copa-de-2022-voce-de-casa-nova-na-proxima-copa\/#Grupo_3\" title=\"Grupo 3\">Grupo 3<\/a><\/li><li class='ez-toc-page-1 ez-toc-heading-level-4'><a class=\"ez-toc-link ez-toc-heading-16\" href=\"https:\/\/www.tenda.com\/blog\/minha-casa-minha-vida\/copa-de-2022-voce-de-casa-nova-na-proxima-copa\/#Quais_sao_as_regras_do_Minha_Casa_Minha_Vida\" title=\"Quais s\u00e3o as regras do Minha Casa, Minha Vida?\">Quais s\u00e3o as regras do Minha Casa, Minha Vida?<\/a><\/li><\/ul><\/li><\/ul><\/li><li class='ez-toc-page-1 ez-toc-heading-level-2'><a class=\"ez-toc-link ez-toc-heading-17\" href=\"https:\/\/www.tenda.com\/blog\/minha-casa-minha-vida\/copa-de-2022-voce-de-casa-nova-na-proxima-copa\/#Quais_sao_os_beneficios_do_Minha_Casa_Minha_Vida\" title=\"Quais s\u00e3o os benef\u00edcios do Minha Casa, Minha Vida?\">Quais s\u00e3o os benef\u00edcios do Minha Casa, Minha Vida?<\/a><ul class='ez-toc-list-level-3' ><li class='ez-toc-heading-level-3'><a class=\"ez-toc-link ez-toc-heading-18\" href=\"https:\/\/www.tenda.com\/blog\/minha-casa-minha-vida\/copa-de-2022-voce-de-casa-nova-na-proxima-copa\/#Subsidio_o_meio-campo\" title=\"Subs\u00eddio: o meio-campo\">Subs\u00eddio: o meio-campo<\/a><ul class='ez-toc-list-level-4' ><li class='ez-toc-heading-level-4'><a class=\"ez-toc-link ez-toc-heading-19\" href=\"https:\/\/www.tenda.com\/blog\/minha-casa-minha-vida\/copa-de-2022-voce-de-casa-nova-na-proxima-copa\/#Quem_tem_direito_ao_subsidio_Minha_Casa_Minha_Vida\" title=\"Quem tem direito ao subs\u00eddio Minha Casa, Minha Vida?\">Quem tem direito ao subs\u00eddio Minha Casa, Minha Vida?<\/a><ul class='ez-toc-list-level-5' ><li class='ez-toc-heading-level-5'><a class=\"ez-toc-link ez-toc-heading-20\" href=\"https:\/\/www.tenda.com\/blog\/minha-casa-minha-vida\/copa-de-2022-voce-de-casa-nova-na-proxima-copa\/#Grupo_1-2\" title=\"Grupo 1\">Grupo 1<\/a><\/li><li class='ez-toc-page-1 ez-toc-heading-level-5'><a class=\"ez-toc-link ez-toc-heading-21\" href=\"https:\/\/www.tenda.com\/blog\/minha-casa-minha-vida\/copa-de-2022-voce-de-casa-nova-na-proxima-copa\/#Grupo_2-2\" title=\"Grupo 2\">Grupo 2<\/a><\/li><\/ul><\/li><\/ul><\/li><li class='ez-toc-page-1 ez-toc-heading-level-3'><a class=\"ez-toc-link ez-toc-heading-22\" href=\"https:\/\/www.tenda.com\/blog\/minha-casa-minha-vida\/copa-de-2022-voce-de-casa-nova-na-proxima-copa\/#Composicao_de_renda_os_laterais\" title=\"Composi\u00e7\u00e3o de renda: os laterais\">Composi\u00e7\u00e3o de renda: os laterais<\/a><ul class='ez-toc-list-level-4' ><li class='ez-toc-heading-level-4'><a class=\"ez-toc-link ez-toc-heading-23\" href=\"https:\/\/www.tenda.com\/blog\/minha-casa-minha-vida\/copa-de-2022-voce-de-casa-nova-na-proxima-copa\/#Quem_pode_compor_renda_no_Minha_Casa_Minha_Vida\" title=\"Quem pode compor renda no Minha Casa, Minha Vida?\">Quem pode compor renda no Minha Casa, Minha Vida?<\/a><\/li><\/ul><\/li><li class='ez-toc-page-1 ez-toc-heading-level-3'><a class=\"ez-toc-link ez-toc-heading-24\" href=\"https:\/\/www.tenda.com\/blog\/minha-casa-minha-vida\/copa-de-2022-voce-de-casa-nova-na-proxima-copa\/#Baixas_taxas_de_juros_os_zagueiros\" title=\"Baixas taxas de juros: os zagueiros\">Baixas taxas de juros: os zagueiros<\/a><ul class='ez-toc-list-level-4' ><li class='ez-toc-heading-level-4'><a class=\"ez-toc-link ez-toc-heading-25\" href=\"https:\/\/www.tenda.com\/blog\/minha-casa-minha-vida\/copa-de-2022-voce-de-casa-nova-na-proxima-copa\/#Taxas_de_juros_do_Casa_Verde_e_Amarela\" title=\"Taxas de juros do Casa Verde e Amarela\">Taxas de juros do Casa Verde e Amarela<\/a><ul class='ez-toc-list-level-5' ><li class='ez-toc-heading-level-5'><a class=\"ez-toc-link ez-toc-heading-26\" href=\"https:\/\/www.tenda.com\/blog\/minha-casa-minha-vida\/copa-de-2022-voce-de-casa-nova-na-proxima-copa\/#Grupo_1-3\" title=\"Grupo 1\">Grupo 1<\/a><\/li><li class='ez-toc-page-1 ez-toc-heading-level-5'><a class=\"ez-toc-link ez-toc-heading-27\" href=\"https:\/\/www.tenda.com\/blog\/minha-casa-minha-vida\/copa-de-2022-voce-de-casa-nova-na-proxima-copa\/#Grupo_2-3\" title=\"Grupo 2\">Grupo 2<\/a><\/li><li class='ez-toc-page-1 ez-toc-heading-level-5'><a class=\"ez-toc-link ez-toc-heading-28\" href=\"https:\/\/www.tenda.com\/blog\/minha-casa-minha-vida\/copa-de-2022-voce-de-casa-nova-na-proxima-copa\/#Grupo_3-2\" title=\"Grupo 3\">Grupo 3<\/a><\/li><\/ul><\/li><\/ul><\/li><\/ul><\/li><li class='ez-toc-page-1 ez-toc-heading-level-2'><a class=\"ez-toc-link ez-toc-heading-29\" href=\"https:\/\/www.tenda.com\/blog\/minha-casa-minha-vida\/copa-de-2022-voce-de-casa-nova-na-proxima-copa\/#Saldo_do_FGTS_o_goleiro\" title=\"Saldo do FGTS: o goleiro\">Saldo do FGTS: o goleiro<\/a><ul class='ez-toc-list-level-4' ><li class='ez-toc-heading-level-4'><ul class='ez-toc-list-level-4' ><li class='ez-toc-heading-level-4'><a class=\"ez-toc-link ez-toc-heading-30\" href=\"https:\/\/www.tenda.com\/blog\/minha-casa-minha-vida\/copa-de-2022-voce-de-casa-nova-na-proxima-copa\/#Condicoes_para_o_comprador_usar_o_FGTS_na_compra_de_imovel\" title=\"Condi\u00e7\u00f5es para o comprador usar o FGTS na compra de im\u00f3vel:\">Condi\u00e7\u00f5es para o comprador usar o FGTS na compra de im\u00f3vel:<\/a><\/li><li class='ez-toc-page-1 ez-toc-heading-level-4'><a class=\"ez-toc-link ez-toc-heading-31\" href=\"https:\/\/www.tenda.com\/blog\/minha-casa-minha-vida\/copa-de-2022-voce-de-casa-nova-na-proxima-copa\/#Condicoes_para_o_imovel_ser_financiado_com_os_recursos_do_FGTS\" title=\"Condi\u00e7\u00f5es para o im\u00f3vel ser financiado com os recursos do FGTS:\">Condi\u00e7\u00f5es para o im\u00f3vel ser financiado com os recursos do FGTS:<\/a><\/li><li class='ez-toc-page-1 ez-toc-heading-level-4'><a class=\"ez-toc-link ez-toc-heading-32\" href=\"https:\/\/www.tenda.com\/blog\/minha-casa-minha-vida\/copa-de-2022-voce-de-casa-nova-na-proxima-copa\/#Quais_sao_os_documentos_necessarios_para_usar_o_valor_do_FGTS_no_Minha_Casa_Minha_Vida\" title=\"Quais s\u00e3o os documentos necess\u00e1rios para usar o valor do FGTS no Minha Casa, Minha Vida?\">Quais s\u00e3o os documentos necess\u00e1rios para usar o valor do FGTS no Minha Casa, Minha Vida?<\/a><\/li><\/ul><\/li><\/ul><\/li><li class='ez-toc-page-1 ez-toc-heading-level-2'><a class=\"ez-toc-link ez-toc-heading-33\" href=\"https:\/\/www.tenda.com\/blog\/minha-casa-minha-vida\/copa-de-2022-voce-de-casa-nova-na-proxima-copa\/#Como_participar_do_programa_Minha_Casa_Minha_Vida\" title=\"Como participar do programa Minha Casa, Minha Vida?\">Como participar do programa Minha Casa, Minha Vida?<\/a><\/li><li class='ez-toc-page-1 ez-toc-heading-level-2'><a class=\"ez-toc-link ez-toc-heading-34\" href=\"https:\/\/www.tenda.com\/blog\/minha-casa-minha-vida\/copa-de-2022-voce-de-casa-nova-na-proxima-copa\/#Quais_sao_os_documentos_para_participar_do_Minha_Casa_Minha_Vida\" title=\"Quais s\u00e3o os documentos para participar do Minha Casa, Minha Vida?\">Quais s\u00e3o os documentos para participar do Minha Casa, Minha Vida?<\/a><ul class='ez-toc-list-level-3' ><li class='ez-toc-heading-level-3'><a class=\"ez-toc-link ez-toc-heading-35\" href=\"https:\/\/www.tenda.com\/blog\/minha-casa-minha-vida\/copa-de-2022-voce-de-casa-nova-na-proxima-copa\/#Como_comprovar_renda_no_Minha_Casa_Minha_Vida\" title=\"Como comprovar renda no Minha Casa, Minha Vida?\">Como comprovar renda no Minha Casa, Minha Vida?<\/a><ul class='ez-toc-list-level-4' ><li class='ez-toc-heading-level-4'><a class=\"ez-toc-link ez-toc-heading-36\" href=\"https:\/\/www.tenda.com\/blog\/minha-casa-minha-vida\/copa-de-2022-voce-de-casa-nova-na-proxima-copa\/#Como_comprovar_renda_sendo_autonomo_no_Minha_Casa_Minha_Vida\" title=\"Como comprovar renda sendo aut\u00f4nomo no Minha Casa, Minha Vida?\">Como comprovar renda sendo aut\u00f4nomo no Minha Casa, Minha Vida?<\/a><\/li><li class='ez-toc-page-1 ez-toc-heading-level-4'><a class=\"ez-toc-link ez-toc-heading-37\" href=\"https:\/\/www.tenda.com\/blog\/minha-casa-minha-vida\/copa-de-2022-voce-de-casa-nova-na-proxima-copa\/#Como_comprovar_renda_sendo_CLT_no_MCMV\" title=\"Como comprovar renda sendo CLT no MCMV?\">Como comprovar renda sendo CLT no MCMV?<\/a><\/li><\/ul><\/li><\/ul><\/li><\/ul><\/nav><\/div>\n\n<p>Um dos maiores facilitadores da conquista do im\u00f3vel pr\u00f3prio \u00e9 o <a href=\"http:\/\/www.tenda.com\/minha-casa-minha-vida\">Minha Casa, Minha Vida<\/a> o substituto do <a href=\"http:\/\/www.tenda.com\/casa-verde-e-amarela\">Casa Verde e Amarela<\/a>. Voc\u00ea j\u00e1 pensou em contar com os benef\u00edcios do programa para marcar esse gola\u00e7o e assistir \u00e0 pr\u00f3xima Copa na casa que voc\u00ea vai poder chamar de sua?<\/p>\n<p>Se a resposta for sim, ent\u00e3o confira agora o conte\u00fado que preparamos para ajudar voc\u00ea nessa conquista. Boa leitura!<\/p>\n<h2><span class=\"ez-toc-section\" id=\"Onde_vai_ser_a_Copa_de_2022\"><\/span>Onde vai ser a Copa de 2022?<span class=\"ez-toc-section-end\"><\/span><\/h2>\n<p><img loading=\"lazy\" decoding=\"async\" class=\"alignleft wp-image-12557 size-full\" src=\"https:\/\/www.tenda.com\/blog\/wp-content\/uploads\/2022\/11\/Doha.jpg\" alt=\"Onde vai ser a Copa de 2022 | Foto da capital Doha, no Catar | Minha Casa Minha Vida | Blog da Tenda\" width=\"800\" height=\"530\" srcset=\"https:\/\/www.tenda.com\/blog\/wp-content\/uploads\/2022\/11\/Doha.jpg 800w, https:\/\/www.tenda.com\/blog\/wp-content\/uploads\/2022\/11\/Doha-300x199.jpg 300w, https:\/\/www.tenda.com\/blog\/wp-content\/uploads\/2022\/11\/Doha-768x509.jpg 768w, https:\/\/www.tenda.com\/blog\/wp-content\/uploads\/2022\/11\/Doha-150x99.jpg 150w\" sizes=\"(max-width: 800px) 100vw, 800px\" \/><\/p>\n<p>A Copa de 2022 j\u00e1 est\u00e1 chegando, mas voc\u00ea n\u00e3o sabe qual vai ser o pa\u00eds-sede desta edi\u00e7\u00e3o? Relaxe que a gente conta!<\/p>\n<p>Em novembro de 2022, come\u00e7a a 22\u00aa edi\u00e7\u00e3o da Copa, o maior evento global de futebol. Neste ano, o torneio vai ser sediado no Qatar, o primeiro pa\u00eds \u00e1rabe e o segundo na \u00c1sia a realizar uma Copa.<\/p>\n<p>O Qatar fica na \u00c1sia Continental, regi\u00e3o da Pen\u00ednsula Ar\u00e1bica e tamb\u00e9m do Oriente M\u00e9dio. Tem como capital a cidade de Doha, que \u00e9 conhecida pelos incr\u00edveis arranha-c\u00e9us e por fazer parte de um dos pa\u00edses mais ricos do mundo.<\/p>\n<h3><span class=\"ez-toc-section\" id=\"Quando_comeca_a_Copa_de_2022\"><\/span>Quando come\u00e7a a Copa de 2022?<span class=\"ez-toc-section-end\"><\/span><\/h3>\n<p>A Copa de 2022 come\u00e7a oficialmente no dia 20 de novembro. O primeiro jogo que ser\u00e1 entre Qatar e Equador no Est\u00e1dio Al Bayt, em Al Khor, Qatar, tem in\u00edcio marcado para 13h (hor\u00e1rio de Bras\u00edlia).<\/p>\n<p>Dessa forma, a abertura do evento vai acontecer uma hora antes do in\u00edcio da partida, ao 12h (hor\u00e1rio de Bras\u00edlia). A princ\u00edpio, o jogo de abertura seria entre Senegal x Holanda, um dia depois da abertura da Copa de 2022, em 21 de novembro. No entanto, o Qatar negociou para que a sele\u00e7\u00e3o do pa\u00eds anfitri\u00e3o fosse a primeira a jogar.<\/p>\n<h4><span class=\"ez-toc-section\" id=\"Por_que_a_Copa_de_2022_vai_ser_em_novembro\"><\/span>Por que a Copa de 2022 vai ser em novembro?<span class=\"ez-toc-section-end\"><\/span><\/h4>\n<p>A Copa de 2022 \u00e9 marcada por uma s\u00e9rie de novidades. Como vimos, esse ano o evento vai acontecer entre os meses de novembro e dezembro. Mas afinal, qual o motivo dessa mudan\u00e7a?<\/p>\n<p>Normalmente, a Copa acontece entre os meses de junho e julho. Por\u00e9m, diferente do Brasil, o ver\u00e3o no Hemisf\u00e9rio Norte (onde o Qatar est\u00e1 localizado) acontece justamente na \u00e9poca da Copa, e o pa\u00eds pode chegar a registrar em m\u00e9dia 41\u00baC.<\/p>\n<p>Al\u00e9m das altas temperaturas, no ver\u00e3o do Qatar s\u00e3o comuns tempestades de areia e baixos \u00edndices de umidade relativa do ar. Portanto, a Copa de 2022 vai acontecer em uma \u00e9poca com clima mais agrad\u00e1vel e fresco.<\/p>\n<h2><span class=\"ez-toc-section\" id=\"Quando_foi_a_ultima_Copa\"><\/span>Quando foi a \u00faltima Copa?<span class=\"ez-toc-section-end\"><\/span><\/h2>\n<p><img loading=\"lazy\" decoding=\"async\" class=\"alignleft wp-image-12558 size-full\" src=\"https:\/\/www.tenda.com\/blog\/wp-content\/uploads\/2022\/11\/Quando-foi-a-ultima-Copa.png\" alt=\"Quando foi a \u00faltima Copa | Foto de torcedores comemorando em um est\u00e1dio | Minha Casa Minha Vida | Blog da Tenda\" width=\"800\" height=\"530\" srcset=\"https:\/\/www.tenda.com\/blog\/wp-content\/uploads\/2022\/11\/Quando-foi-a-ultima-Copa.png 800w, https:\/\/www.tenda.com\/blog\/wp-content\/uploads\/2022\/11\/Quando-foi-a-ultima-Copa-300x199.png 300w, https:\/\/www.tenda.com\/blog\/wp-content\/uploads\/2022\/11\/Quando-foi-a-ultima-Copa-768x509.png 768w, https:\/\/www.tenda.com\/blog\/wp-content\/uploads\/2022\/11\/Quando-foi-a-ultima-Copa-150x99.png 150w\" sizes=\"(max-width: 800px) 100vw, 800px\" \/><\/p>\n<p>J\u00e1 a \u00faltima edi\u00e7\u00e3o da Copa foi realizada na R\u00fassia, entre os dias 14 de junho e 15 de julho de 2018. O torneio contou com a participa\u00e7\u00e3o de 32 pa\u00edses, com jogos em 11 cidades e 12 est\u00e1dios da R\u00fassia.<\/p>\n<p>Foi a primeira vez que a R\u00fassia sediou uma Copa. A escolha se deu pelo aumento de interesse dos russos por futebol e por investimentos financeiros do esporte no pa\u00eds.<\/p>\n<h3><span class=\"ez-toc-section\" id=\"Quem_ganhou_a_ultima_Copa\"><\/span>Quem ganhou a \u00faltima Copa?<span class=\"ez-toc-section-end\"><\/span><\/h3>\n<p>Voc\u00ea se lembra quem ganhou a Copa em 2018? Foi a sele\u00e7\u00e3o da Fran\u00e7a, que venceu a Cro\u00e1cia na final pelo placar de 4 a 2. Com isso, a Fran\u00e7a se tornou bicampe\u00e3 do mundo, j\u00e1 que at\u00e9 ent\u00e3o s\u00f3 havia vencido o torneio no ano de 1998.<\/p>\n<p>A grande final aconteceu no est\u00e1dio Lujniki, na capital Moscou. Por outro lado, o terceiro lugar na competi\u00e7\u00e3o ficou com a sele\u00e7\u00e3o da B\u00e9lgica, ao vencer a Inglaterra por 2 a 0.<\/p>\n<h2><span class=\"ez-toc-section\" id=\"Quando_sera_a_proxima_Copa\"><\/span>Quando ser\u00e1 a pr\u00f3xima Copa?<span class=\"ez-toc-section-end\"><\/span><\/h2>\n<p>J\u00e1 est\u00e1 pensando quando vai ser a pr\u00f3xima Copa? O torneio de 2026 est\u00e1 repleto de novidades, e j\u00e1 \u00e9 considerada a maior edi\u00e7\u00e3o de todos os tempos.<\/p>\n<p>Isso porque, ser\u00e1 a primeira Copa a ter tr\u00eas sedes: Canad\u00e1, M\u00e9xico e Estados Unidos da Am\u00e9rica. Com exce\u00e7\u00e3o da Copa de 2002, que foi realizada na Cor\u00e9ia do Sul e no Jap\u00e3o simultaneamente, todos os outros eventos foram disputados em uma \u00fanica sede.<\/p>\n<p>Al\u00e9m disso, ser\u00e1 a primeira Copa a ter 48 sele\u00e7\u00f5es, em vez de 32 como acontece atualmente, com 80 partidas. Ao todo, 16 cidades v\u00e3o receber os jogos no pr\u00f3ximo torneio: duas no Canad\u00e1, tr\u00eas no M\u00e9xico e onze nos Estados Unidos.<\/p>\n<h2><span class=\"ez-toc-section\" id=\"Faltam_quantos_dias_para_a_Copa\"><\/span>Faltam quantos dias para a Copa?<span class=\"ez-toc-section-end\"><\/span><\/h2>\n<p><img loading=\"lazy\" decoding=\"async\" class=\"alignleft wp-image-12559 size-full\" src=\"https:\/\/www.tenda.com\/blog\/wp-content\/uploads\/2022\/11\/Faltam-quantos-dias-para-a-Copa.jpg\" alt=\"Faltam quantos dias para a Copa de 2022 | Foto de um calend\u00e1rio | Minha Casa Minha Vida | Blog da Tenda\" width=\"800\" height=\"530\" srcset=\"https:\/\/www.tenda.com\/blog\/wp-content\/uploads\/2022\/11\/Faltam-quantos-dias-para-a-Copa.jpg 800w, https:\/\/www.tenda.com\/blog\/wp-content\/uploads\/2022\/11\/Faltam-quantos-dias-para-a-Copa-300x199.jpg 300w, https:\/\/www.tenda.com\/blog\/wp-content\/uploads\/2022\/11\/Faltam-quantos-dias-para-a-Copa-768x509.jpg 768w, https:\/\/www.tenda.com\/blog\/wp-content\/uploads\/2022\/11\/Faltam-quantos-dias-para-a-Copa-150x99.jpg 150w\" sizes=\"(max-width: 800px) 100vw, 800px\" \/><\/p>\n<p>Se voc\u00ea est\u00e1 contando os dias para o in\u00edcio da Copa, saiba que a partir de hoje, dia 04 de novembro de 2022, faltam 16 dias para a Copa de 2022, que acontece entre 20 de novembro e 18 de dezembro.<\/p>\n<p>Trinta e duas sele\u00e7\u00f5es entram em campo em busca da ta\u00e7a de ouro. Essas equipes foram divididas em oito grupos de quatro times, onde batalham por tr\u00eas rodadas na primeira fase da competi\u00e7\u00e3o. Em seguida vem as oitavas de final, quartas, semifinal e a grande decis\u00e3o.<\/p>\n<h2><span class=\"ez-toc-section\" id=\"Qual_vai_ser_o_primeiro_jogo_do_Brasil_na_Copa\"><\/span>Qual vai ser o primeiro jogo do Brasil na Copa?<span class=\"ez-toc-section-end\"><\/span><\/h2>\n<p><img loading=\"lazy\" decoding=\"async\" class=\"alignleft wp-image-12560 size-full\" src=\"https:\/\/www.tenda.com\/blog\/wp-content\/uploads\/2022\/11\/Qual-vai-ser-o-primeiro-jogo-do-Brasil-na-Copa.jpg\" alt=\"Qual vai ser o primeiro jogo do Brasil na Copa de 2022 | Foto de duas amigas torcendo pelo Brasil | Minha Casa Minha Vida | Blog da Tenda\" width=\"800\" height=\"530\" srcset=\"https:\/\/www.tenda.com\/blog\/wp-content\/uploads\/2022\/11\/Qual-vai-ser-o-primeiro-jogo-do-Brasil-na-Copa.jpg 800w, https:\/\/www.tenda.com\/blog\/wp-content\/uploads\/2022\/11\/Qual-vai-ser-o-primeiro-jogo-do-Brasil-na-Copa-300x199.jpg 300w, https:\/\/www.tenda.com\/blog\/wp-content\/uploads\/2022\/11\/Qual-vai-ser-o-primeiro-jogo-do-Brasil-na-Copa-768x509.jpg 768w, https:\/\/www.tenda.com\/blog\/wp-content\/uploads\/2022\/11\/Qual-vai-ser-o-primeiro-jogo-do-Brasil-na-Copa-150x99.jpg 150w\" sizes=\"(max-width: 800px) 100vw, 800px\" \/><\/p>\n<p>A sele\u00e7\u00e3o do canarinho inicia sua participa\u00e7\u00e3o na Copa de 2022 alguns dias depois da estreia do evento. As tr\u00eas primeiras partidas da sele\u00e7\u00e3o acontecem em hor\u00e1rios que variam entre 12h e 16h (hor\u00e1rio de Bras\u00edlia). Portanto, n\u00e3o \u00e9 preciso se preocupar com o fuso hor\u00e1rio.<\/p>\n<p>O Brasil est\u00e1 no Grupo G ao lado de S\u00e9rvia, Su\u00ed\u00e7a e Camar\u00f5es, e o primeiro jogo est\u00e1 marcado para o dia 24 de novembro. A partida inicial ser\u00e1 entre Brasil x S\u00e9rvia e vai come\u00e7ar \u00e0s 16h, no est\u00e1dio Lusail.<\/p>\n<h3><span class=\"ez-toc-section\" id=\"Quais_dias_o_Brasil_vai_jogar_na_Copa_de_2022\"><\/span>Quais dias o Brasil vai jogar na Copa de 2022?<span class=\"ez-toc-section-end\"><\/span><\/h3>\n<p>Confira os dias e hor\u00e1rios das tr\u00eas primeiras rodadas do Brasil na Copa de 2022:<\/p>\n<ul>\n<li><strong>Brasil x S\u00e9rvia<\/strong>: quinta-feira, 24 de novembro, \u00e0s 16h (hor\u00e1rio de Bras\u00edlia), no est\u00e1dio Lusail;<\/li>\n<li><strong>Brasil x Su\u00ed\u00e7a<\/strong>: segunda-feira, 28 de novembro, \u00e0s 13h (hor\u00e1rio de Bras\u00edlia), no est\u00e1dio 974;<\/li>\n<li><strong>Brasil x Camar\u00f5es<\/strong>: sexta-feira, 02 de dezembro, \u00e0s 16h (hor\u00e1rio de Bras\u00edlia), no est\u00e1dio Lusail.<\/li>\n<\/ul>\n<h2><span class=\"ez-toc-section\" id=\"Voce_de_casa_nova_na_proxima_Copa\"><\/span>Voc\u00ea de casa nova na pr\u00f3xima Copa<span class=\"ez-toc-section-end\"><\/span><\/h2>\n<p>Muitos brasileiros sonham em sair do aluguel e conquistar a casa pr\u00f3pria. Para isso, o <a href=\"https:\/\/www.gov.br\/pt-br\">governo federal<\/a> criou o Minha Casa Minha Vida (MCMV), que gerou mais de 5 milh\u00f5es de moradias para fam\u00edlias de baixa renda no pa\u00eds.<\/p>\n<p>O programa Minha Casa, Minha Vida foi substitu\u00eddo pelo Casa Verde e Amarela em 2020, entretanto, entrou em vigor novamente em meados de 2023. E, para melhorar ainda mais os seus benef\u00edcios, o Minha Casa, Minha Vida passou por diversas mudan\u00e7as positivas em seus benef\u00edcios. Afinal, acima de tudo, o projeto \u00e9 uma grande oportunidade de comprar um im\u00f3vel com mais facilidade, pois conta com vantagens exclusivas.<\/p>\n<p>Voc\u00ea quer entender como o Minha Casa, Minha Vida pode te ajudar a marcar esse gola\u00e7o? Confira!<\/p>\n<h2><span class=\"ez-toc-section\" id=\"O_que_e_o_Programa_Minha_Casa_Minha_Vida\"><\/span>O que \u00e9 o Programa Minha Casa, Minha Vida?<span class=\"ez-toc-section-end\"><\/span><\/h2>\n<p><img loading=\"lazy\" decoding=\"async\" class=\"alignleft wp-image-12562 size-full\" src=\"https:\/\/www.tenda.com\/blog\/wp-content\/uploads\/2022\/11\/Programa-Casa-Verde-e-Amarela.jpg\" alt=\"O que \u00e9 o Programa Casa Verde e Amarela | Foto de duas pessoas segurando as chaves da casa pr\u00f3pria | Minha Casa Minha Vida | Blog da Tenda\" width=\"800\" height=\"530\" srcset=\"https:\/\/www.tenda.com\/blog\/wp-content\/uploads\/2022\/11\/Programa-Casa-Verde-e-Amarela.jpg 800w, https:\/\/www.tenda.com\/blog\/wp-content\/uploads\/2022\/11\/Programa-Casa-Verde-e-Amarela-300x199.jpg 300w, https:\/\/www.tenda.com\/blog\/wp-content\/uploads\/2022\/11\/Programa-Casa-Verde-e-Amarela-768x509.jpg 768w, https:\/\/www.tenda.com\/blog\/wp-content\/uploads\/2022\/11\/Programa-Casa-Verde-e-Amarela-150x99.jpg 150w\" sizes=\"(max-width: 800px) 100vw, 800px\" \/><\/p>\n<p>Criado em 2009, o Minha Casa, Minha Vida \u00e9 um <a href=\"https:\/\/www.tenda.com\/blog\/minha-casa-minha-vida\/o-que-e-programa-habitacional\/\">programa habitacional<\/a> do governo federal e tem como objetivo facilitar a aquisi\u00e7\u00e3o do im\u00f3vel pr\u00f3prio para fam\u00edlias brasileiras. Em 2020, ele foi substitu\u00eddo pelo Casa Verde e Amarela, que tinha o mesmo objetivo de proporcionar moradia digna para os brasileiros, por\u00e9m, ele foi desativado em 2023, dando lugar para o MCMV retornar a ativa.<\/p>\n<p>Sendo assim, o Minha Casa Minha Vida passou por diversas mudan\u00e7as, focando em incentivar ainda mais o acesso de pessoas com baixa renda para a casa pr\u00f3pria por meio de benef\u00edcios como o subs\u00eddio habitacional, baixas <a href=\"https:\/\/www.tenda.com\/blog\/minha-casa-minha-vida\/entenda-a-taxa-de-juros-do-minha-casa-minha-vida\/\">taxas de juros<\/a> e faixas de renda mais inclusivas.<\/p>\n<p>Para deixar mais claro, imagine que esses benef\u00edcios funcionam como jogadores de um time de futebol. Cada um tem uma qualidade que aumenta as chances da equipe ser campe\u00e3. O trof\u00e9u? A conquista da casa pr\u00f3pria!<\/p>\n<p>Confira agora o segundo \u00e1udio do conte\u00fado! Assim, ao terminar de ouvir, aproveite o \u00faltimo trecho mais abaixo desta p\u00e1gina!<\/p>\n<p><iframe loading=\"lazy\" src=\"https:\/\/go.vooozer.com\/embed\/05800a66\" width=\"100%\" height=\"83\" frameborder=\"0\"><\/iframe><\/p>\n<h3><span class=\"ez-toc-section\" id=\"Como_funciona_o_Minha_Casa_Minha_Vida\"><\/span>Como funciona o Minha Casa, Minha Vida?<span class=\"ez-toc-section-end\"><\/span><\/h3>\n<p>Acima de tudo, o Minha Casa, Minha Vida, substituto do Casa Verde e Amarela, visa tornar poss\u00edvel a conquista da casa pr\u00f3pria para fam\u00edlias sem condi\u00e7\u00f5es financeiras de comprar um im\u00f3vel. Para isso, o programa conta com tr\u00eas <a href=\"https:\/\/www.tenda.com\/blog\/minha-casa-minha-vida\/saiba-tudo-sobre-as-faixas-de-renda-do-minha-casa-minha-vida\/\">faixas de renda <\/a>em que os participantes devem se encaixar, que s\u00e3o:<\/p>\n<h4><span class=\"ez-toc-section\" id=\"Grupo_1\"><\/span><strong>Grupo 1<\/strong><span class=\"ez-toc-section-end\"><\/span><\/h4>\n<p>Pessoas com renda mensal bruta de at\u00e9 R$ 2.640.<\/p>\n<h4><span class=\"ez-toc-section\" id=\"Grupo_2\"><\/span><strong>Grupo 2<\/strong><span class=\"ez-toc-section-end\"><\/span><\/h4>\n<p>Pessoas com renda mensal bruta de R$ 2.640,01 at\u00e9 R$ 4.400.<\/p>\n<h4><span class=\"ez-toc-section\" id=\"Grupo_3\"><\/span><strong>Grupo 3<\/strong><span class=\"ez-toc-section-end\"><\/span><\/h4>\n<p>Pessoas com renda mensal bruta de R$ 4.400,01 at\u00e9 R$ 8.000.<\/p>\n<p>Em resumo, o primeiro passo para participar do programa \u00e9 descobrir em qual grupo de renda voc\u00ea se encaixa. Afinal, s\u00e3o essas faixas de renda que definem para quem ser\u00e3o destinados os principais benef\u00edcios do programa, como o subs\u00eddio, a composi\u00e7\u00e3o de renda, o uso do FGTS e muito mais.<\/p>\n<p>Antes de mais nada, saiba quais s\u00e3o as regras para participar do Programa Minha Casa, Minha Vida:<\/p>\n<h4><span class=\"ez-toc-section\" id=\"Quais_sao_as_regras_do_Minha_Casa_Minha_Vida\"><\/span>Quais s\u00e3o as regras do Minha Casa, Minha Vida?<span class=\"ez-toc-section-end\"><\/span><\/h4>\n<p>Al\u00e9m de se encaixar em um dos grupos de renda citados, para participar do programa Minha Casa, Minha Vida, antigo Casa Verde e Amarela, \u00e9 necess\u00e1rio atender as condi\u00e7\u00f5es a seguir:<\/p>\n<ul>\n<li>Ser brasileiro ou naturalizado no pa\u00eds;<\/li>\n<li>Ser maior de idade;<\/li>\n<li>N\u00e3o ter nenhum im\u00f3vel pr\u00f3prio em seu nome;<\/li>\n<li>N\u00e3o estar financiando nenhum im\u00f3vel;<\/li>\n<li>Quem n\u00e3o tenha participado de nenhum programa habitacional do governo anteriormente, como o Minha Casa Minha Vida ou Casa Verde e Amarela;<\/li>\n<li>Quem n\u00e3o est\u00e1 no Cadastro Nacional de Mutu\u00e1rios (CADMUT).<\/li>\n<\/ul>\n<h2><span class=\"ez-toc-section\" id=\"Quais_sao_os_beneficios_do_Minha_Casa_Minha_Vida\"><\/span>Quais s\u00e3o os benef\u00edcios do Minha Casa, Minha Vida?<span class=\"ez-toc-section-end\"><\/span><\/h2>\n<p><img loading=\"lazy\" decoding=\"async\" class=\"alignleft wp-image-12563 size-full\" src=\"https:\/\/www.tenda.com\/blog\/wp-content\/uploads\/2022\/11\/Beneficios-do-Casa-Verde-e-Amarela.jpg\" alt=\"Quais s\u00e3o os benef\u00edcios do Casa Verde e Amarela | Foto de um casal feliz na casa nova | Minha Casa Minha Vida | Blog da Tenda\" width=\"800\" height=\"530\" srcset=\"https:\/\/www.tenda.com\/blog\/wp-content\/uploads\/2022\/11\/Beneficios-do-Casa-Verde-e-Amarela.jpg 800w, https:\/\/www.tenda.com\/blog\/wp-content\/uploads\/2022\/11\/Beneficios-do-Casa-Verde-e-Amarela-300x199.jpg 300w, https:\/\/www.tenda.com\/blog\/wp-content\/uploads\/2022\/11\/Beneficios-do-Casa-Verde-e-Amarela-768x509.jpg 768w, https:\/\/www.tenda.com\/blog\/wp-content\/uploads\/2022\/11\/Beneficios-do-Casa-Verde-e-Amarela-150x99.jpg 150w\" sizes=\"(max-width: 800px) 100vw, 800px\" \/><\/p>\n<p>Quer conhecer todas as facilidades do Minha Casa, Minha Vida, substituto do Casa Verde e Amarela, que v\u00e3o tornar o seu sonho poss\u00edvel? Ou melhor, os jogadores que v\u00e3o te ajudar a marcar o gol da vit\u00f3ria? Descubra a seguir!<\/p>\n<h3><span class=\"ez-toc-section\" id=\"Subsidio_o_meio-campo\"><\/span>Subs\u00eddio: o meio-campo<span class=\"ez-toc-section-end\"><\/span><\/h3>\n<p><iframe loading=\"lazy\" src=\"https:\/\/giphy.com\/embed\/Iep39y8J4tlGB0yiQk\" width=\"480\" height=\"282\" frameborder=\"0\" data-mce-fragment=\"1\"><\/iframe><\/p>\n<p>Antes de tudo, imagine que voc\u00ea \u00e9 o atacante. Sabe aquele jogador que d\u00e1 a assist\u00eancia para voc\u00ea conseguir finalizar a jogada e marcar o t\u00e3o sonhado gol? No Programa Minha Casa, Minha Vida, \u00e9 o <a href=\"https:\/\/www.tenda.com\/blog\/minha-casa-minha-vida\/o-que-e-o-subsidio-e-como-utiliza-lo-para-financiamento-de-imovel\/\">subs\u00eddio<\/a>!<\/p>\n<p>Isso porque, o subs\u00eddio funciona como um desconto no valor total do im\u00f3vel. Ele \u00e9 pago pelo governo federal como uma forma de ajudar fam\u00edlias de baixa renda a comprar uma casa ou apartamento com mais facilidade.<\/p>\n<p>Em outras palavras, o subs\u00eddio diminui o custo do <a href=\"https:\/\/www.tenda.com\/blog\/trilha-da-conquista\/como-funciona-o-financiamento-imobiliario\/\">financiamento imobili\u00e1rio<\/a>, deixando as parcelas ainda mais em conta. E ainda mais, voc\u00ea n\u00e3o precisa quitar ou devolver essa quantia para o governo.<\/p>\n<p>O subs\u00eddio do Minha Casa, Minha Vida, antigo Casa Verde e Amarela, \u00e9 usado apenas para a compra de moradias, sendo casas ou apartamentos. Digamos que voc\u00ea queira comprar um im\u00f3vel pelo pre\u00e7o de R$ 130 mil. Caso voc\u00ea consiga um subs\u00eddio de R$ 30 mil, o valor que voc\u00ea vai pagar ser\u00e1 cerca de R$ 100 mil.<\/p>\n<p>Em outras palavras, o subs\u00eddio do Programa Minha Casa, Minha Vida \u00e9 um grande companheiro de equipe para ajudar voc\u00ea a ganhar essa partida. A libera\u00e7\u00e3o desse benef\u00edcio depende acima de tudo da sua <a href=\"https:\/\/www.tenda.com\/blog\/trilha-da-conquista\/renda-familiar\/\">renda familiar<\/a> e da regi\u00e3o onde o im\u00f3vel est\u00e1 localizado.<\/p>\n<p>Dessa forma, quanto menor for a sua renda familiar bruta mensal, maior ser\u00e1 o valor de subs\u00eddio, ou seja, maior ser\u00e1 o desconto no pre\u00e7o que voc\u00ea vai pagar para ter sua casa pr\u00f3pria.<\/p>\n<p>A seguir, saiba quais s\u00e3o as regras para ter direito ao subs\u00eddio do Minha Casa, Minha Vida, que substituiu o Casa Verde e Amarela.<\/p>\n<h4><span class=\"ez-toc-section\" id=\"Quem_tem_direito_ao_subsidio_Minha_Casa_Minha_Vida\"><\/span>Quem tem direito ao subs\u00eddio Minha Casa, Minha Vida?<span class=\"ez-toc-section-end\"><\/span><\/h4>\n<p><img loading=\"lazy\" decoding=\"async\" class=\"alignleft wp-image-11026 size-full\" src=\"https:\/\/www.tenda.com\/blog\/wp-content\/uploads\/2022\/03\/duvida-1.jpg\" alt=\"Quem tem direito ao subs\u00eddio Casa Verde e Amarela | Foto de uma mulher pesquisando na internet com d\u00favida | Minha Casa Minha Vida | Blog da Tenda\" width=\"800\" height=\"533\" srcset=\"https:\/\/www.tenda.com\/blog\/wp-content\/uploads\/2022\/03\/duvida-1.jpg 800w, https:\/\/www.tenda.com\/blog\/wp-content\/uploads\/2022\/03\/duvida-1-300x200.jpg 300w, https:\/\/www.tenda.com\/blog\/wp-content\/uploads\/2022\/03\/duvida-1-768x512.jpg 768w\" sizes=\"(max-width: 800px) 100vw, 800px\" \/><\/p>\n<p>Como vimos, o valor a ser liberado de subs\u00eddio do Programa Minha Casa, Minha Vida depende da sua renda mensal, do pre\u00e7o do im\u00f3vel e tamb\u00e9m da localiza\u00e7\u00e3o. No entanto, existem valores aproximados para cada grupo de renda no Minha Casa, Minha Vida, antigo Casa Verde e Amarela. Confira!<\/p>\n<h5><span class=\"ez-toc-section\" id=\"Grupo_1-2\"><\/span>Grupo 1<span class=\"ez-toc-section-end\"><\/span><\/h5>\n<p>Fam\u00edlias com renda de at\u00e9 R$ 2.640 podem conseguir at\u00e9 R$ 55 mil de subs\u00eddio.<\/p>\n<h5><span class=\"ez-toc-section\" id=\"Grupo_2-2\"><\/span>Grupo 2<span class=\"ez-toc-section-end\"><\/span><\/h5>\n<p>Pessoas com renda de R$ 2.640,01 a R$ 4.400 podem conseguir at\u00e9 R$ 55 mil de subs\u00eddio.<\/p>\n<p>Portanto, se voc\u00ea se encaixa em uma dessas rendas, tem grandes chances de conseguir um subs\u00eddio. Para saber mais sobre esse benef\u00edcio, assista o v\u00eddeo a seguir:<\/p>\n<p><iframe loading=\"lazy\" title=\"Saiba como funciona o SUBS\u00cdDIO MINHA CASA, MINHA VIDA 2024\" width=\"500\" height=\"281\" src=\"https:\/\/www.youtube.com\/embed\/e--FFmPGDi0?feature=oembed\" frameborder=\"0\" allow=\"accelerometer; autoplay; clipboard-write; encrypted-media; gyroscope; picture-in-picture; web-share\" referrerpolicy=\"strict-origin-when-cross-origin\" allowfullscreen><\/iframe><\/p>\n<h3><span class=\"ez-toc-section\" id=\"Composicao_de_renda_os_laterais\"><\/span>Composi\u00e7\u00e3o de renda: os laterais<span class=\"ez-toc-section-end\"><\/span><\/h3>\n<p><iframe loading=\"lazy\" src=\"https:\/\/giphy.com\/embed\/n4A7iSd2GbhaFwm1hV\" width=\"480\" height=\"270\" frameborder=\"0\" data-mce-fragment=\"1\"><\/iframe><\/p>\n<p>Os laterais s\u00e3o aqueles jogadores que t\u00eam um papel important\u00edssimo na defesa. Com a <a href=\"https:\/\/www.tenda.com\/blog\/trilha-da-conquista\/composicao-de-renda-como-utilizar-para-o-financiamento-imobiliario\/\">composi\u00e7\u00e3o de renda<\/a> n\u00e3o \u00e9 diferente, j\u00e1 que com essa facilidade voc\u00ea aumenta suas chances de ser aprovado no Minha Casa, Minha Vida e torna o sonho da casa pr\u00f3pria mais vivo do que nunca, se defendendo de ter que pagar aluguel por mais tempo.<\/p>\n<p>Para esclarecer, n\u00e3o conseguir comprovar renda suficiente para fazer um financiamento \u00e9 um dos maiores impedimentos, levando as pessoas a acreditar que n\u00e3o \u00e9 poss\u00edvel comprar o im\u00f3vel pr\u00f3prio. Por\u00e9m, o Minha Casa, Minha Vida, antigo programa Casa Verde e Amarela, oferece um benef\u00edcio para reverter esse resultado.<\/p>\n<p>Estamos falando da composi\u00e7\u00e3o de renda! Basicamente, \u00e9 a soma dos sal\u00e1rios de at\u00e9 tr\u00eas pessoas que desejam financiar uma casa ou apartamento em conjunto. Afinal, ao juntar a sua renda com a de outras pessoas, as chances de aprova\u00e7\u00e3o do financiamento s\u00e3o maiores.<\/p>\n<p>Quer ver um exemplo? Voc\u00ea decidiu que quer fazer um financiamento com o seu c\u00f4njuge. Digamos que o seu sal\u00e1rio \u00e9 de R$ 2 mil e o seu par tamb\u00e9m ganha R$ 2 mil. Assim, ao somar as duas rendas, a composi\u00e7\u00e3o de renda \u00e9 de R$ 4.000, aumentando as chances de provar ao banco que voc\u00eas conseguem arcar com as parcelas do im\u00f3vel pr\u00f3prio.<\/p>\n<h4><span class=\"ez-toc-section\" id=\"Quem_pode_compor_renda_no_Minha_Casa_Minha_Vida\"><\/span>Quem pode compor renda no Minha Casa, Minha Vida?<span class=\"ez-toc-section-end\"><\/span><\/h4>\n<p><img loading=\"lazy\" decoding=\"async\" class=\"alignleft wp-image-9009 size-full\" src=\"https:\/\/www.tenda.com\/blog\/wp-content\/uploads\/2021\/10\/composicao-renda-2.png\" alt=\"Quem pode compor renda | Composi\u00e7\u00e3o de Renda | Minha Casa Minha Vida | Blog da Tenda\" width=\"800\" height=\"658\" srcset=\"https:\/\/www.tenda.com\/blog\/wp-content\/uploads\/2021\/10\/composicao-renda-2.png 800w, https:\/\/www.tenda.com\/blog\/wp-content\/uploads\/2021\/10\/composicao-renda-2-300x247.png 300w, https:\/\/www.tenda.com\/blog\/wp-content\/uploads\/2021\/10\/composicao-renda-2-768x632.png 768w, https:\/\/www.tenda.com\/blog\/wp-content\/uploads\/2021\/10\/composicao-renda-2-150x123.png 150w\" sizes=\"(max-width: 800px) 100vw, 800px\" \/><\/p>\n<p>Voc\u00ea pode compor renda com at\u00e9 tr\u00eas pessoas, de familiares a amigos pr\u00f3ximos. A seguir, veja quem pode participar da composi\u00e7\u00e3o de renda junto com voc\u00ea:<\/p>\n<ul>\n<li>C\u00f4njuges ou namorados;<\/li>\n<li>Enteado, madrasta e padrasto;<\/li>\n<li>Pais, sogros e filhos;<\/li>\n<li>Tios e primos;<\/li>\n<li>Irm\u00e3os e amigos.<\/li>\n<\/ul>\n<p>Legal, n\u00e9? Assim, com essas combina\u00e7\u00f5es, \u00e9 poss\u00edvel se encaixar em um dos grupos de renda para participar do Minha Casa, Minha Vida. Mas a regra \u00e9 clara: todas as pessoas que participarem da composi\u00e7\u00e3o de renda devem atender \u00e0s regras do programa, incluindo n\u00e3o estar com o <a href=\"https:\/\/www.tenda.com\/eudouconta\/como-limpar-o-seu-nome\/o-que-e-negativado\/\">nome negativado<\/a>.<\/p>\n<p>Afinal, sempre que algu\u00e9m solicita participar do Minha Casa, Minha Vida, o banco respons\u00e1vel faz uma <a href=\"https:\/\/www.tenda.com\/blog\/trilha-da-conquista\/analise-de-credito-o-que-e-e-como-funciona-no-financiamento-imobiliario\/\">an\u00e1lise de cr\u00e9dito<\/a>, com o objetivo de investigar se o comprador do im\u00f3vel pode apresentar algum risco para a institui\u00e7\u00e3o financeira.<\/p>\n<p>Se o banco identificar que um ou mais participantes est\u00e3o com o CPF negativado ou que n\u00e3o atendem a alguma das regras do programa, o <a href=\"https:\/\/www.tenda.com\/blog\/trilha-da-conquista\/financiamento-reprovado\/\">financiamento \u00e9 reprovado<\/a>. Por isso, \u00e9 muito importante escolher bem as pessoas com quem voc\u00ea quer dividir esse sonho.<\/p>\n<h3><span class=\"ez-toc-section\" id=\"Baixas_taxas_de_juros_os_zagueiros\"><\/span>Baixas taxas de juros: os zagueiros<span class=\"ez-toc-section-end\"><\/span><\/h3>\n<p><iframe loading=\"lazy\" src=\"https:\/\/giphy.com\/embed\/3oEjHY2dCdoXcTsHDi\" width=\"480\" height=\"270\" frameborder=\"0\" data-mce-fragment=\"1\"><\/iframe><\/p>\n<p>Qualquer time de futebol precisa de defensores que impe\u00e7am os gols advers\u00e1rios. Ent\u00e3o, para se defender de pagar juros muito altos no financiamento da casa pr\u00f3pria, voc\u00ea pode contar com as menores taxas de juros do mercado imobili\u00e1rio: as do Minha Casa, Minha Vida, antigo programa Casa Verde e Amarela!<\/p>\n<p>As taxas de juros pagas ao banco s\u00e3o cobradas pela libera\u00e7\u00e3o do financiamento, ou seja, pelo empr\u00e9stimo que o banco fez a voc\u00ea. Assim como os juros do Casa Verde e Amarela, as taxas de juros do Minha Casa, Minha Vida variam de acordo com as regi\u00f5es do pa\u00eds, com exce\u00e7\u00e3o da faixa 3 que tem uma taxa de juros fixa para o Brasil inteiro. Confira os detalhes!<\/p>\n<h4><span class=\"ez-toc-section\" id=\"Taxas_de_juros_do_Casa_Verde_e_Amarela\"><\/span>Taxas de juros do Casa Verde e Amarela<span class=\"ez-toc-section-end\"><\/span><\/h4>\n<h5><span class=\"ez-toc-section\" id=\"Grupo_1-3\"><\/span>Grupo 1<span class=\"ez-toc-section-end\"><\/span><\/h5>\n<ul>\n<li><em>Regi\u00e3o Sul, Sudeste e Centro-Oeste<\/em><\/li>\n<\/ul>\n<p>Cotista: 4,25% a 4,50%<\/p>\n<p>N\u00e3o cotista: 4,75% a 5%<\/p>\n<ul>\n<li><em>Regi\u00e3o Norte e Nordeste<\/em><\/li>\n<\/ul>\n<p>Cotista: 4% a 4,25%<\/p>\n<p>N\u00e3o cotista: 4,50% a 4,75%<\/p>\n<h5><span class=\"ez-toc-section\" id=\"Grupo_2-3\"><\/span>Grupo 2<span class=\"ez-toc-section-end\"><\/span><\/h5>\n<ul>\n<li><em>Regi\u00e3o Sul, Sudeste e Centro-Oeste<\/em><\/li>\n<\/ul>\n<p>Cotista: 5% a 6,50%<\/p>\n<p>N\u00e3o cotista: 5,50% a 7%<\/p>\n<ul>\n<li><em>Regi\u00e3o Norte e Nordeste<\/em><\/li>\n<\/ul>\n<p>Cotista: 4,75% a 6,50%<\/p>\n<p>N\u00e3o cotista: 5,25% a 7%<\/p>\n<h5><span class=\"ez-toc-section\" id=\"Grupo_3-2\"><\/span>Grupo 3<span class=\"ez-toc-section-end\"><\/span><\/h5>\n<p>Cotista: 7,66%<\/p>\n<p>N\u00e3o cotista: 8,16%<\/p>\n<p>As taxas de juros mais baixas para o Norte e o Nordeste do Brasil tem como objetivo estimular a ocupa\u00e7\u00e3o nessas regi\u00f5es. Bom, n\u00e9? Tantas belezas por l\u00e1 merecem mesmo ser aproveitadas por muito mais gente!<\/p>\n<p>Antes,\u00a0uma pessoa que morasse em S\u00e3o Paulo e outra na Bahia pagariam a mesma taxa de juros.<\/p>\n<p>Agora, com as mudan\u00e7as do Minha Casa, Minha Vida em 2023, quem quer comprar um im\u00f3vel na Bahia, por exemplo, pagar\u00e1 uma taxa de juros menor do que a pessoa que quer adquirir sua casa em S\u00e3o Paulo. Em outras palavras, se voc\u00ea mora em uma das regi\u00f5es beneficiadas por taxas menores, comemore: suas chances de conquistar a casa pr\u00f3pria s\u00e3o ainda maiores!<\/p>\n<p>Para saber mais detalhes sobre as novas regras do Minha Casa, Minha Vida, que substituiu o Casa Verde e Amarela, confira o v\u00eddeo a seguir:<\/p>\n<p><iframe loading=\"lazy\" title=\"CONHE\u00c7A AS NOVAS REGRAS DO MINHA CASA MINHA VIDA\" width=\"500\" height=\"281\" src=\"https:\/\/www.youtube.com\/embed\/6uRMpabcp5I?list=PLMHR-H6ky3nfByTZz6-9IqiknvJYBrbOy\" frameborder=\"0\" allow=\"accelerometer; autoplay; clipboard-write; encrypted-media; gyroscope; picture-in-picture; web-share\" referrerpolicy=\"strict-origin-when-cross-origin\" allowfullscreen><\/iframe><\/p>\n<p>Esta \u00e9 a \u00faltima parte deste conte\u00fado em \u00e1udio! Ou\u00e7a agora!<\/p>\n<h2><iframe loading=\"lazy\" src=\"https:\/\/go.vooozer.com\/embed\/05350a60\" width=\"100%\" height=\"83\" frameborder=\"0\"><\/iframe><\/h2>\n<h2><span class=\"ez-toc-section\" id=\"Saldo_do_FGTS_o_goleiro\"><\/span>Saldo do FGTS: o goleiro<span class=\"ez-toc-section-end\"><\/span><\/h2>\n<p><iframe loading=\"lazy\" src=\"https:\/\/giphy.com\/embed\/zFUvHbkrPRIUo\" width=\"480\" height=\"270\" frameborder=\"0\" data-mce-fragment=\"1\"><\/iframe><\/p>\n<p>Uma das maiores preocupa\u00e7\u00f5es de quem deseja comprar uma casa ou apartamento \u00e9 como pagar o <a href=\"https:\/\/www.tenda.com\/blog\/trilha-da-conquista\/como-dar-entrada-em-um-apartamento\/\">valor da entrada<\/a>. Mas voc\u00ea sabia que o saldo do seu <a href=\"https:\/\/www.tenda.com\/blog\/trilha-da-conquista\/como-sacar-o-fgts-para-comprar-um-imovel\/\">FGTS<\/a> (Fundo de Garantia do Tempo de Servi\u00e7o) pode ajudar voc\u00ea a \u201cpegar esse p\u00eanalti\u201d, como se diria no jarg\u00e3o do futebol?<\/p>\n<p>Pense no valor do FGTS como o goleiro do seu time que est\u00e1 em campo para defender voc\u00ea da preocupa\u00e7\u00e3o de n\u00e3o ter o valor de entrada \u00e0 vista, contribuindo para que a sua sele\u00e7\u00e3o saia ganhando esse jogo t\u00e3o importante!<\/p>\n<p>Afinal, \u00e9 imposs\u00edvel perder um jogo se o oponente n\u00e3o consegue colocar a bola na rede, certo? Ent\u00e3o, se voc\u00ea est\u00e1 preocupado com o valor de entrada do financiamento, escale seu FGTS para ajudar!<\/p>\n<p>Nesse sentido, com o saldo do FGTS, al\u00e9m de pagar a entrada, voc\u00ea tamb\u00e9m pode:<\/p>\n<ul>\n<li>Diminuir em at\u00e9 80% o valor das parcelas no per\u00edodo de um ano (12 meses);<\/li>\n<li>Reduzir o tempo restante do financiamento;<\/li>\n<li>Realizar uma <a href=\"https:\/\/www.tenda.com\/blog\/trilha-da-conquista\/amortizacao-de-financiamento-entenda-como-funciona\/\">amortiza\u00e7\u00e3o\u00a0<\/a>ou quitar a d\u00edvida.<\/li>\n<\/ul>\n<p>Tem mais! Com a nova atualiza\u00e7\u00e3o feita pelo governo federal, as taxas de juros do Minha Casa, Minha Vida foram reduzidas para os participantes cotistas da faixa 1 e 2 do programa.<\/p>\n<p>Ou seja, se voc\u00ea trabalha com carteira assinada e tem direito ao FGTS, vai pagar taxas de juros ainda menores no Minha Casa, Minha Vida, substituto do Casa Verde e Amarela. Demais, n\u00e9?<\/p>\n<p>De modo geral, tanto quem vai fazer um financiamento quanto o im\u00f3vel escolhido precisam atender a algumas condi\u00e7\u00f5es. Confira a seguir para saber mais!<\/p>\n<h4><span class=\"ez-toc-section\" id=\"Condicoes_para_o_comprador_usar_o_FGTS_na_compra_de_imovel\"><\/span><strong>Condi\u00e7\u00f5es para o comprador usar o FGTS na compra de im\u00f3vel:<\/strong><span class=\"ez-toc-section-end\"><\/span><\/h4>\n<p><img loading=\"lazy\" decoding=\"async\" class=\"alignleft wp-image-12564 size-full\" src=\"https:\/\/www.tenda.com\/blog\/wp-content\/uploads\/2022\/11\/Condicoes-para-o-uso-do-FGTS.jpg\" alt=\"Condi\u00e7\u00f5es para o uso do FGTS | Foto de um celular com o logo do FGTS e uma carteira de trabalho | Minha Casa Minha Vida | Blog da Tenda\" width=\"800\" height=\"530\" srcset=\"https:\/\/www.tenda.com\/blog\/wp-content\/uploads\/2022\/11\/Condicoes-para-o-uso-do-FGTS.jpg 800w, https:\/\/www.tenda.com\/blog\/wp-content\/uploads\/2022\/11\/Condicoes-para-o-uso-do-FGTS-300x199.jpg 300w, https:\/\/www.tenda.com\/blog\/wp-content\/uploads\/2022\/11\/Condicoes-para-o-uso-do-FGTS-768x509.jpg 768w, https:\/\/www.tenda.com\/blog\/wp-content\/uploads\/2022\/11\/Condicoes-para-o-uso-do-FGTS-150x99.jpg 150w\" sizes=\"(max-width: 800px) 100vw, 800px\" \/><\/p>\n<ul>\n<li>Ter pelo menos tr\u00eas anos de carteira assinada sob regime do FGTS\u00a0(consecutivos ou n\u00e3o), na mesma empresa ou em empresas diferentes;<\/li>\n<li>N\u00e3o ter outro financiamento ativo no Sistema Financeiro de Habita\u00e7\u00e3o (SFH), em qualquer parte do pa\u00eds;<\/li>\n<li>N\u00e3o ser propriet\u00e1rio de outro im\u00f3vel residencial na cidade onde mora ou trabalha;<\/li>\n<li>Ser o titular do contrato de financiamento e do benef\u00edcio do FGTS;<\/li>\n<li>Estar em dia com o pagamento das presta\u00e7\u00f5es, caso use o saldo para reduzir parcelas.<\/li>\n<\/ul>\n<h4><span class=\"ez-toc-section\" id=\"Condicoes_para_o_imovel_ser_financiado_com_os_recursos_do_FGTS\"><\/span><strong>Condi\u00e7\u00f5es para o im\u00f3vel ser financiado com os recursos do FGTS:<\/strong><span class=\"ez-toc-section-end\"><\/span><\/h4>\n<ul>\n<li>O im\u00f3vel precisa estar em uma \u00e1rea urbana (n\u00e3o pode estar em \u00e1rea rural);<\/li>\n<li>Estar localizado na cidade onde o comprador reside ou trabalha h\u00e1 pelo menos um ano;<\/li>\n<li>Ser destinado a moradia do trabalhador \u2013 e n\u00e3o para aluguel;<\/li>\n<li>O im\u00f3vel pode ser usado ou novo;<\/li>\n<li>Estar matriculado no <a href=\"https:\/\/www.tenda.com\/blog\/trilha-da-conquista\/registro-de-imovel\/\">Registro de Im\u00f3veis<\/a> e n\u00e3o apresentar qualquer impedimento \u00e0 comercializa\u00e7\u00e3o;<\/li>\n<li>N\u00e3o ter sido financiado com o uso do FGTS nos \u00faltimos 3 anos;<\/li>\n<li>N\u00e3o ter valor de avalia\u00e7\u00e3o superior a R$ 750 mil para os estados de MG, RJ, DF e SP, e de R$ 650 mil para os demais estados;<\/li>\n<li>Ter passado pela vistoria de um agente da Caixa Econ\u00f4mica Federal que ateste a finalidade de uso do im\u00f3vel e as condi\u00e7\u00f5es de habita\u00e7\u00e3o.<\/li>\n<\/ul>\n<h4><span class=\"ez-toc-section\" id=\"Quais_sao_os_documentos_necessarios_para_usar_o_valor_do_FGTS_no_Minha_Casa_Minha_Vida\"><\/span>Quais s\u00e3o os documentos necess\u00e1rios para usar o valor do FGTS no Minha Casa, Minha Vida?<span class=\"ez-toc-section-end\"><\/span><\/h4>\n<p>Tudo certo com as regras para usar o saldo do FGTS Minha Casa, Minha Vida? Maravilha! O pr\u00f3ximo passo \u00e9 separar a documenta\u00e7\u00e3o espec\u00edfica que comprove que voc\u00ea e o im\u00f3vel escolhido atendem \u00e0s condi\u00e7\u00f5es exigidas.<\/p>\n<p>Ent\u00e3o, al\u00e9m dos documentos j\u00e1 solicitados, voc\u00ea deve apresentar:<\/p>\n<ul>\n<li>Extratos de contas vinculadas ao FGTS;<\/li>\n<li>Declara\u00e7\u00e3o de Imposto de Renda de Pessoa F\u00edsica (DIRPF);<\/li>\n<li>Carteira de trabalho.<\/li>\n<\/ul>\n<h2><span class=\"ez-toc-section\" id=\"Como_participar_do_programa_Minha_Casa_Minha_Vida\"><\/span>Como participar do programa Minha Casa, Minha Vida?<span class=\"ez-toc-section-end\"><\/span><\/h2>\n<p>Viu s\u00f3 como o seu sonho de conquistar o im\u00f3vel pr\u00f3prio e dar adeus ao aluguel pode estar mais perto do que voc\u00ea imagina? \u00c9 s\u00f3 entrar em campo contando com todas as facilidades do Minha Casa, Minha Vida, antigo Casa Verde e Amarela. Bom, \u00e9 hora de saber como se inscrever no programa para aproveitar esse time de vantagens!<\/p>\n<p>Voc\u00ea pode se cadastrar no MCMV de algumas formas. Para quem faz parte do grupo 1 (com renda de at\u00e9 R$ 2.640), \u00e9 necess\u00e1rio procurar a prefeitura da cidade onde reside e buscar informa\u00e7\u00f5es sobre o cadastro no programa Minha Casa, Minha Vida.<\/p>\n<p>J\u00e1 os participantes das demais faixas de renda podem:<\/p>\n<ul>\n<li>Ir diretamente at\u00e9 a Caixa Econ\u00f4mica Federal ou algum outro banco e solicitar o financiamento Minha Casa, Minha Vida;<\/li>\n<li>Pedir a ades\u00e3o ao financiamento em uma construtora.<\/li>\n<\/ul>\n<p>Mas antes de solicitar o financiamento do programa, \u00e9 muito importante ter \u00e0 m\u00e3o os documentos necess\u00e1rios para participar do Minha Casa, Minha Vida. Veja a seguir!<\/p>\n<h2><span class=\"ez-toc-section\" id=\"Quais_sao_os_documentos_para_participar_do_Minha_Casa_Minha_Vida\"><\/span>Quais s\u00e3o os documentos para participar do Minha Casa, Minha Vida?<span class=\"ez-toc-section-end\"><\/span><\/h2>\n<p><img loading=\"lazy\" decoding=\"async\" class=\"alignleft wp-image-12565 size-full\" src=\"https:\/\/www.tenda.com\/blog\/wp-content\/uploads\/2022\/11\/Quais-sao-os-documentos-para-participar-do-Casa-Verde-e-Amarela.jpg\" alt=\"Quais s\u00e3o os documentos para participar do Casa Verde e Amarela | Foto de um casal analisando documentos | Minha Casa Minha Vida | Blog da Tenda\" width=\"800\" height=\"530\" srcset=\"https:\/\/www.tenda.com\/blog\/wp-content\/uploads\/2022\/11\/Quais-sao-os-documentos-para-participar-do-Casa-Verde-e-Amarela.jpg 800w, https:\/\/www.tenda.com\/blog\/wp-content\/uploads\/2022\/11\/Quais-sao-os-documentos-para-participar-do-Casa-Verde-e-Amarela-300x199.jpg 300w, https:\/\/www.tenda.com\/blog\/wp-content\/uploads\/2022\/11\/Quais-sao-os-documentos-para-participar-do-Casa-Verde-e-Amarela-768x509.jpg 768w, https:\/\/www.tenda.com\/blog\/wp-content\/uploads\/2022\/11\/Quais-sao-os-documentos-para-participar-do-Casa-Verde-e-Amarela-150x99.jpg 150w\" sizes=\"(max-width: 800px) 100vw, 800px\" \/><\/p>\n<p>Um dos motivos que impedem muitas pessoas de conseguirem a t\u00e3o sonhada aprova\u00e7\u00e3o no financiamento imobili\u00e1rio \u00e9 a falta de documenta\u00e7\u00e3o.<\/p>\n<p>Afinal, \u00e9 por meio dela que o banco vai verificar se voc\u00ea atende a todos os requisitos do programa. Por isso, separe desde j\u00e1 os documentos que voc\u00ea deve apresentar para participar do Minha Casa, Minha Vida, substituto do Casa Verde e Amarela:<\/p>\n<ul>\n<li>Carteira de identidade (RG) ou Carteira Nacional de Habilita\u00e7\u00e3o (CNH);<\/li>\n<li>CPF;<\/li>\n<li>Comprovantes de estado civil: certid\u00e3o de casamento ou contrato de uni\u00e3o est\u00e1vel. Para os divorciados, \u00e9 preciso a certid\u00e3o de casamento averbada com div\u00f3rcio. J\u00e1 para os solteiros, certid\u00e3o de nascimento;<\/li>\n<li>Comprovante de renda;<\/li>\n<li>Carteira de trabalho;<\/li>\n<li>T\u00edtulo de eleitor;<\/li>\n<li>Comprovante de resid\u00eancia atual;<\/li>\n<li>Certid\u00f5es de nascimento e CPF dos filhos menores de 18 anos;<\/li>\n<li>No caso de Portadores de Necessidades Especiais, laudo m\u00e9dico atual com identifica\u00e7\u00e3o m\u00e9dica e CID.<\/li>\n<\/ul>\n<p>Sempre tenha a c\u00f3pia e os documentos originais em m\u00e3os. Assim, voc\u00ea evita qualquer imprevisto que possa atrasar o seu financiamento.<\/p>\n<p>Quer ter certeza que entendeu tudo? Sem problema! Assista ao v\u00eddeo a seguir para saber mais sobre a documenta\u00e7\u00e3o para financiamento:<\/p>\n<p><iframe loading=\"lazy\" title=\"Documentos para financiamento imobili\u00e1rio\" width=\"500\" height=\"281\" src=\"https:\/\/www.youtube.com\/embed\/WlcX5mLjrL4?feature=oembed\" frameborder=\"0\" allow=\"accelerometer; autoplay; clipboard-write; encrypted-media; gyroscope; picture-in-picture; web-share\" referrerpolicy=\"strict-origin-when-cross-origin\" allowfullscreen><\/iframe><\/p>\n<h3><span class=\"ez-toc-section\" id=\"Como_comprovar_renda_no_Minha_Casa_Minha_Vida\"><\/span>Como comprovar renda no Minha Casa, Minha Vida?<span class=\"ez-toc-section-end\"><\/span><\/h3>\n<p>Uma das etapas mais importantes na entrega de documentos do Minha Casa, Minha Vida \u00e9 a comprova\u00e7\u00e3o de renda. Afinal, \u00e9 por meio dessa documenta\u00e7\u00e3o que o banco avalia suas condi\u00e7\u00f5es de pagar as parcelas do financiamento e autoriza sua participa\u00e7\u00e3o no programa.<\/p>\n<p>Ent\u00e3o chegou a hora de saber o que pode funcionar como comprovante de renda, em especial, para pessoas aut\u00f4nomas. Confira a seguir quais s\u00e3o os documentos aceitos.<\/p>\n<h4><span class=\"ez-toc-section\" id=\"Como_comprovar_renda_sendo_autonomo_no_Minha_Casa_Minha_Vida\"><\/span>Como comprovar renda sendo aut\u00f4nomo no Minha Casa, Minha Vida?<span class=\"ez-toc-section-end\"><\/span><\/h4>\n<p>Para come\u00e7o de conversa, se voc\u00ea \u00e9 um trabalhador aut\u00f4nomo, saiba que \u00e9 poss\u00edvel comprovar sua renda no financiamento imobili\u00e1rio feito pelo Minha Casa, Minha Vida, antigo Casa Verde e Amarela. Para isso, \u00e9 necess\u00e1rio apresentar os seguintes\u00a0comprovantes de renda para aut\u00f4nomos:<\/p>\n<ul>\n<li>Recibo de Pagamento de Aut\u00f4nomo (RPA);<\/li>\n<li>Decore (Declara\u00e7\u00e3o Comprobat\u00f3ria de Percep\u00e7\u00e3o de Rendimentos);<\/li>\n<li>Pr\u00f3-labore (pagamento do sal\u00e1rio do dono ou dos donos da empresa).<\/li>\n<\/ul>\n<p>Outro ponto importante: para an\u00e1lise de cr\u00e9dito, o banco pode solicitar os extratos banc\u00e1rios dos \u00faltimos seis meses, al\u00e9m dos outros documentos listados acima.<\/p>\n<h4><span class=\"ez-toc-section\" id=\"Como_comprovar_renda_sendo_CLT_no_MCMV\"><\/span>Como comprovar renda sendo CLT no MCMV?<span class=\"ez-toc-section-end\"><\/span><\/h4>\n<p>Para voc\u00ea que \u00e9 trabalhador com carteira assinada, o <a href=\"https:\/\/www.tenda.com\/blog\/trilha-da-conquista\/comprovante-de-renda\/\">comprovante de renda<\/a> mais solicitado \u00e9 o holerite. Normalmente, o holerite mais recente e os dos \u00faltimos tr\u00eas meses.<\/p>\n<p>Outro documento que tamb\u00e9m pode contribuir na comprova\u00e7\u00e3o de renda para quem \u00e9 assalariado \u00e9 a Declara\u00e7\u00e3o de Imposto de Renda para Pessoa F\u00edsica (DIRPF). Por\u00e9m, como a declara\u00e7\u00e3o apresenta os valores de quanto voc\u00ea ganhou e gastou no ano anterior, esse documento serve apenas como complemento da comprova\u00e7\u00e3o de renda, al\u00e9m da carteira de trabalho e at\u00e9 mesmo de extratos banc\u00e1rios.<\/p>\n<p>Por fim, a\u00a0comprova\u00e7\u00e3o de renda no Minha Casa, Minha Vida\u00a0\u00e9 muito importante, pois \u00e9 nessa fase que verificam qual seu grupo de renda e se voc\u00ea consegue arcar com o valor das parcelas do financiamento sem comprometer mais do que 30% da sua renda mensal.<\/p>\n<p>Bom, j\u00e1 deu pra perceber que, com o Minha Casa, Minha Vida, antigo programa Casa Verde e Amarela, voc\u00ea poder\u00e1 contar com facilidades que v\u00e3o ajudar a tornar seu sonho realidade. Agora, a pr\u00f3xima etapa \u00e9 se planejar para j\u00e1 poder curtir a pr\u00f3xima Copa relaxado no sof\u00e1 da sua casa pr\u00f3pria!<\/p>\n","protected":false},"excerpt":{"rendered":"<p>Estamos oficialmente em novembro: o m\u00eas da Copa de 2022! Neste clima de comemora\u00e7\u00e3o e expectativa pelo [&#8230;]<\/p>\n","protected":false},"author":40,"featured_media":12555,"comment_status":"open","ping_status":"closed","sticky":false,"template":"","format":"standard","meta":{"footnotes":""},"categories":[6],"tags":[227,46,47,65,73],"class_list":["post-12568","post","type-post","status-publish","format-standard","has-post-thumbnail","hentry","category-minha-casa-minha-vida","tag-casa-verde-e-amarela","tag-composicao-de-renda","tag-comprovacao-de-renda","tag-fgts","tag-subsidio"],"yoast_head":"<!-- This site is optimized with the Yoast SEO plugin v23.4 - https:\/\/yoast.com\/wordpress\/plugins\/seo\/ -->\n<title>Copa de 2022: voc\u00ea de casa nova na pr\u00f3xima Copa | Blog da Tenda<\/title>\n<meta name=\"robots\" content=\"index,follow\" \/>\n<meta property=\"og:locale\" content=\"pt_BR\" \/>\n<meta property=\"og:url\" content=\"https:\/\/www.tenda.com\/blog\/minha-casa-minha-vida\/copa-de-2022-voce-de-casa-nova-na-proxima-copa\" \/>\n<meta property=\"article:publisher\" content=\"https:\/\/www.facebook.com\/ConstrutoraTenda\/\" \/>\n<meta property=\"article:published_time\" content=\"2022-11-04T18:47:11+00:00\" \/>\n<meta property=\"article:modified_time\" content=\"2024-04-03T19:07:26+00:00\" \/>\n<meta property=\"og:image\" content=\"https:\/\/www.tenda.com\/blog\/wp-content\/uploads\/2022\/11\/Copa-2022.png\" \/>\n\t<meta property=\"og:image:width\" content=\"726\" \/>\n\t<meta property=\"og:image:height\" content=\"400\" \/>\n\t<meta property=\"og:image:type\" content=\"image\/png\" \/>\n<meta name=\"author\" content=\"Blog da Tenda\" \/>\n<meta name=\"twitter:label1\" content=\"Escrito por\" \/>\n\t<meta name=\"twitter:data1\" content=\"Blog da Tenda\" \/>\n\t<meta name=\"twitter:label2\" content=\"Est. tempo de leitura\" \/>\n\t<meta name=\"twitter:data2\" content=\"25 minutos\" \/>\n<!-- \/ Yoast SEO plugin. -->","yoast_head_json":{"title":"Copa de 2022: voc\u00ea de casa nova na pr\u00f3xima Copa | Blog da Tenda","robots":{"index,follow":"index,follow"},"og_locale":"pt_BR","og_url":"https:\/\/www.tenda.com\/blog\/minha-casa-minha-vida\/copa-de-2022-voce-de-casa-nova-na-proxima-copa","article_publisher":"https:\/\/www.facebook.com\/ConstrutoraTenda\/","article_published_time":"2022-11-04T18:47:11+00:00","article_modified_time":"2024-04-03T19:07:26+00:00","og_image":[{"width":726,"height":400,"url":"https:\/\/www.tenda.com\/blog\/wp-content\/uploads\/2022\/11\/Copa-2022.png","type":"image\/png"}],"author":"Blog da Tenda","twitter_misc":{"Escrito por":"Blog da Tenda","Est. tempo de leitura":"25 minutos"},"schema":{"@context":"https:\/\/schema.org","@graph":[{"@type":"Article","@id":"https:\/\/www.tenda.com\/blog\/minha-casa-minha-vida\/copa-de-2022-voce-de-casa-nova-na-proxima-copa#article","isPartOf":{"@id":"https:\/\/www.tenda.com\/blog\/minha-casa-minha-vida\/copa-de-2022-voce-de-casa-nova-na-proxima-copa"},"author":{"name":"Blog da Tenda","@id":"https:\/\/www.tenda.com\/blog\/#\/schema\/person\/401cec400e9a62cb00a064018dfd8dec"},"headline":"COPA DE 2022: VOC\u00ca DE CASA NOVA NA PR\u00d3XIMA COPA!","datePublished":"2022-11-04T18:47:11+00:00","dateModified":"2024-04-03T19:07:26+00:00","mainEntityOfPage":{"@id":"https:\/\/www.tenda.com\/blog\/minha-casa-minha-vida\/copa-de-2022-voce-de-casa-nova-na-proxima-copa"},"wordCount":4337,"commentCount":0,"publisher":{"@id":"https:\/\/www.tenda.com\/blog\/#organization"},"image":{"@id":"https:\/\/www.tenda.com\/blog\/minha-casa-minha-vida\/copa-de-2022-voce-de-casa-nova-na-proxima-copa#primaryimage"},"thumbnailUrl":"https:\/\/www.tenda.com\/blog\/wp-content\/uploads\/2022\/11\/Copa-2022.png","keywords":["Casa Verde e Amarela","Composi\u00e7\u00e3o de Renda","Comprova\u00e7\u00e3o de Renda","FGTS","Subs\u00eddio"],"articleSection":["Minha Casa Minha Vida"],"inLanguage":"pt-BR","potentialAction":[{"@type":"CommentAction","name":"Comment","target":["https:\/\/www.tenda.com\/blog\/minha-casa-minha-vida\/copa-de-2022-voce-de-casa-nova-na-proxima-copa#respond"]}]},{"@type":"WebPage","@id":"https:\/\/www.tenda.com\/blog\/minha-casa-minha-vida\/copa-de-2022-voce-de-casa-nova-na-proxima-copa","url":"https:\/\/www.tenda.com\/blog\/minha-casa-minha-vida\/copa-de-2022-voce-de-casa-nova-na-proxima-copa","name":"Copa de 2022: voc\u00ea de casa nova na pr\u00f3xima Copa | Blog da Tenda","isPartOf":{"@id":"https:\/\/www.tenda.com\/blog\/#website"},"primaryImageOfPage":{"@id":"https:\/\/www.tenda.com\/blog\/minha-casa-minha-vida\/copa-de-2022-voce-de-casa-nova-na-proxima-copa#primaryimage"},"image":{"@id":"https:\/\/www.tenda.com\/blog\/minha-casa-minha-vida\/copa-de-2022-voce-de-casa-nova-na-proxima-copa#primaryimage"},"thumbnailUrl":"https:\/\/www.tenda.com\/blog\/wp-content\/uploads\/2022\/11\/Copa-2022.png","datePublished":"2022-11-04T18:47:11+00:00","dateModified":"2024-04-03T19:07:26+00:00","description":"Que tal assistir a pr\u00f3xima Copa na sua casa pr\u00f3pria? Entre no clima da Copa de 2022 e veja como o Casa Verde e Amarela pode te ajudar!","breadcrumb":{"@id":"https:\/\/www.tenda.com\/blog\/minha-casa-minha-vida\/copa-de-2022-voce-de-casa-nova-na-proxima-copa#breadcrumb"},"inLanguage":"pt-BR","potentialAction":[{"@type":"ReadAction","target":["https:\/\/www.tenda.com\/blog\/minha-casa-minha-vida\/copa-de-2022-voce-de-casa-nova-na-proxima-copa"]}]},{"@type":"ImageObject","inLanguage":"pt-BR","@id":"https:\/\/www.tenda.com\/blog\/minha-casa-minha-vida\/copa-de-2022-voce-de-casa-nova-na-proxima-copa#primaryimage","url":"https:\/\/www.tenda.com\/blog\/wp-content\/uploads\/2022\/11\/Copa-2022.png","contentUrl":"https:\/\/www.tenda.com\/blog\/wp-content\/uploads\/2022\/11\/Copa-2022.png","width":726,"height":400,"caption":"Vantagens do Minha Casa Minha Vida | Foto de amigos sorrindo para a c\u00e2mera | Blog da Tenda"},{"@type":"BreadcrumbList","@id":"https:\/\/www.tenda.com\/blog\/minha-casa-minha-vida\/copa-de-2022-voce-de-casa-nova-na-proxima-copa#breadcrumb","itemListElement":[{"@type":"ListItem","position":1,"name":"In\u00edcio","item":"https:\/\/www.tenda.com\/blog\/"},{"@type":"ListItem","position":2,"name":"COPA DE 2022: VOC\u00ca DE CASA NOVA NA PR\u00d3XIMA COPA!"}]},{"@type":"WebSite","@id":"https:\/\/www.tenda.com\/blog\/#website","url":"https:\/\/www.tenda.com\/blog\/","name":"Blog da Tenda","description":"Blog","publisher":{"@id":"https:\/\/www.tenda.com\/blog\/#organization"},"potentialAction":[{"@type":"SearchAction","target":{"@type":"EntryPoint","urlTemplate":"https:\/\/www.tenda.com\/blog\/?s={search_term_string}"},"query-input":{"@type":"PropertyValueSpecification","valueRequired":true,"valueName":"search_term_string"}}],"inLanguage":"pt-BR"},{"@type":"Organization","@id":"https:\/\/www.tenda.com\/blog\/#organization","name":"Construtora Tenda","url":"https:\/\/www.tenda.com\/blog\/","logo":{"@type":"ImageObject","inLanguage":"pt-BR","@id":"https:\/\/www.tenda.com\/blog\/#\/schema\/logo\/image\/","url":"https:\/\/www.tenda.com\/blog\/wp-content\/uploads\/2020\/09\/logo-tenda_RGB_vermelho.png","contentUrl":"https:\/\/www.tenda.com\/blog\/wp-content\/uploads\/2020\/09\/logo-tenda_RGB_vermelho.png","width":1579,"height":379,"caption":"Construtora Tenda"},"image":{"@id":"https:\/\/www.tenda.com\/blog\/#\/schema\/logo\/image\/"},"sameAs":["https:\/\/www.facebook.com\/ConstrutoraTenda\/","https:\/\/www.instagram.com\/construtoratenda","https:\/\/br.linkedin.com\/company\/construtora-tenda","https:\/\/www.youtube.com\/user\/TendaConstrutora","https:\/\/en.wikipedia.org\/wiki\/Construtora_Tenda"]},{"@type":"Person","@id":"https:\/\/www.tenda.com\/blog\/#\/schema\/person\/401cec400e9a62cb00a064018dfd8dec","name":"Blog da Tenda","image":{"@type":"ImageObject","inLanguage":"pt-BR","@id":"https:\/\/www.tenda.com\/blog\/#\/schema\/person\/image\/","url":"https:\/\/secure.gravatar.com\/avatar\/2258a587f7dea6e05a6ed2c1e52ee9d6?s=96&d=mm&r=g","contentUrl":"https:\/\/secure.gravatar.com\/avatar\/2258a587f7dea6e05a6ed2c1e52ee9d6?s=96&d=mm&r=g","caption":"Blog da Tenda"},"url":"https:\/\/www.tenda.com\/blog\/author\/ana-luisa"}]}},"_links":{"self":[{"href":"https:\/\/www.tenda.com\/blog\/wp-json\/wp\/v2\/posts\/12568"}],"collection":[{"href":"https:\/\/www.tenda.com\/blog\/wp-json\/wp\/v2\/posts"}],"about":[{"href":"https:\/\/www.tenda.com\/blog\/wp-json\/wp\/v2\/types\/post"}],"author":[{"embeddable":true,"href":"https:\/\/www.tenda.com\/blog\/wp-json\/wp\/v2\/users\/40"}],"replies":[{"embeddable":true,"href":"https:\/\/www.tenda.com\/blog\/wp-json\/wp\/v2\/comments?post=12568"}],"version-history":[{"count":56,"href":"https:\/\/www.tenda.com\/blog\/wp-json\/wp\/v2\/posts\/12568\/revisions"}],"predecessor-version":[{"id":18238,"href":"https:\/\/www.tenda.com\/blog\/wp-json\/wp\/v2\/posts\/12568\/revisions\/18238"}],"wp:featuredmedia":[{"embeddable":true,"href":"https:\/\/www.tenda.com\/blog\/wp-json\/wp\/v2\/media\/12555"}],"wp:attachment":[{"href":"https:\/\/www.tenda.com\/blog\/wp-json\/wp\/v2\/media?parent=12568"}],"wp:term":[{"taxonomy":"category","embeddable":true,"href":"https:\/\/www.tenda.com\/blog\/wp-json\/wp\/v2\/categories?post=12568"},{"taxonomy":"post_tag","embeddable":true,"href":"https:\/\/www.tenda.com\/blog\/wp-json\/wp\/v2\/tags?post=12568"}],"curies":[{"name":"wp","href":"https:\/\/api.w.org\/{rel}","templated":true}]}}