














{"id":10018,"date":"2022-01-05T14:00:31","date_gmt":"2022-01-05T17:00:31","guid":{"rendered":"https:\/\/www.tenda.com\/blog\/?p=10018"},"modified":"2024-07-11T14:11:22","modified_gmt":"2024-07-11T17:11:22","slug":"moveis-para-apartamento-pequeno","status":"publish","type":"post","link":"https:\/\/www.tenda.com\/blog\/casa-e-decoracao\/moveis-para-apartamento-pequeno","title":{"rendered":"M\u00d3VEIS PARA APARTAMENTO PEQUENO: COMO ESCOLHER?"},"content":{"rendered":"<p>Os apartamentos pequenos s\u00e3o um grande desafio para decorar e mobiliar. Cada cent\u00edmetro \u00e9 importante na hora de organizar o ambiente. Contudo, encontrar o m\u00f3vel perfeito para os c\u00f4modos com medidas limitadas parece ser imposs\u00edvel, mas n\u00e3o \u00e9. Por isso, confira as dicas para fazer uma boa escolha de m\u00f3veis para o seu apartamento pequeno. Mas, antes, n\u00e3o deixe de baixar um e-book completo sobre o assunto.<\/p><div id=\"ez-toc-container\" class=\"ez-toc-v2_0_71 counter-hierarchy ez-toc-counter ez-toc-grey ez-toc-container-direction\">\n<div class=\"ez-toc-title-container\">\n<p class=\"ez-toc-title\" style=\"cursor:inherit\">O que voc\u00ea vai encontrar nesse post <\/p>\n<span class=\"ez-toc-title-toggle\"><a href=\"#\" class=\"ez-toc-pull-right ez-toc-btn ez-toc-btn-xs ez-toc-btn-default ez-toc-toggle\" aria-label=\"Toggle Table of Content\"><span class=\"ez-toc-js-icon-con\"><span class=\"\"><span class=\"eztoc-hide\" style=\"display:none;\">Toggle<\/span><span class=\"ez-toc-icon-toggle-span\"><svg style=\"fill: #999;color:#999\" xmlns=\"http:\/\/www.w3.org\/2000\/svg\" class=\"list-377408\" width=\"20px\" height=\"20px\" viewBox=\"0 0 24 24\" fill=\"none\"><path d=\"M6 6H4v2h2V6zm14 0H8v2h12V6zM4 11h2v2H4v-2zm16 0H8v2h12v-2zM4 16h2v2H4v-2zm16 0H8v2h12v-2z\" fill=\"currentColor\"><\/path><\/svg><svg style=\"fill: #999;color:#999\" class=\"arrow-unsorted-368013\" xmlns=\"http:\/\/www.w3.org\/2000\/svg\" width=\"10px\" height=\"10px\" viewBox=\"0 0 24 24\" version=\"1.2\" baseProfile=\"tiny\"><path d=\"M18.2 9.3l-6.2-6.3-6.2 6.3c-.2.2-.3.4-.3.7s.1.5.3.7c.2.2.4.3.7.3h11c.3 0 .5-.1.7-.3.2-.2.3-.5.3-.7s-.1-.5-.3-.7zM5.8 14.7l6.2 6.3 6.2-6.3c.2-.2.3-.5.3-.7s-.1-.5-.3-.7c-.2-.2-.4-.3-.7-.3h-11c-.3 0-.5.1-.7.3-.2.2-.3.5-.3.7s.1.5.3.7z\"\/><\/svg><\/span><\/span><\/span><\/a><\/span><\/div>\n<nav><ul class='ez-toc-list ez-toc-list-level-1 eztoc-toggle-hide-by-default' ><li class='ez-toc-page-1 ez-toc-heading-level-2'><a class=\"ez-toc-link ez-toc-heading-1\" href=\"https:\/\/www.tenda.com\/blog\/casa-e-decoracao\/moveis-para-apartamento-pequeno\/#E-book_com_dicas_de_moveis_para_apartamentos_pequenos\" title=\"E-book com dicas de m\u00f3veis para apartamentos pequenos\">E-book com dicas de m\u00f3veis para apartamentos pequenos<\/a><ul class='ez-toc-list-level-4' ><li class='ez-toc-heading-level-4'><ul class='ez-toc-list-level-4' ><li class='ez-toc-heading-level-4'><a class=\"ez-toc-link ez-toc-heading-2\" href=\"https:\/\/www.tenda.com\/blog\/casa-e-decoracao\/moveis-para-apartamento-pequeno\/#Baixar_e-book_com_dicas_de_moveis_pequenos\" title=\"Baixar e-book com dicas de m\u00f3veis pequenos\">Baixar e-book com dicas de m\u00f3veis pequenos<\/a><\/li><\/ul><\/li><\/ul><\/li><li class='ez-toc-page-1 ez-toc-heading-level-2'><a class=\"ez-toc-link ez-toc-heading-3\" href=\"https:\/\/www.tenda.com\/blog\/casa-e-decoracao\/moveis-para-apartamento-pequeno\/#Tenha_em_maos_as_medidas_do_seu_apartamento\" title=\"Tenha em m\u00e3os as medidas do seu apartamento\">Tenha em m\u00e3os as medidas do seu apartamento<\/a><\/li><li class='ez-toc-page-1 ez-toc-heading-level-2'><a class=\"ez-toc-link ez-toc-heading-4\" href=\"https:\/\/www.tenda.com\/blog\/casa-e-decoracao\/moveis-para-apartamento-pequeno\/#Saiba_qual_e_o_espaco_real_disponivel\" title=\"Saiba qual \u00e9 o espa\u00e7o real dispon\u00edvel\">Saiba qual \u00e9 o espa\u00e7o real dispon\u00edvel<\/a><\/li><li class='ez-toc-page-1 ez-toc-heading-level-2'><a class=\"ez-toc-link ez-toc-heading-5\" href=\"https:\/\/www.tenda.com\/blog\/casa-e-decoracao\/moveis-para-apartamento-pequeno\/#Pense_nas_escolhas_de_acordo_com_o_dia_a_dia_da_sua_familia\" title=\"Pense nas escolhas de acordo com o dia a dia da sua fam\u00edlia\">Pense nas escolhas de acordo com o dia a dia da sua fam\u00edlia<\/a><\/li><li class='ez-toc-page-1 ez-toc-heading-level-2'><a class=\"ez-toc-link ez-toc-heading-6\" href=\"https:\/\/www.tenda.com\/blog\/casa-e-decoracao\/moveis-para-apartamento-pequeno\/#Crie_espaco_integrado_no_apartamento\" title=\"Crie espa\u00e7o integrado no apartamento\">Crie espa\u00e7o integrado no apartamento<\/a><\/li><li class='ez-toc-page-1 ez-toc-heading-level-2'><a class=\"ez-toc-link ez-toc-heading-7\" href=\"https:\/\/www.tenda.com\/blog\/casa-e-decoracao\/moveis-para-apartamento-pequeno\/#Faca_testes_de_onde_ficarao_os_moveis_do_apartamento_pequeno\" title=\"Fa\u00e7a testes de onde ficar\u00e3o os m\u00f3veis do apartamento pequeno\">Fa\u00e7a testes de onde ficar\u00e3o os m\u00f3veis do apartamento pequeno<\/a><\/li><li class='ez-toc-page-1 ez-toc-heading-level-2'><a class=\"ez-toc-link ez-toc-heading-8\" href=\"https:\/\/www.tenda.com\/blog\/casa-e-decoracao\/moveis-para-apartamento-pequeno\/#Faca_uma_lista_dos_moveis_que_serao_colocados_em_cada_comodo\" title=\"Fa\u00e7a uma lista dos m\u00f3veis que ser\u00e3o colocados em cada c\u00f4modo\">Fa\u00e7a uma lista dos m\u00f3veis que ser\u00e3o colocados em cada c\u00f4modo<\/a><\/li><li class='ez-toc-page-1 ez-toc-heading-level-2'><a class=\"ez-toc-link ez-toc-heading-9\" href=\"https:\/\/www.tenda.com\/blog\/casa-e-decoracao\/moveis-para-apartamento-pequeno\/#Utilize_os_espacos_aereos\" title=\"Utilize os espa\u00e7os a\u00e9reos\">Utilize os espa\u00e7os a\u00e9reos<\/a><\/li><li class='ez-toc-page-1 ez-toc-heading-level-2'><a class=\"ez-toc-link ez-toc-heading-10\" href=\"https:\/\/www.tenda.com\/blog\/casa-e-decoracao\/moveis-para-apartamento-pequeno\/#Aposte_na_multifuncionalidade\" title=\"Aposte na multifuncionalidade\">Aposte na multifuncionalidade<\/a><ul class='ez-toc-list-level-3' ><li class='ez-toc-heading-level-3'><a class=\"ez-toc-link ez-toc-heading-11\" href=\"https:\/\/www.tenda.com\/blog\/casa-e-decoracao\/moveis-para-apartamento-pequeno\/#Moveis_multifuncionais\" title=\"M\u00f3veis multifuncionais\">M\u00f3veis multifuncionais<\/a><\/li><li class='ez-toc-page-1 ez-toc-heading-level-3'><a class=\"ez-toc-link ez-toc-heading-12\" href=\"https:\/\/www.tenda.com\/blog\/casa-e-decoracao\/moveis-para-apartamento-pequeno\/#Moveis_para_apartamentos_pequenos_com_linhas_retas\" title=\"M\u00f3veis para apartamentos pequenos com linhas retas\">M\u00f3veis para apartamentos pequenos com linhas retas<\/a><\/li><\/ul><\/li><li class='ez-toc-page-1 ez-toc-heading-level-2'><a class=\"ez-toc-link ez-toc-heading-13\" href=\"https:\/\/www.tenda.com\/blog\/casa-e-decoracao\/moveis-para-apartamento-pequeno\/#Crie_ambientes_reversiveis\" title=\"Crie ambientes revers\u00edveis\">Crie ambientes revers\u00edveis<\/a><ul class='ez-toc-list-level-3' ><li class='ez-toc-heading-level-3'><a class=\"ez-toc-link ez-toc-heading-14\" href=\"https:\/\/www.tenda.com\/blog\/casa-e-decoracao\/moveis-para-apartamento-pequeno\/#Cama_suspensa\" title=\"Cama suspensa\">Cama suspensa<\/a><\/li><\/ul><\/li><li class='ez-toc-page-1 ez-toc-heading-level-2'><a class=\"ez-toc-link ez-toc-heading-15\" href=\"https:\/\/www.tenda.com\/blog\/casa-e-decoracao\/moveis-para-apartamento-pequeno\/#Uso_da_parede\" title=\"Uso da parede\">Uso da parede<\/a><\/li><li class='ez-toc-page-1 ez-toc-heading-level-2'><a class=\"ez-toc-link ez-toc-heading-16\" href=\"https:\/\/www.tenda.com\/blog\/casa-e-decoracao\/moveis-para-apartamento-pequeno\/#Escolha_bem_as_cores\" title=\"Escolha bem as cores\">Escolha bem as cores<\/a><\/li><li class='ez-toc-page-1 ez-toc-heading-level-2'><a class=\"ez-toc-link ez-toc-heading-17\" href=\"https:\/\/www.tenda.com\/blog\/casa-e-decoracao\/moveis-para-apartamento-pequeno\/#Espelhos_o_coringa_da_decoracao\" title=\"Espelhos: o coringa da decora\u00e7\u00e3o\">Espelhos: o coringa da decora\u00e7\u00e3o<\/a><\/li><li class='ez-toc-page-1 ez-toc-heading-level-2'><a class=\"ez-toc-link ez-toc-heading-18\" href=\"https:\/\/www.tenda.com\/blog\/casa-e-decoracao\/moveis-para-apartamento-pequeno\/#Portas_de_correr\" title=\"Portas de correr\">Portas de correr<\/a><\/li><li class='ez-toc-page-1 ez-toc-heading-level-2'><a class=\"ez-toc-link ez-toc-heading-19\" href=\"https:\/\/www.tenda.com\/blog\/casa-e-decoracao\/moveis-para-apartamento-pequeno\/#Moveis_planejados_para_apartamentos_pequenos\" title=\"M\u00f3veis planejados para apartamentos pequenos\">M\u00f3veis planejados para apartamentos pequenos<\/a><ul class='ez-toc-list-level-3' ><li class='ez-toc-heading-level-3'><a class=\"ez-toc-link ez-toc-heading-20\" href=\"https:\/\/www.tenda.com\/blog\/casa-e-decoracao\/moveis-para-apartamento-pequeno\/#4_vantagens_de_ter_moveis_planejados_no_seu_apartamento\" title=\"4 vantagens de ter m\u00f3veis planejados no seu apartamento\">4 vantagens de ter m\u00f3veis planejados no seu apartamento<\/a><\/li><\/ul><\/li><li class='ez-toc-page-1 ez-toc-heading-level-2'><a class=\"ez-toc-link ez-toc-heading-21\" href=\"https:\/\/www.tenda.com\/blog\/casa-e-decoracao\/moveis-para-apartamento-pequeno\/#Moveis_para_apartamentos_pequenos\" title=\"M\u00f3veis para apartamentos pequenos\u00a0\">M\u00f3veis para apartamentos pequenos\u00a0<\/a><ul class='ez-toc-list-level-3' ><li class='ez-toc-heading-level-3'><a class=\"ez-toc-link ez-toc-heading-22\" href=\"https:\/\/www.tenda.com\/blog\/casa-e-decoracao\/moveis-para-apartamento-pequeno\/#Moveis_para_sala_de_estar_pequena\" title=\"M\u00f3veis para sala de estar pequena\">M\u00f3veis para sala de estar pequena<\/a><\/li><li class='ez-toc-page-1 ez-toc-heading-level-3'><a class=\"ez-toc-link ez-toc-heading-23\" href=\"https:\/\/www.tenda.com\/blog\/casa-e-decoracao\/moveis-para-apartamento-pequeno\/#Moveis_para_sala_de_jantar_pequena\" title=\"M\u00f3veis para sala de jantar pequena\">M\u00f3veis para sala de jantar pequena<\/a><\/li><li class='ez-toc-page-1 ez-toc-heading-level-3'><a class=\"ez-toc-link ez-toc-heading-24\" href=\"https:\/\/www.tenda.com\/blog\/casa-e-decoracao\/moveis-para-apartamento-pequeno\/#Moveis_para_cozinha_pequena\" title=\"M\u00f3veis para cozinha pequena\">M\u00f3veis para cozinha pequena<\/a><\/li><li class='ez-toc-page-1 ez-toc-heading-level-3'><a class=\"ez-toc-link ez-toc-heading-25\" href=\"https:\/\/www.tenda.com\/blog\/casa-e-decoracao\/moveis-para-apartamento-pequeno\/#Moveis_para_quarto_de_casal_pequeno\" title=\"M\u00f3veis para quarto de casal pequeno\">M\u00f3veis para quarto de casal pequeno<\/a><\/li><li class='ez-toc-page-1 ez-toc-heading-level-3'><a class=\"ez-toc-link ez-toc-heading-26\" href=\"https:\/\/www.tenda.com\/blog\/casa-e-decoracao\/moveis-para-apartamento-pequeno\/#Moveis_para_quarto_infantil_pequeno\" title=\"M\u00f3veis para quarto infantil pequeno\">M\u00f3veis para quarto infantil pequeno<\/a><\/li><li class='ez-toc-page-1 ez-toc-heading-level-3'><a class=\"ez-toc-link ez-toc-heading-27\" href=\"https:\/\/www.tenda.com\/blog\/casa-e-decoracao\/moveis-para-apartamento-pequeno\/#Moveis_para_banheiro_pequeno\" title=\"M\u00f3veis para banheiro pequeno\">M\u00f3veis para banheiro pequeno<\/a><\/li><li class='ez-toc-page-1 ez-toc-heading-level-3'><a class=\"ez-toc-link ez-toc-heading-28\" href=\"https:\/\/www.tenda.com\/blog\/casa-e-decoracao\/moveis-para-apartamento-pequeno\/#Moveis_para_lavanderia_pequena\" title=\"M\u00f3veis para lavanderia pequena\">M\u00f3veis para lavanderia pequena<\/a><\/li><li class='ez-toc-page-1 ez-toc-heading-level-3'><a class=\"ez-toc-link ez-toc-heading-29\" href=\"https:\/\/www.tenda.com\/blog\/casa-e-decoracao\/moveis-para-apartamento-pequeno\/#Moveis_para_escritorio_pequeno_ou_home-office\" title=\"M\u00f3veis para escrit\u00f3rio pequeno ou home-office\">M\u00f3veis para escrit\u00f3rio pequeno ou home-office<\/a><\/li><\/ul><\/li><li class='ez-toc-page-1 ez-toc-heading-level-2'><a class=\"ez-toc-link ez-toc-heading-30\" href=\"https:\/\/www.tenda.com\/blog\/casa-e-decoracao\/moveis-para-apartamento-pequeno\/#Dica_de_ouro_desapego_para_ter_mais_espaco_para_os_moveis_para_apartamento_pequeno\" title=\"Dica de ouro: desapego para ter mais espa\u00e7o para os m\u00f3veis para apartamento pequeno\">Dica de ouro: desapego para ter mais espa\u00e7o para os m\u00f3veis para apartamento pequeno<\/a><\/li><\/ul><\/nav><\/div>\n\n<h2><span class=\"ez-toc-section\" id=\"E-book_com_dicas_de_moveis_para_apartamentos_pequenos\"><\/span>E-book com dicas de m\u00f3veis para apartamentos pequenos<span class=\"ez-toc-section-end\"><\/span><\/h2>\n<p><img loading=\"lazy\" decoding=\"async\" class=\"alignnone size-medium wp-image-11458\" src=\"https:\/\/www.tenda.com\/blog\/wp-content\/uploads\/2022\/01\/E-book-sobre-moveis-pequenos-para-apartamento-287x300.png\" alt=\"E-book sobre m\u00f3veis pequenos para apartamento\" width=\"287\" height=\"300\" srcset=\"https:\/\/www.tenda.com\/blog\/wp-content\/uploads\/2022\/01\/E-book-sobre-moveis-pequenos-para-apartamento-287x300.png 287w, https:\/\/www.tenda.com\/blog\/wp-content\/uploads\/2022\/01\/E-book-sobre-moveis-pequenos-para-apartamento-150x157.png 150w, https:\/\/www.tenda.com\/blog\/wp-content\/uploads\/2022\/01\/E-book-sobre-moveis-pequenos-para-apartamento.png 550w\" sizes=\"(max-width: 287px) 100vw, 287px\" \/><\/p>\n<p>Em parceira com o Arquiteto de Bolso, a Construtora Tenda desenvolveu um e-book com diversas dicas para te ajudar a mobiliar e decorar o seu apartamento. \u00c9 um material completo, criado por profissionais experientes. Clique abaixo e baixe o seu.<\/p>\n<h4><span class=\"ez-toc-section\" id=\"Baixar_e-book_com_dicas_de_moveis_pequenos\"><\/span><a href=\"https:\/\/www.tenda.com\/blog\/wp-content\/uploads\/2022\/01\/E-BOOK-ARQUITETODEBOLSO_MOVEIS-PEQUENOS_COMO-ESCOLHER_TENDA.pdf\">Baixar e-book com dicas de m\u00f3veis pequenos<\/a><span class=\"ez-toc-section-end\"><\/span><\/h4>\n<p>E se voc\u00ea n\u00e3o conseguiu acompanhar ao vivo a nossa live com o time do Arquiteto de Bolso, vamos deixar o v\u00eddeo completo para voc\u00ea.<\/p>\n<p><iframe loading=\"lazy\" title=\"M\u00f3veis para apartamento pequeno: como escolher?\" width=\"500\" height=\"281\" src=\"https:\/\/www.youtube.com\/embed\/DOKaZuDKeHM?feature=oembed\" frameborder=\"0\" allow=\"accelerometer; autoplay; clipboard-write; encrypted-media; gyroscope; picture-in-picture; web-share\" referrerpolicy=\"strict-origin-when-cross-origin\" allowfullscreen><\/iframe><\/p>\n<h2><span class=\"ez-toc-section\" id=\"Tenha_em_maos_as_medidas_do_seu_apartamento\"><\/span>Tenha em m\u00e3os as medidas do seu apartamento<span class=\"ez-toc-section-end\"><\/span><\/h2>\n<p><img loading=\"lazy\" decoding=\"async\" class=\"alignleft wp-image-10169 size-full\" src=\"https:\/\/www.tenda.com\/blog\/wp-content\/uploads\/2022\/01\/planta-apartamento.jpg\" alt=\"Foto de medidas de planta de apartamento | Im\u00f3vel compacto | Blog da Tenda\" width=\"800\" height=\"518\" srcset=\"https:\/\/www.tenda.com\/blog\/wp-content\/uploads\/2022\/01\/planta-apartamento.jpg 800w, https:\/\/www.tenda.com\/blog\/wp-content\/uploads\/2022\/01\/planta-apartamento-300x194.jpg 300w, https:\/\/www.tenda.com\/blog\/wp-content\/uploads\/2022\/01\/planta-apartamento-768x497.jpg 768w, https:\/\/www.tenda.com\/blog\/wp-content\/uploads\/2022\/01\/planta-apartamento-150x97.jpg 150w\" sizes=\"(max-width: 800px) 100vw, 800px\" \/><\/p>\n<p>O primeiro passo para escolher bem os m\u00f3veis e itens de decora\u00e7\u00e3o para apartamentos pequenos \u00e9 ter as medidas da planta. Isso porque, \u00e9 muito frustrante comprar um m\u00f3vel e descobrir que a pe\u00e7a n\u00e3o cabe no apartamento. Ent\u00e3o, para evitar esse tipo de problema, medir cada parte da sua resid\u00eancia \u00e9 fundamental antes de comprar a mob\u00edlia e as pe\u00e7as decorativas.<\/p>\n<p>Al\u00e9m disso, cada cent\u00edmetro aproveitado \u00e9 importante para n\u00e3o afetar na circula\u00e7\u00e3o e decora\u00e7\u00e3o do lugar. Logo, procure medir a altura e a largura de cada parede. N\u00e3o se esque\u00e7a tamb\u00e9m de medir a dist\u00e2ncia do teto at\u00e9 o ch\u00e3o e as lacunas entre cada c\u00f4modo. Assim, voc\u00ea conseguir\u00e1 comprar os m\u00f3veis ideais com o tamanho adequado para cada c\u00f4modo.<\/p>\n<h2><span class=\"ez-toc-section\" id=\"Saiba_qual_e_o_espaco_real_disponivel\"><\/span>Saiba qual \u00e9 o espa\u00e7o real dispon\u00edvel<span class=\"ez-toc-section-end\"><\/span><\/h2>\n<p><img loading=\"lazy\" decoding=\"async\" class=\"alignleft wp-image-10172 size-full\" src=\"https:\/\/www.tenda.com\/blog\/wp-content\/uploads\/2022\/01\/casal-medindo-espaco.jpg\" alt=\"Foto de um casal medindo o espa\u00e7o dos m\u00f3veis | Decora\u00e7\u00e3o para espa\u00e7os reduzidos | Blog da Tenda\" width=\"800\" height=\"533\" srcset=\"https:\/\/www.tenda.com\/blog\/wp-content\/uploads\/2022\/01\/casal-medindo-espaco.jpg 800w, https:\/\/www.tenda.com\/blog\/wp-content\/uploads\/2022\/01\/casal-medindo-espaco-300x200.jpg 300w, https:\/\/www.tenda.com\/blog\/wp-content\/uploads\/2022\/01\/casal-medindo-espaco-768x512.jpg 768w, https:\/\/www.tenda.com\/blog\/wp-content\/uploads\/2022\/01\/casal-medindo-espaco-150x100.jpg 150w\" sizes=\"(max-width: 800px) 100vw, 800px\" \/><\/p>\n<p>A princ\u00edpio, para escolher bem os m\u00f3veis para um <a href=\"https:\/\/www.tenda.com\/blog\/casa-e-decoracao\/18-dicas-incriveis-de-decoracao-de-apartamentos-pequenos\/\">apartamento pequeno<\/a> \u00e9 preciso saber qual \u00e9 a \u00e1rea que tem dispon\u00edvel. Por exemplo, se o seu im\u00f3vel tem 45m\u00b2, n\u00e3o adianta pensar em fazer uma decora\u00e7\u00e3o baseada numa casa que seja o dobro desse tamanho.<\/p>\n<p>Vale ressaltar que escolher os m\u00f3veis errados para sua casa pode comprometer a circula\u00e7\u00e3o. Al\u00e9m disso, voc\u00ea pode criar uma casa &#8220;Frankstein&#8221;, cada c\u00f4modo de um jeito sem harmonia na decora\u00e7\u00e3o. Lembre-se, o mais importante \u00e9 criar uma ambienta\u00e7\u00e3o adequada para voc\u00ea e sua fam\u00edlia.<\/p>\n<h2><span class=\"ez-toc-section\" id=\"Pense_nas_escolhas_de_acordo_com_o_dia_a_dia_da_sua_familia\"><\/span>Pense nas escolhas de acordo com o dia a dia da sua fam\u00edlia<span class=\"ez-toc-section-end\"><\/span><\/h2>\n<p><img loading=\"lazy\" decoding=\"async\" class=\"alignleft wp-image-10239 size-full\" src=\"https:\/\/www.tenda.com\/blog\/wp-content\/uploads\/2022\/01\/familia-afrodescendente.jpg\" alt=\"Foto de uma fam\u00edlia afrodescendente se divertindo na sala | Decora\u00e7\u00e3o para espa\u00e7os enxutos | Blog da Tenda\" width=\"800\" height=\"533\" srcset=\"https:\/\/www.tenda.com\/blog\/wp-content\/uploads\/2022\/01\/familia-afrodescendente.jpg 800w, https:\/\/www.tenda.com\/blog\/wp-content\/uploads\/2022\/01\/familia-afrodescendente-300x200.jpg 300w, https:\/\/www.tenda.com\/blog\/wp-content\/uploads\/2022\/01\/familia-afrodescendente-768x512.jpg 768w, https:\/\/www.tenda.com\/blog\/wp-content\/uploads\/2022\/01\/familia-afrodescendente-150x100.jpg 150w\" sizes=\"(max-width: 800px) 100vw, 800px\" \/><\/p>\n<p>&nbsp;<\/p>\n<p>O dia a dia de cada fam\u00edlia varia, porque cada uma tem sua rotina. Existem fam\u00edlias com crian\u00e7a, sem crian\u00e7a, com pets, pessoas que moram sozinhas, enfim s\u00e3o diversos formatos familiares. Contudo, esses pontos precisam ser avaliados na hora de escolher o mobili\u00e1rio.<\/p>\n<p>Ao eleger os m\u00f3veis do seu apartamento pequeno, leve em considera\u00e7\u00e3o o dia a dia da sua fam\u00edlia. Principalmente se a casa possui crian\u00e7as, porque, \u00e9 preciso ter certos cuidados com rela\u00e7\u00e3o \u00e0 seguran\u00e7a. Saiba que n\u00e3o adianta ter m\u00f3veis bonitos, se n\u00e3o forem seguros.<\/p>\n<p>Outro ponto a ser levado em conta \u00e9 o comportamento das pessoas da sua casa. Analise se \u00e9 preciso ter determinados m\u00f3veis que, de fato, ser\u00e3o utilizados com frequ\u00eancia pelos moradores. Por exemplo: sua fam\u00edlia costuma beber socialmente todos os dias? Ser\u00e1 preciso ter um bar no seu apartamento? Ou ser\u00e1 necess\u00e1rio ter um rack na sala de estar?<\/p>\n<p>Al\u00e9m disso, ao escolher os m\u00f3veis, verifique se n\u00e3o h\u00e1 nenhum comprometimento da \u00e1rea, como uma mesa de jantar gigante ou um sof\u00e1 enorme, etc. Sobretudo, o mais importante nos locais pequenos \u00e9 a proporcionalidade e funcionalidade que os m\u00f3veis v\u00e3o oferecer para sua fam\u00edlia no dia a dia.<\/p>\n<h2 class=\"has-text-color\"><span class=\"ez-toc-section\" id=\"Crie_espaco_integrado_no_apartamento\"><\/span><span class=\"has-inline-color has-very-dark-gray-color\">Crie espa\u00e7o integrado no apartamento<\/span><span class=\"ez-toc-section-end\"><\/span><\/h2>\n<p><img loading=\"lazy\" decoding=\"async\" class=\"alignleft wp-image-10240 size-full\" src=\"https:\/\/www.tenda.com\/blog\/wp-content\/uploads\/2022\/01\/sala-estar-jantar-compacta.jpg\" alt=\"Foto de um apartamento pequeno por dentro | Como decorar um espa\u00e7o enxuto | Blog da Tenda\" width=\"800\" height=\"800\" srcset=\"https:\/\/www.tenda.com\/blog\/wp-content\/uploads\/2022\/01\/sala-estar-jantar-compacta.jpg 800w, https:\/\/www.tenda.com\/blog\/wp-content\/uploads\/2022\/01\/sala-estar-jantar-compacta-300x300.jpg 300w, https:\/\/www.tenda.com\/blog\/wp-content\/uploads\/2022\/01\/sala-estar-jantar-compacta-150x150.jpg 150w, https:\/\/www.tenda.com\/blog\/wp-content\/uploads\/2022\/01\/sala-estar-jantar-compacta-768x768.jpg 768w, https:\/\/www.tenda.com\/blog\/wp-content\/uploads\/2022\/01\/sala-estar-jantar-compacta-380x380.jpg 380w, https:\/\/www.tenda.com\/blog\/wp-content\/uploads\/2022\/01\/sala-estar-jantar-compacta-96x96.jpg 96w\" sizes=\"(max-width: 800px) 100vw, 800px\" \/><\/p>\n<p>&nbsp;<\/p>\n<p>Dividir os c\u00f4modos \u00e9 coisa do passado! Mas cuidado, n\u00e3o \u00e9 seguro sair derrubando as paredes do seu apartamento, pois alguma pode ser a sustenta\u00e7\u00e3o do edif\u00edcio. Caso voc\u00ea queira fazer alguma reforma maior, n\u00e3o se esque\u00e7a de solicitar as autoriza\u00e7\u00f5es necess\u00e1rias e contratar profissionais da \u00e1rea, engenheiros e arquitetos.<\/p>\n<p>Uma solu\u00e7\u00e3o bacana \u00e9 aproveitar bem os espa\u00e7os. Para isso, escolha m\u00f3veis que proporcionem uma din\u00e2mica entre a sala de estar e sala de jantar, e at\u00e9 mesmo com a cozinha.<\/p>\n<p>Procure itens mais compactos, pr\u00e1ticos e confort\u00e1veis. Escolha m\u00f3veis que unifiquem os ambientes, al\u00e9m de permitir acomodar mais pessoas no c\u00f4modo. A op\u00e7\u00e3o \u00e9 ter uma mob\u00edlia que integre a sala de estar com a sala de jantar, ou at\u00e9 mesmo ter o home office no quarto, entre outros.<\/p>\n<p>Outro ponto importante, analise se cada m\u00f3vel est\u00e1 cumprindo com seu papel dentro da casa. Por isso, posicione cada mob\u00edlia de maneira estrat\u00e9gica para criar ambientes diferentes no mesmo local.<\/p>\n<p>Ent\u00e3o, opte por m\u00f3veis que sejam multiuso, os famosos 2 em 1. Um exemplo claro s\u00e3o os pufes e ba\u00fas, que podem ser utilizados como mais um assento na mesa de jantar ou acomodar mais uma pessoa na sala de estar. Al\u00e9m disso, voc\u00ea pode guardar o que precisar nos ba\u00fas.<\/p>\n<h2><span class=\"ez-toc-section\" id=\"Faca_testes_de_onde_ficarao_os_moveis_do_apartamento_pequeno\"><\/span>Fa\u00e7a testes de onde ficar\u00e3o os m\u00f3veis do apartamento pequeno<span class=\"ez-toc-section-end\"><\/span><\/h2>\n<p>Antes de sair comprando todos os m\u00f3veis que te agradam, fa\u00e7a testes antes de ir \u00e0s compras. A dica \u00e9 usar jornais ou fitas adesivas para simular o tamanho dos m\u00f3veis nos locais definidos. Assim, voc\u00ea ter\u00e1 uma vis\u00e3o mais clara de como ficar\u00e1 acomodado o m\u00f3vel naquele c\u00f4modo.<\/p>\n<h2><span class=\"ez-toc-section\" id=\"Faca_uma_lista_dos_moveis_que_serao_colocados_em_cada_comodo\"><\/span>Fa\u00e7a uma lista dos m\u00f3veis que ser\u00e3o colocados em cada c\u00f4modo<span class=\"ez-toc-section-end\"><\/span><\/h2>\n<p><img loading=\"lazy\" decoding=\"async\" class=\"alignleft wp-image-10174 size-full\" src=\"https:\/\/www.tenda.com\/blog\/wp-content\/uploads\/2022\/01\/checklist.jpg\" alt=\"Foto de um checklist, de uma lista | Espa\u00e7os compactos | Blog da Tenda\" width=\"800\" height=\"533\" srcset=\"https:\/\/www.tenda.com\/blog\/wp-content\/uploads\/2022\/01\/checklist.jpg 800w, https:\/\/www.tenda.com\/blog\/wp-content\/uploads\/2022\/01\/checklist-300x200.jpg 300w, https:\/\/www.tenda.com\/blog\/wp-content\/uploads\/2022\/01\/checklist-768x512.jpg 768w, https:\/\/www.tenda.com\/blog\/wp-content\/uploads\/2022\/01\/checklist-150x100.jpg 150w\" sizes=\"(max-width: 800px) 100vw, 800px\" \/><\/p>\n<p>Ap\u00f3s descobrir qual espa\u00e7o dispon\u00edvel, comece a listar os m\u00f3veis maiores e fundamentais como: sof\u00e1, cama, guarda-roupa, arm\u00e1rios, etc.<\/p>\n<p>Depois disso, pense nas pe\u00e7as complementares, os itens e acess\u00f3rios de decora\u00e7\u00e3o, como: espelhos, quadros, prateleiras, nichos, etc. Assim, fica mais f\u00e1cil voc\u00ea definir as prioridades e o que usar nos lugares que sobrarem. Por fim, n\u00e3o se esque\u00e7a de considerar os locais de circula\u00e7\u00e3o.<\/p>\n<h2><span class=\"ez-toc-section\" id=\"Utilize_os_espacos_aereos\"><\/span>Utilize os espa\u00e7os a\u00e9reos<span class=\"ez-toc-section-end\"><\/span><\/h2>\n<p><img loading=\"lazy\" decoding=\"async\" class=\"alignleft wp-image-10241 size-full\" src=\"https:\/\/www.tenda.com\/blog\/wp-content\/uploads\/2022\/01\/cozinha-pequena.jpg\" alt=\"Foto de uma cozinha pequena branca | Decora\u00e7\u00e3o para im\u00f3vel reduzidos | Blog da Tenda\" width=\"800\" height=\"533\" srcset=\"https:\/\/www.tenda.com\/blog\/wp-content\/uploads\/2022\/01\/cozinha-pequena.jpg 800w, https:\/\/www.tenda.com\/blog\/wp-content\/uploads\/2022\/01\/cozinha-pequena-300x200.jpg 300w, https:\/\/www.tenda.com\/blog\/wp-content\/uploads\/2022\/01\/cozinha-pequena-768x512.jpg 768w, https:\/\/www.tenda.com\/blog\/wp-content\/uploads\/2022\/01\/cozinha-pequena-150x100.jpg 150w\" sizes=\"(max-width: 800px) 100vw, 800px\" \/><\/p>\n<p>&nbsp;<\/p>\n<p>\u00c9 preciso ter muito jogo de cintura para tornar funcional um apartamento pequeno. Para isso, ocupe ao m\u00e1ximo as regi\u00f5es superiores dos ambientes, como: arm\u00e1rios, prateleiras, ganchos, suporte e nichos. Lembre-se que para ter um local funcional, a organiza\u00e7\u00e3o \u00e9 fundamental.<\/p>\n<p>Ent\u00e3o, para deixar tudo em ordem, utilize caixas organizadoras e cestos. Al\u00e9m de acomodarem bem tudo o que voc\u00ea precisa guardar, d\u00e3o um toque de personalidade ao local. Eles s\u00e3o \u00f3timos para arrumar as lou\u00e7as na cozinha, livros, toalhas, cobertas, produtos de higiene no banheiro, materiais de limpeza na lavanderia, etc.<\/p>\n<h2><span class=\"ez-toc-section\" id=\"Aposte_na_multifuncionalidade\"><\/span>Aposte na multifuncionalidade<span class=\"ez-toc-section-end\"><\/span><\/h2>\n<p><img loading=\"lazy\" decoding=\"async\" class=\"alignleft wp-image-10242 size-full\" src=\"https:\/\/www.tenda.com\/blog\/wp-content\/uploads\/2022\/01\/sala-estar-compacta.jpg\" alt=\"Foto de dentro de um apartamento pequeno | Como decorar im\u00f3vel compacto | Blog da Tenda\" width=\"800\" height=\"534\" srcset=\"https:\/\/www.tenda.com\/blog\/wp-content\/uploads\/2022\/01\/sala-estar-compacta.jpg 800w, https:\/\/www.tenda.com\/blog\/wp-content\/uploads\/2022\/01\/sala-estar-compacta-300x200.jpg 300w, https:\/\/www.tenda.com\/blog\/wp-content\/uploads\/2022\/01\/sala-estar-compacta-768x513.jpg 768w, https:\/\/www.tenda.com\/blog\/wp-content\/uploads\/2022\/01\/sala-estar-compacta-150x100.jpg 150w\" sizes=\"(max-width: 800px) 100vw, 800px\" \/><\/p>\n<p>&nbsp;<\/p>\n<p>A multifuncionalidade dos m\u00f3veis \u00e9 essencial para que ambientes pequenos se tornem pr\u00e1ticos. Um espa\u00e7o enxuto tem que ser multifuncional e privilegiar os locais que voc\u00ea e sua fam\u00edlia mais utilizam. N\u00e3o adianta investir muito nos quartos, sendo que voc\u00ea e sua fam\u00edlia ficam 90% do tempo na sala de estar e cozinha, por exemplo.<\/p>\n<p>Al\u00e9m disso, aproveite os m\u00f3veis que desempenham mais de uma fun\u00e7\u00e3o e integrem ao m\u00e1ximo os recintos. S\u00f3 para ilustrar, um banco serve como assento na sala de jantar ou para as pessoas integrarem na sala de TV. J\u00e1 os pufes podem ficar debaixo da rack ou nicho de TV, outra hora eles acrescentam mais lugares \u00e0 mesa de jantar.<\/p>\n<p>Assim, ao dar mais de uma fun\u00e7\u00e3o ao mesmo m\u00f3vel, diminui a quantidade de pe\u00e7as no c\u00f4modo, proporcionando mais leveza e espa\u00e7o livre para circula\u00e7\u00e3o. Por fim, o mais importante \u00e9 conseguir extrair todas as possibilidades de ter ambientes multifuncionais no seu apartamento pequeno.<\/p>\n<h3><span class=\"ez-toc-section\" id=\"Moveis_multifuncionais\"><\/span>M\u00f3veis multifuncionais<span class=\"ez-toc-section-end\"><\/span><\/h3>\n<p><img loading=\"lazy\" decoding=\"async\" class=\"alignleft wp-image-10177 size-full\" src=\"https:\/\/www.tenda.com\/blog\/wp-content\/uploads\/2022\/01\/sofa-cama.jpg\" alt=\"Foto de um sof\u00e1-cama aberto | Mobile um im\u00f3vel com espa\u00e7o reduzido | Blog da Tenda\" width=\"800\" height=\"533\" srcset=\"https:\/\/www.tenda.com\/blog\/wp-content\/uploads\/2022\/01\/sofa-cama.jpg 800w, https:\/\/www.tenda.com\/blog\/wp-content\/uploads\/2022\/01\/sofa-cama-300x200.jpg 300w, https:\/\/www.tenda.com\/blog\/wp-content\/uploads\/2022\/01\/sofa-cama-768x512.jpg 768w, https:\/\/www.tenda.com\/blog\/wp-content\/uploads\/2022\/01\/sofa-cama-150x100.jpg 150w\" sizes=\"(max-width: 800px) 100vw, 800px\" \/><\/p>\n<p>Conhecidos como m\u00f3veis dois em um, a mob\u00edlia multifuncional \u00e9 essencial para locais menores. Alguns exemplos de m\u00f3veis multifuncionais s\u00e3o: ba\u00fas que viram mesinhas, banquinhos que se transformam em mesas laterais, poltronas da sala de estar que se tornam mais assentos na mesa de jantar. Al\u00e9m desses, o sof\u00e1-cama que pode ser montado e desmontado de acordo com a necessidade, cama box ba\u00fa, estantes com painel de TV girat\u00f3ria que permitem que o aparelho atenda mais ambientes, entre outros.<\/p>\n<p>Tamb\u00e9m, n\u00e3o podemos esquecer dos m\u00f3veis dobr\u00e1veis ou retr\u00e1teis que s\u00e3o uma excelente alternativa para otimizar o espa\u00e7o do seu apartamento pequeno.<\/p>\n<h3><span class=\"ez-toc-section\" id=\"Moveis_para_apartamentos_pequenos_com_linhas_retas\"><\/span>M\u00f3veis para apartamentos pequenos com linhas retas<span class=\"ez-toc-section-end\"><\/span><\/h3>\n<p>Os m\u00f3veis com linhas retas s\u00e3o ideais para apartamentos pequenos. Pois, eles oferecem uma sensa\u00e7\u00e3o de continuidade e amplitude. Al\u00e9m disso, o design mais retil\u00edneo funciona melhor, porque oferece o encaixe perfeito de outros itens e facilita a locomo\u00e7\u00e3o dentro do ambiente.<\/p>\n<p><iframe loading=\"lazy\" src=\"https:\/\/giphy.com\/embed\/3oEduY9vzp0VSk0xQA\" width=\"480\" height=\"320\" frameborder=\"0\"><\/iframe><\/p>\n<h2><span class=\"ez-toc-section\" id=\"Crie_ambientes_reversiveis\"><\/span>Crie ambientes revers\u00edveis<span class=\"ez-toc-section-end\"><\/span><\/h2>\n<p>Em apartamentos compactos, a melhor estrat\u00e9gia \u00e9 explorar ao m\u00e1ximo os m\u00f3veis multifuncionais para criar ambientes revers\u00edveis. A dica \u00e9 apostar em m\u00f3veis dobr\u00e1veis ou retr\u00e1teis, que se adaptam \u00e0s necessidades do momento. Eles podem transformar uma sala em quarto, ou quarto em home-office rapidamente.<\/p>\n<p>Um bom exemplo \u00e9 o sof\u00e1-cama, perfeito para locais pequenos. Quando o m\u00f3vel est\u00e1 fechado, d\u00e1 o toque perfeito para sala de estar. Quando aberto, ele transforma o local em dormit\u00f3rio. Al\u00e9m disso, quando voc\u00ea n\u00e3o tem mais quartos dispon\u00edveis para receber visitas e h\u00f3spedes, um sof\u00e1-cama confort\u00e1vel vai acomodar bem qualquer um.<\/p>\n<p>Al\u00e9m do sof\u00e1-cama, a cama retr\u00e1til \u00e9 uma excelente op\u00e7\u00e3o para \u00e1reas menores. Por exemplo, caso voc\u00ea tenha um home office no seu quarto, a cama dobr\u00e1vel pode servir como assento. E quando necess\u00e1rio, ao desdobr\u00e1-la, \u00e9 poss\u00edvel utiliz\u00e1-la como mesa ou aparador. Incr\u00edvel, n\u00e3o \u00e9 mesmo?<\/p>\n<h3 class=\"has-text-color\"><span class=\"ez-toc-section\" id=\"Cama_suspensa\"><\/span><span class=\"has-inline-color has-very-dark-gray-color\">Cama suspensa<\/span><span class=\"ez-toc-section-end\"><\/span><\/h3>\n<p>A cama suspensa \u00e9 ideal para decorar ambientes pequenos. Na parte superior, onde fica a cama, voc\u00ea pode descansar tranquilamente. J\u00e1 na parte debaixo, voc\u00ea ganha local extra para criar um home office ou uma \u00e1rea de brincadeiras para as crian\u00e7as. S\u00e3o diversas possibilidades para usar uma \u00e1rea de estar de forma inteligente, pr\u00e1tica e confort\u00e1vel.<\/p>\n<h2><span class=\"ez-toc-section\" id=\"Uso_da_parede\"><\/span>Uso da parede<span class=\"ez-toc-section-end\"><\/span><\/h2>\n<p><img loading=\"lazy\" decoding=\"async\" class=\"alignleft wp-image-10178 size-full\" src=\"https:\/\/www.tenda.com\/blog\/wp-content\/uploads\/2022\/01\/prateleiras-quarto-infantil.jpg\" alt=\"Foto de quarto infantil com prateleira e cama | Mob\u00edlia ideal para im\u00f3veis compactos | Blog da Tenda\" width=\"800\" height=\"533\" srcset=\"https:\/\/www.tenda.com\/blog\/wp-content\/uploads\/2022\/01\/prateleiras-quarto-infantil.jpg 800w, https:\/\/www.tenda.com\/blog\/wp-content\/uploads\/2022\/01\/prateleiras-quarto-infantil-300x200.jpg 300w, https:\/\/www.tenda.com\/blog\/wp-content\/uploads\/2022\/01\/prateleiras-quarto-infantil-768x512.jpg 768w, https:\/\/www.tenda.com\/blog\/wp-content\/uploads\/2022\/01\/prateleiras-quarto-infantil-150x100.jpg 150w\" sizes=\"(max-width: 800px) 100vw, 800px\" \/><\/p>\n<p>As paredes s\u00e3o grandes aliadas para compor uma decora\u00e7\u00e3o funcional em apartamentos pequenos. Elas podem substituir divis\u00f3rias e estantes. Al\u00e9m disso, delimitam c\u00f4modos, decoram e tamb\u00e9m ganham a fun\u00e7\u00e3o de armazenamento. Por fim, os arm\u00e1rios e m\u00f3veis suspensos nas paredes liberam mais locais de circula\u00e7\u00e3o e proporcionam leveza ao ambiente.<\/p>\n<h2><span class=\"ez-toc-section\" id=\"Escolha_bem_as_cores\"><\/span>Escolha bem as cores<span class=\"ez-toc-section-end\"><\/span><\/h2>\n<p>A <a href=\"https:\/\/www.tenda.com\/blog\/casa-e-decoracao\/psicologia-das-cores\/\">escolha das cores<\/a> \u00e9 muito importante para criar um ambiente amplo e aconchegante. Se voc\u00ea quer dar uma sensa\u00e7\u00e3o de amplitude no seu apartamento pequeno, utilize m\u00f3veis com cores claras e neutras para deixar o local mais leve. Agora, para dar o toque de personalidade \u00e0 sua casa, invista em cores mais vibrantes nos itens de decora\u00e7\u00e3o, como: almofadas, roupas de cama, objetos decorativos, quadros, colchas, cortinas, etc. Aposte tamb\u00e9m em m\u00f3veis com cores claras, que proporcionam um lugar leve e amplo.<\/p>\n<h2><span class=\"ez-toc-section\" id=\"Espelhos_o_coringa_da_decoracao\"><\/span>Espelhos: o coringa da decora\u00e7\u00e3o<span class=\"ez-toc-section-end\"><\/span><\/h2>\n<p><img loading=\"lazy\" decoding=\"async\" class=\"alignleft wp-image-10243 size-full\" src=\"https:\/\/www.tenda.com\/blog\/wp-content\/uploads\/2022\/01\/sala-estar-jantar.jpg\" alt=\"Foto de sala de estar e cozinha de apartamento pequeno com espelho na parede | Itens para im\u00f3vel compacto | Blog da Tenda\" width=\"800\" height=\"533\" srcset=\"https:\/\/www.tenda.com\/blog\/wp-content\/uploads\/2022\/01\/sala-estar-jantar.jpg 800w, https:\/\/www.tenda.com\/blog\/wp-content\/uploads\/2022\/01\/sala-estar-jantar-300x200.jpg 300w, https:\/\/www.tenda.com\/blog\/wp-content\/uploads\/2022\/01\/sala-estar-jantar-768x512.jpg 768w, https:\/\/www.tenda.com\/blog\/wp-content\/uploads\/2022\/01\/sala-estar-jantar-150x100.jpg 150w\" sizes=\"(max-width: 800px) 100vw, 800px\" \/><\/p>\n<p>&nbsp;<\/p>\n<p>Os espelhos s\u00e3o uma das pe\u00e7as mais coringas para a decora\u00e7\u00e3o. Eles d\u00e3o aquela sensa\u00e7\u00e3o de que o local \u00e9 mais amplo e mais profundidade. Al\u00e9m disso, os espelhos refletem a ilumina\u00e7\u00e3o, distribui a luminosidade e tornam mais leves e claros os ambientes escuros.<\/p>\n<p>A dica \u00e9 utilizar <span class=\"NormalTextRun SCXW230983217 BCX0\">m\u00f3veis espelhados, como mesinhas, portas de guarda-roupa ou\u00a0<\/span><span class=\"NormalTextRun SCXW230983217 BCX0\">arm\u00e1rios<\/span><span class=\"NormalTextRun SCXW230983217 BCX0\">, que n\u00e3o deixam de transmitir a sensa\u00e7\u00e3o de amplitude, dependendo do tamanho e posi\u00e7\u00e3o do m\u00f3vel, claro.<\/span><span class=\"NormalTextRun SCXW230983217 BCX0\"> Lembre-se, use<\/span> com modera\u00e7\u00e3o os espelhos em pontos estrat\u00e9gicos do c\u00f4modo, como: entrada do apartamento, corredores e na parede atr\u00e1s do sof\u00e1. Saiba que o excesso de espelhos pela casa pode deixar os c\u00f4modos desconfort\u00e1veis e confusos.<\/p>\n<h2><span class=\"ez-toc-section\" id=\"Portas_de_correr\"><\/span>Portas de correr<span class=\"ez-toc-section-end\"><\/span><\/h2>\n<p><img loading=\"lazy\" decoding=\"async\" class=\"alignleft wp-image-10180 size-full\" src=\"https:\/\/www.tenda.com\/blog\/wp-content\/uploads\/2022\/01\/porta-de-correr.png\" alt=\"Foto de uma porta de correr branca | Como escolher m\u00f3veis para im\u00f3vel compacto | Blog da Tenda\" width=\"800\" height=\"533\" srcset=\"https:\/\/www.tenda.com\/blog\/wp-content\/uploads\/2022\/01\/porta-de-correr.png 800w, https:\/\/www.tenda.com\/blog\/wp-content\/uploads\/2022\/01\/porta-de-correr-300x200.png 300w, https:\/\/www.tenda.com\/blog\/wp-content\/uploads\/2022\/01\/porta-de-correr-768x512.png 768w, https:\/\/www.tenda.com\/blog\/wp-content\/uploads\/2022\/01\/porta-de-correr-150x100.png 150w\" sizes=\"(max-width: 800px) 100vw, 800px\" \/><\/p>\n<p>As novas queridinhas da decora\u00e7\u00e3o, as portas de correr s\u00e3o \u00f3timas apostas para banheiros e quartos. Elas garantem a separa\u00e7\u00e3o eficaz dos c\u00f4modos, sem ocupar o espa\u00e7o que uma porta convencional consome. Al\u00e9m disso, invista tamb\u00e9m em portas de correr nos arm\u00e1rios, pois otimizam ainda mais a circula\u00e7\u00e3o do ambiente.<\/p>\n<h2><span class=\"ez-toc-section\" id=\"Moveis_planejados_para_apartamentos_pequenos\"><\/span>M\u00f3veis planejados para apartamentos pequenos<span class=\"ez-toc-section-end\"><\/span><\/h2>\n<p><img loading=\"lazy\" decoding=\"async\" class=\"alignleft wp-image-10244 size-full\" src=\"https:\/\/www.tenda.com\/blog\/wp-content\/uploads\/2022\/01\/sala-jantar.jpg\" alt=\"Foto de uma cozinha e sala de jantar com m\u00f3veis planejados em apartamento pequeno | A mob\u00edlia ideal para im\u00f3vel compacto | Blog da Tenda\" width=\"800\" height=\"534\" srcset=\"https:\/\/www.tenda.com\/blog\/wp-content\/uploads\/2022\/01\/sala-jantar.jpg 800w, https:\/\/www.tenda.com\/blog\/wp-content\/uploads\/2022\/01\/sala-jantar-300x200.jpg 300w, https:\/\/www.tenda.com\/blog\/wp-content\/uploads\/2022\/01\/sala-jantar-768x513.jpg 768w, https:\/\/www.tenda.com\/blog\/wp-content\/uploads\/2022\/01\/sala-jantar-150x100.jpg 150w\" sizes=\"(max-width: 800px) 100vw, 800px\" \/><\/p>\n<p>&nbsp;<\/p>\n<p>A mob\u00edlia planejada \u00e9 uma das melhores solu\u00e7\u00f5es para a decora\u00e7\u00e3o de um apartamento pequeno. Os projetos garantem o melhor aproveitamento da \u00e1rea dispon\u00edvel no c\u00f4modo, respeitando todas as caracter\u00edsticas do lugar em que ser\u00e1 instalado os m\u00f3veis.<\/p>\n<p>Normalmente, m\u00f3veis planejados costumam ser mais caros que os convencionais. Contudo, vale a pena ter cada canto aproveitado ao m\u00e1ximo no seu apartamento pequeno. Al\u00e9m disso, garante um ambiente mais organizado e funcional. E mais, os projetos aproveitam bem at\u00e9 as paredes e liberam mais locais para a circula\u00e7\u00e3o.<\/p>\n<p>Sobretudo, avalie seu or\u00e7amento e se puder invista em m\u00f3veis feito sob medida. Pesquise as empresas que fazem marcenaria planejada, analise o custo-benef\u00edcio e fa\u00e7a esse investimento.<\/p>\n<h3><span class=\"ez-toc-section\" id=\"4_vantagens_de_ter_moveis_planejados_no_seu_apartamento\"><\/span>4 vantagens de ter m\u00f3veis planejados no seu apartamento<span class=\"ez-toc-section-end\"><\/span><\/h3>\n<p>Uma alternativa para decorar e mobiliar um apartamento pequeno \u00e9 investir em m\u00f3veis planejados. \u00c9 <span class=\"TextRun SCXW167522436 BCX0\" lang=\"PT-BR\" xml:lang=\"PT-BR\" data-contrast=\"auto\"><span class=\"NormalTextRun SCXW167522436 BCX0\">uma boa oportunidade de utilizar o mesmo material na casa toda, a<\/span><\/span>l\u00e9m de garantir um visual bacana para sua resid\u00eancia. Confira, a seguir, as vantagens de investir em marcenaria planejada para seu apartamento:<\/p>\n<ul>\n<li><strong>Organiza\u00e7\u00e3o: <\/strong>os m\u00f3veis planejados s\u00e3o um projeto personalizado de acordo com as suas necessidades. Eles permitem organizar tudo o que quiser da melhor forma poss\u00edvel, aproveitando cada cantinho do apartamento!<\/li>\n<li><strong>Sofistica\u00e7\u00e3o: <\/strong>m\u00f3veis planejados contam com acabamentos de primeira, quando feitos por bons\u00a0 profissionais. Assim, eles se tornam parte da decora\u00e7\u00e3o da casa e valorizam o im\u00f3vel!<\/li>\n<li><b>Custo-benef\u00edcio: <\/b>mesmo que inicialmente o investimento seja alto, os m\u00f3veis planejados acompanham os moradores do apartamento por um bom tempo.<\/li>\n<li><strong>Resist\u00eancia:<\/strong> de acordo com as fun\u00e7\u00f5es de cada m\u00f3vel, \u00e9 poss\u00edvel escolher o tipo de material que ser\u00e1 usado para cada tarefa. Assim, os m\u00f3veis planejados\u00a0 s\u00e3o feitos para suportar eletrodom\u00e9sticos pesados como cooktops, fornos embutidos, etc.<\/li>\n<\/ul>\n<p>Na sequ\u00eancia, confira como a nossa cliente Daiane decorou todo o seu apartamento Tenda com estilo e muita personalidade dos m\u00f3veis planejados.<\/p>\n<p><iframe loading=\"lazy\" title=\"Tour pelo apartamento Tenda | Se surpreenda com a decora\u00e7\u00e3o moderna e aconchegante da Daiane\" width=\"500\" height=\"281\" src=\"https:\/\/www.youtube.com\/embed\/UFOJgDtScxk?feature=oembed\" frameborder=\"0\" allow=\"accelerometer; autoplay; clipboard-write; encrypted-media; gyroscope; picture-in-picture; web-share\" referrerpolicy=\"strict-origin-when-cross-origin\" allowfullscreen><\/iframe><\/p>\n<h2 class=\"p4\"><span class=\"ez-toc-section\" id=\"Moveis_para_apartamentos_pequenos\"><\/span><span class=\"s1\">M\u00f3veis para apartamentos pequenos\u00a0<\/span><span class=\"ez-toc-section-end\"><\/span><\/h2>\n<p>Escolher os m\u00f3veis e itens de decora\u00e7\u00e3o para im\u00f3veis pequenos \u00e9 um desafio. Por isso, cada pe\u00e7a deve ser escolhida com cuidado para aliar design e funcionalidade. A seguir, listamos os m\u00f3veis ideais para apartamentos pequenos que garantem os ambientes multifuncionais e pr\u00e1ticos.<\/p>\n<h3><span class=\"ez-toc-section\" id=\"Moveis_para_sala_de_estar_pequena\"><\/span>M\u00f3veis para sala de estar pequena<span class=\"ez-toc-section-end\"><\/span><\/h3>\n<p><img loading=\"lazy\" decoding=\"async\" class=\"alignleft wp-image-10245 size-full\" src=\"https:\/\/www.tenda.com\/blog\/wp-content\/uploads\/2022\/01\/sala-estar-painel-tv.jpg\" alt=\"Foto de uma sala de estar de apartamento pequeno com painel de tv | Marcenaria planejada para im\u00f3vel compacto | Blog da Tenda\" width=\"800\" height=\"533\" srcset=\"https:\/\/www.tenda.com\/blog\/wp-content\/uploads\/2022\/01\/sala-estar-painel-tv.jpg 800w, https:\/\/www.tenda.com\/blog\/wp-content\/uploads\/2022\/01\/sala-estar-painel-tv-300x200.jpg 300w, https:\/\/www.tenda.com\/blog\/wp-content\/uploads\/2022\/01\/sala-estar-painel-tv-768x512.jpg 768w, https:\/\/www.tenda.com\/blog\/wp-content\/uploads\/2022\/01\/sala-estar-painel-tv-150x100.jpg 150w\" sizes=\"(max-width: 800px) 100vw, 800px\" \/><\/p>\n<p>&nbsp;<\/p>\n<p>A sala de estar \u00e9 um ambiente especial, onde as fam\u00edlias se re\u00fanem para ter seus momentos de entretenimento e divers\u00e3o. Hoje em dia, um dos maiores aliados para a decora\u00e7\u00e3o de sala de estar pequena s\u00e3o os pain\u00e9is para TV&#8217;s.<\/p>\n<p>Os pain\u00e9is acomodam facilmente a TV Smart e muitos deles contam com prateleiras e nichos. Esses s\u00e3o locais ideais para colocar itens de decora\u00e7\u00e3o, plantas, tudo o que voc\u00ea quiser para criar uma decora\u00e7\u00e3o harm\u00f4nica. Al\u00e9m disso, s\u00e3o muito pr\u00e1ticos de serem instalados na parede da sala, sem ocupar o espa\u00e7o do c\u00f4modo. \u00c9 uma boa op\u00e7\u00e3o para substituir, por exemplo, o rack da sua sala de estar.<\/p>\n<p>Outro m\u00f3vel que \u00e9 muito vers\u00e1til e que transforma uma sala de estar em quarto \u00e9 o sof\u00e1-cama. Durante o dia, o m\u00f3vel \u00e9 a pe\u00e7a central da sala, garantindo conforto e um ambiente moderno. \u00c0 noite, pode oferecer um lugar bem confort\u00e1vel para que alguma visita durma bem.<\/p>\n<p>E para fechar, a mesa de centro podem ser um grande empecilho para a circula\u00e7\u00e3o de uma sala de estar pequena. Ent\u00e3o, troque por ba\u00fas que funcionem tamb\u00e9m como mesinhas laterais.<\/p>\n<h3><span class=\"ez-toc-section\" id=\"Moveis_para_sala_de_jantar_pequena\"><\/span>M\u00f3veis para sala de jantar pequena<span class=\"ez-toc-section-end\"><\/span><\/h3>\n<p><img loading=\"lazy\" decoding=\"async\" class=\"alignleft wp-image-10246 size-full\" src=\"https:\/\/www.tenda.com\/blog\/wp-content\/uploads\/2022\/01\/sala-jantar-mesa-redonda.jpg\" alt=\"Foto de sala de jantar de apartamento com mesa redonda | Itens ideais para im\u00f3vel compacto | Blog da Tenda\" width=\"800\" height=\"533\" srcset=\"https:\/\/www.tenda.com\/blog\/wp-content\/uploads\/2022\/01\/sala-jantar-mesa-redonda.jpg 800w, https:\/\/www.tenda.com\/blog\/wp-content\/uploads\/2022\/01\/sala-jantar-mesa-redonda-300x200.jpg 300w, https:\/\/www.tenda.com\/blog\/wp-content\/uploads\/2022\/01\/sala-jantar-mesa-redonda-768x512.jpg 768w, https:\/\/www.tenda.com\/blog\/wp-content\/uploads\/2022\/01\/sala-jantar-mesa-redonda-150x100.jpg 150w\" sizes=\"(max-width: 800px) 100vw, 800px\" \/><\/p>\n<p>&nbsp;<\/p>\n<p>Geralmente, a sala de jantar de um apartamento tem uma \u00e1rea muito limitada. A dica para ter uma mesa de jantar funcional e bonita \u00e9 investir num canto alem\u00e3o.<\/p>\n<p>\u00c9 um m\u00f3vel que permite que mais pessoas fiquem acomodadas no banco, enquanto outras utilizam as cadeiras. Al\u00e9m disso, o ideal \u00e9 ter uma mesa com p\u00e9 central, que oferece mais comodidade para as pessoas sentarem \u00e0 mesa. Outro ponto importante \u00e9 usar cadeiras sem bra\u00e7os ou aproveitar as poltronas da sala de estar.<\/p>\n<p>Uma outra alternativa para aproveitar todos os cantinhos num apartamento pequeno, \u00e9 substituir a mesa de jantar por um balc\u00e3o de refei\u00e7\u00f5es. Por ser um m\u00f3vel menor, o balc\u00e3o de refei\u00e7\u00f5es tamb\u00e9m pode integrar a sala de jantar e a cozinha, al\u00e9m de proporcionar um maior aproveitamento do ambiente.<\/p>\n<p>Mas, caso voc\u00ea queira uma mesa de jantar convencional, aposte nas mesas redondas. Al\u00e9m de acomodar bem as pessoas, ocupa menos espa\u00e7o no c\u00f4modo.<\/p>\n<h3><span class=\"ez-toc-section\" id=\"Moveis_para_cozinha_pequena\"><\/span>M\u00f3veis para cozinha pequena<span class=\"ez-toc-section-end\"><\/span><\/h3>\n<p><img loading=\"lazy\" decoding=\"async\" class=\"alignleft wp-image-10247 size-full\" src=\"https:\/\/www.tenda.com\/blog\/wp-content\/uploads\/2022\/01\/cozinha-compacta.jpg\" alt=\"Foto de uma cozinha pequena de apartamento | Como mobiliar um im\u00f3vel | Blog da Tenda\" width=\"800\" height=\"548\" srcset=\"https:\/\/www.tenda.com\/blog\/wp-content\/uploads\/2022\/01\/cozinha-compacta.jpg 800w, https:\/\/www.tenda.com\/blog\/wp-content\/uploads\/2022\/01\/cozinha-compacta-300x206.jpg 300w, https:\/\/www.tenda.com\/blog\/wp-content\/uploads\/2022\/01\/cozinha-compacta-768x526.jpg 768w, https:\/\/www.tenda.com\/blog\/wp-content\/uploads\/2022\/01\/cozinha-compacta-150x103.jpg 150w\" sizes=\"(max-width: 800px) 100vw, 800px\" \/><\/p>\n<p>&nbsp;<\/p>\n<p>A cozinha \u00e9 o cora\u00e7\u00e3o de todo lar e escolher m\u00f3veis para um apartamento pequeno \u00e9 preciso muita sabedoria. Justamente, para quem usa bastante a cozinha \u00e9 preciso investir em funcionalidade. A melhor sugest\u00e3o \u00e9 adquirir os gabinetes que ficam abaixo da pia, al\u00e9m dos arm\u00e1rios modulares que ajudam a otimizar o espa\u00e7o do c\u00f4modo.<\/p>\n<p>Uma possibilidade de economizar a \u00e1rea limitada de uma <a href=\"https:\/\/www.tenda.com\/blog\/casa-e-decoracao\/dicas-para-decorar-uma-cozinha-pequena\/\">cozinha de apartamento<\/a> \u00e9 embutir os eletrodom\u00e9sticos. Para os casos de m\u00f3veis planejados, tenha em mente o quanto voc\u00ea usa cada lugar da cozinha. Por exemplo, se voc\u00ea n\u00e3o cozinha muito, talvez os elementos para a \u00e1rea do fog\u00e3o n\u00e3o sejam essenciais para o projeto.<\/p>\n<h3><span class=\"ez-toc-section\" id=\"Moveis_para_quarto_de_casal_pequeno\"><\/span>M\u00f3veis para quarto de casal pequeno<span class=\"ez-toc-section-end\"><\/span><\/h3>\n<p><img loading=\"lazy\" decoding=\"async\" class=\"alignleft wp-image-10185 size-full\" src=\"https:\/\/www.tenda.com\/blog\/wp-content\/uploads\/2022\/01\/cama-casal-prateleira.jpg\" alt=\"Foto de cama de casal com prateleiras na cabeceira | Como escolher a mob\u00edlia certa para im\u00f3vel enxuto | Blog da Tenda\" width=\"800\" height=\"533\" srcset=\"https:\/\/www.tenda.com\/blog\/wp-content\/uploads\/2022\/01\/cama-casal-prateleira.jpg 800w, https:\/\/www.tenda.com\/blog\/wp-content\/uploads\/2022\/01\/cama-casal-prateleira-300x200.jpg 300w, https:\/\/www.tenda.com\/blog\/wp-content\/uploads\/2022\/01\/cama-casal-prateleira-768x512.jpg 768w, https:\/\/www.tenda.com\/blog\/wp-content\/uploads\/2022\/01\/cama-casal-prateleira-150x100.jpg 150w\" sizes=\"(max-width: 800px) 100vw, 800px\" \/><\/p>\n<p>Para mobiliar um quarto de casal de um apartamento pequeno, priorize os locais dispon\u00edveis no c\u00f4modo. Especialmente, porque no dormit\u00f3rio do casal, normalmente, contam com dois m\u00f3veis grandes, a cama de casal e o guarda-roupa. A dica \u00e9 colocar apenas os m\u00f3veis necess\u00e1rios.<\/p>\n<p>Ent\u00e3o, invista em cama box ba\u00fa, pois na parte inferior da cama voc\u00ea ganha mais um local de armazenamento. Assim, poder\u00e1 acomodar suas roupas de cama e banho como: edredons, cobertas, len\u00e7\u00f3is, colchas, toalhas, etc.<\/p>\n<p>J\u00e1 para os guarda-roupas, opte pelos modelos que tem uma boa altura e que ofertem muitas prateleiras. \u00c9 dessa maneira que voc\u00ea ter\u00e1 mais um lugar para acomodar suas roupas de forma organizada.<\/p>\n<p>Agora, se voc\u00ea quer dar um toque de personalidade na decora\u00e7\u00e3o, utilize prateleiras para acomodar livros e itens decorativos. As prateleiras s\u00e3o muito vers\u00e1teis, os modelos maiores podem se transformar em mesas de cabeceira embutidas ou at\u00e9 mesmo em uma mesa lateral, transformando parte do seu quarto em home-office.<\/p>\n<p>Outro ponto importante \u00e9 fazer o bom uso da ilumina\u00e7\u00e3o indireta do local. Aproveite para usar espelhos e lumin\u00e1rias embutidas, para garantir mais amplitude e complementar a ilumina\u00e7\u00e3o do c\u00f4modo.<\/p>\n<h3><span class=\"ez-toc-section\" id=\"Moveis_para_quarto_infantil_pequeno\"><\/span>M\u00f3veis para quarto infantil pequeno<span class=\"ez-toc-section-end\"><\/span><\/h3>\n<p><img loading=\"lazy\" decoding=\"async\" class=\"alignleft wp-image-10186 size-full\" src=\"https:\/\/www.tenda.com\/blog\/wp-content\/uploads\/2022\/01\/quarto-infantil-beliche.jpg\" alt=\"Foto de quarto infantil com beliche e mesa para estudos | Mob\u00edlia perfeita para espa\u00e7os enxutos | Blog da Tenda\" width=\"800\" height=\"540\" srcset=\"https:\/\/www.tenda.com\/blog\/wp-content\/uploads\/2022\/01\/quarto-infantil-beliche.jpg 800w, https:\/\/www.tenda.com\/blog\/wp-content\/uploads\/2022\/01\/quarto-infantil-beliche-300x203.jpg 300w, https:\/\/www.tenda.com\/blog\/wp-content\/uploads\/2022\/01\/quarto-infantil-beliche-768x518.jpg 768w, https:\/\/www.tenda.com\/blog\/wp-content\/uploads\/2022\/01\/quarto-infantil-beliche-150x101.jpg 150w\" sizes=\"(max-width: 800px) 100vw, 800px\" \/><\/p>\n<p>Criar um ambiente confort\u00e1vel e divertido para as crian\u00e7as em um apartamento pequeno \u00e9 uma tarefa desafiadora. Para o <a href=\"https:\/\/www.tenda.com\/blog\/casa-e-decoracao\/como-decorar-um-quarto-pequeno-compartilhado\/\">quarto infantil<\/a> que tem mais de uma crian\u00e7a, a melhor op\u00e7\u00e3o de m\u00f3vel \u00e9 o beliche.<\/p>\n<p>Um grande aliado na otimiza\u00e7\u00e3o do espa\u00e7o dos pequenos, o beliche n\u00e3o perde o foco decorativo. Al\u00e9m disso, disponibiliza mais locais no c\u00f4modo para as crian\u00e7as brincarem ou estudarem. J\u00e1 um beliche feito sob medida se ajusta facilmente ao quarto e mant\u00e9m a funcionalidade sem prejudicar a movimenta\u00e7\u00e3o para subir e descer. Aproveite as laterais das camas para colocar acess\u00f3rios e crie um ambiente l\u00fadico para a crian\u00e7ada.<\/p>\n<p>Agora, para manter a organiza\u00e7\u00e3o dos brinquedos, os ba\u00fas s\u00e3o pe\u00e7as coringas na decora\u00e7\u00e3o de quartos infantis. Al\u00e9m de serem mais um local de armazenamento, os ba\u00fas podem ser utilizados como assento para as crian\u00e7as estudarem no quarto.\u00a0Aposte tamb\u00e9m em nicho para acomodar os livros e pe\u00e7as decorativas.<\/p>\n<h3><span class=\"ez-toc-section\" id=\"Moveis_para_banheiro_pequeno\"><\/span>M\u00f3veis para banheiro pequeno<span class=\"ez-toc-section-end\"><\/span><\/h3>\n<p><img loading=\"lazy\" decoding=\"async\" class=\"alignleft wp-image-10187 size-full\" src=\"https:\/\/www.tenda.com\/blog\/wp-content\/uploads\/2022\/01\/banheiro-apartamento.jpg\" alt=\"Foto de um banheiro branco pequeno de apartamento | M\u00f3veis para espa\u00e7os reduzidos | Blog da Tenda\" width=\"800\" height=\"958\" srcset=\"https:\/\/www.tenda.com\/blog\/wp-content\/uploads\/2022\/01\/banheiro-apartamento.jpg 800w, https:\/\/www.tenda.com\/blog\/wp-content\/uploads\/2022\/01\/banheiro-apartamento-251x300.jpg 251w, https:\/\/www.tenda.com\/blog\/wp-content\/uploads\/2022\/01\/banheiro-apartamento-768x920.jpg 768w, https:\/\/www.tenda.com\/blog\/wp-content\/uploads\/2022\/01\/banheiro-apartamento-150x180.jpg 150w\" sizes=\"(max-width: 800px) 100vw, 800px\" \/><\/p>\n<p>O menor c\u00f4modo de um apartamento, o <a href=\"https:\/\/www.tenda.com\/blog\/casa-e-decoracao\/decoracao-de-banheiro-pequeno\/\">banheiro<\/a> precisa de m\u00f3veis que aproveitem muito bem cada cent\u00edmetro. Inicialmente, o banheiro n\u00e3o precisa de muitos m\u00f3veis, mas \u00e9 preciso pelo menos um bom gabinete para acomodar os produtos de higiene pessoal.<\/p>\n<p>A op\u00e7\u00e3o de fazer um arm\u00e1rio planejado \u00e9 bem interessante para otimizar a \u00e1rea dispon\u00edvel. Mas, para ter mais um\u00a0 local de armazenamento, \u00e9 poss\u00edvel instalar um arm\u00e1rio pequeno a\u00e9reo na parede, nichos ou prateleiras que podem atender \u00e0s suas necessidades.<\/p>\n<h3><span class=\"ez-toc-section\" id=\"Moveis_para_lavanderia_pequena\"><\/span>M\u00f3veis para lavanderia pequena<span class=\"ez-toc-section-end\"><\/span><\/h3>\n<p><img loading=\"lazy\" decoding=\"async\" class=\"alignleft wp-image-10188 size-full\" src=\"https:\/\/www.tenda.com\/blog\/wp-content\/uploads\/2022\/01\/lavanderia-apartamento-pequeno.jpg\" alt=\"Foto de uma lavanderia pequena de apartamento | M\u00f3veis para im\u00f3veis enxutos | Blog da Tenda\" width=\"800\" height=\"960\" srcset=\"https:\/\/www.tenda.com\/blog\/wp-content\/uploads\/2022\/01\/lavanderia-apartamento-pequeno.jpg 800w, https:\/\/www.tenda.com\/blog\/wp-content\/uploads\/2022\/01\/lavanderia-apartamento-pequeno-250x300.jpg 250w, https:\/\/www.tenda.com\/blog\/wp-content\/uploads\/2022\/01\/lavanderia-apartamento-pequeno-768x922.jpg 768w, https:\/\/www.tenda.com\/blog\/wp-content\/uploads\/2022\/01\/lavanderia-apartamento-pequeno-150x180.jpg 150w\" sizes=\"(max-width: 800px) 100vw, 800px\" \/><\/p>\n<p>&nbsp;<\/p>\n<p>Para garantir o m\u00e1ximo de funcionalidade de uma <a href=\"https:\/\/www.tenda.com\/blog\/casa-e-decoracao\/dicas-para-otimizar-a-area-de-servico\/\">lavanderia pequena<\/a>, os maiores m\u00f3veis aliados s\u00e3o: as prateleiras, os nichos suspensos, balc\u00f5es e arm\u00e1rios a\u00e9reos. Os balc\u00f5es s\u00e3o perfeitos para aproveitar bem o local abaixo do tanque. Assim, voc\u00ea pode colocar todos os seus produtos de limpeza.<\/p>\n<p>Contudo, se escolher fazer um projeto de m\u00f3veis planejados, na \u00e1rea da lavanderia invista numa m\u00e1quina que lava e seca embutida. Assim, \u00e9 uma forma de dispensar o uso de varais nesse local. Al\u00e9m disso, os modelos desse tipo de m\u00e1quina, normalmente contam com uma abertura frontal, que permite voc\u00ea instalar um balc\u00e3o sobre a mesma. \u00c9 uma forma de ganhar um lugar extra para organizar tudo adequadamente!<\/p>\n<p>Uma dica simples tamb\u00e9m \u00e9 comprar aquelas t\u00e1buas de passar que s\u00e3o arm\u00e1rios multifuncionais. Assim, conforme voc\u00ea fecha, a t\u00e1bua vira um arm\u00e1rio sem ocupar muito o ambiente.<\/p>\n<h3><span class=\"ez-toc-section\" id=\"Moveis_para_escritorio_pequeno_ou_home-office\"><\/span>M\u00f3veis para escrit\u00f3rio pequeno ou home-office<span class=\"ez-toc-section-end\"><\/span><\/h3>\n<p><img loading=\"lazy\" decoding=\"async\" class=\"alignleft wp-image-10189 size-full\" src=\"https:\/\/www.tenda.com\/blog\/wp-content\/uploads\/2022\/01\/home-office-sala-estar.jpg\" alt=\"Foto de sala de estar com home office de apartamento | Como mobiliar im\u00f3veis com pouco espa\u00e7o | Blog da Tenda\" width=\"800\" height=\"533\" srcset=\"https:\/\/www.tenda.com\/blog\/wp-content\/uploads\/2022\/01\/home-office-sala-estar.jpg 800w, https:\/\/www.tenda.com\/blog\/wp-content\/uploads\/2022\/01\/home-office-sala-estar-300x200.jpg 300w, https:\/\/www.tenda.com\/blog\/wp-content\/uploads\/2022\/01\/home-office-sala-estar-768x512.jpg 768w, https:\/\/www.tenda.com\/blog\/wp-content\/uploads\/2022\/01\/home-office-sala-estar-150x100.jpg 150w\" sizes=\"(max-width: 800px) 100vw, 800px\" \/><\/p>\n<p>O home office \u00e9 uma realidade de muitas pessoas. \u00c9 essencial criar um ambiente pr\u00e1tico para trabalhar em casa com conforto e funcionalidade. Nem sempre em um apartamento pequeno tem um c\u00f4modo dispon\u00edvel para criar um escrit\u00f3rio em casa. Ent\u00e3o, fazer o home office na sala ou no quarto \u00e9 uma boa alternativa.<\/p>\n<p>Aqui, a escolha certa \u00e9 colocar uma prateleira na parede para transform\u00e1-la em uma mesa. Prateleiras com uma boa largura e espessura v\u00e3o permitir otimiza\u00e7\u00e3o do c\u00f4modo de maneira inteligente. A dica \u00e9 instalar em uma parede ou numa pequena \u00e1rea na varanda, no quarto, na sala de estar, e assim voc\u00ea cria o seu mini home-office.<\/p>\n<h2><span class=\"ez-toc-section\" id=\"Dica_de_ouro_desapego_para_ter_mais_espaco_para_os_moveis_para_apartamento_pequeno\"><\/span>Dica de ouro: desapego para ter mais espa\u00e7o para os m\u00f3veis para apartamento pequeno<span class=\"ez-toc-section-end\"><\/span><\/h2>\n<p>A lista de m\u00f3veis para apartamento pequeno \u00e9 composta pela mob\u00edlia necess\u00e1ria que sua fam\u00edlia precisar\u00e1 no dia a dia. Contudo, \u00e9 preciso abrir m\u00e3o de algumas coisas, escolher m\u00f3veis que realmente ser\u00e3o fundamentais no c\u00f4modo. Por exemplo, optar entre um sof\u00e1 ou uma poltrona. Se o sof\u00e1 ser\u00e1 a pe\u00e7a chave da sua sala de estar e n\u00e3o ter espa\u00e7o para a poltrona, desapegue.<\/p>\n<p><strong><iframe loading=\"lazy\" src=\"https:\/\/giphy.com\/embed\/QAy8FUN6znshnf9tmV\" width=\"480\" height=\"480\" frameborder=\"0\"><\/iframe><\/strong><\/p>\n<p>\u00c9 invi\u00e1vel ter muitos m\u00f3veis em ambientes pequenos. Al\u00e9m de deixar os c\u00f4modos carregados visual e fisicamente, um c\u00f4modo abarrotado \u00e9 menos pr\u00e1tico para o dia a dia e mais dif\u00edcil de limpar.<\/p>\n<p>Ent\u00e3o, prefira investir no <a href=\"https:\/\/www.tenda.com\/blog\/casa-e-decoracao\/estilo-de-decoracao-escandinavo\/\">estilo minimalista<\/a>. Essencialmente, este estilo de decora\u00e7\u00e3o defende que o importante \u00e9 ter \u00e0 nossa volta somente o que de fato tem um significado e uma funcionalidade para nossas vidas. O minimalismo \u00e9 um estilo de vida que acaba rendendo uma decora\u00e7\u00e3o mais clean e com prop\u00f3sito. E mais, voc\u00ea tamb\u00e9m pode aplicar essa regra do minimalismo em seu guarda roupa, na sua casa, no seu dia a dia.<\/p>\n<p>Sendo assim, com essas dicas e uma dose de criatividade, voc\u00ea poder\u00e1 decorar e mobiliar seu apartamento pequeno com a \u00e1rea que estiver dispon\u00edvel. Lembre-se de optar por m\u00f3veis compactos e que v\u00e3o se integrar aos ambientes, contribuindo com a decora\u00e7\u00e3o e sua rotina.<\/p>\n<p>Por fim, se voc\u00ea ainda n\u00e3o escolheu um apartamento para chamar de seu, confira os <a href=\"https:\/\/www.tenda.com\/apartamentos-a-venda\">apartamentos \u00e0 venda<\/a> da <a href=\"https:\/\/www.tenda.com\/\">Construtora Tenda<\/a>. Estamos prontos para te ajudar nessa conquista!<\/p>\n","protected":false},"excerpt":{"rendered":"<p>Os apartamentos pequenos s\u00e3o um grande desafio para decorar e mobiliar. Cada cent\u00edmetro \u00e9 importante na hora [&#8230;]<\/p>\n","protected":false},"author":40,"featured_media":11121,"comment_status":"open","ping_status":"closed","sticky":false,"template":"","format":"standard","meta":{"footnotes":""},"categories":[40],"tags":[43,44,49,224,53,59,67,71],"class_list":["post-10018","post","type-post","status-publish","format-standard","has-post-thumbnail","hentry","category-casa-e-decoracao","tag-area-de-servico-e-lavanderia","tag-banheiro","tag-cozinha","tag-decoracao","tag-dicas-de-iluminacao","tag-dicas-para-organizar-a-casa","tag-quarto","tag-sala"],"yoast_head":"<!-- This site is optimized with the Yoast SEO plugin v23.4 - https:\/\/yoast.com\/wordpress\/plugins\/seo\/ -->\n<title>M\u00f3veis para apartamento pequeno: como escolher? | Blog da Tenda<\/title>\n<meta name=\"robots\" content=\"index,follow\" \/>\n<meta property=\"og:locale\" content=\"pt_BR\" \/>\n<meta property=\"og:url\" content=\"https:\/\/www.tenda.com\/blog\/casa-e-decoracao\/moveis-para-apartamento-pequeno\" \/>\n<meta property=\"article:publisher\" content=\"https:\/\/www.facebook.com\/ConstrutoraTenda\/\" \/>\n<meta property=\"article:published_time\" content=\"2022-01-05T17:00:31+00:00\" \/>\n<meta property=\"article:modified_time\" content=\"2024-07-11T17:11:22+00:00\" \/>\n<meta property=\"og:image\" content=\"https:\/\/www.tenda.com\/blog\/wp-content\/uploads\/2022\/01\/Moveis-para-apartamento-pequeno-1.jpg\" \/>\n\t<meta property=\"og:image:width\" content=\"726\" \/>\n\t<meta property=\"og:image:height\" content=\"400\" \/>\n\t<meta property=\"og:image:type\" content=\"image\/jpeg\" \/>\n<meta name=\"author\" content=\"Blog da Tenda\" \/>\n<meta name=\"twitter:label1\" content=\"Escrito por\" \/>\n\t<meta name=\"twitter:data1\" content=\"Blog da Tenda\" \/>\n\t<meta name=\"twitter:label2\" content=\"Est. tempo de leitura\" \/>\n\t<meta name=\"twitter:data2\" content=\"25 minutos\" \/>\n<!-- \/ Yoast SEO plugin. -->","yoast_head_json":{"title":"M\u00f3veis para apartamento pequeno: como escolher? | Blog da Tenda","robots":{"index,follow":"index,follow"},"og_locale":"pt_BR","og_url":"https:\/\/www.tenda.com\/blog\/casa-e-decoracao\/moveis-para-apartamento-pequeno","article_publisher":"https:\/\/www.facebook.com\/ConstrutoraTenda\/","article_published_time":"2022-01-05T17:00:31+00:00","article_modified_time":"2024-07-11T17:11:22+00:00","og_image":[{"width":726,"height":400,"url":"https:\/\/www.tenda.com\/blog\/wp-content\/uploads\/2022\/01\/Moveis-para-apartamento-pequeno-1.jpg","type":"image\/jpeg"}],"author":"Blog da Tenda","twitter_misc":{"Escrito por":"Blog da Tenda","Est. tempo de leitura":"25 minutos"},"schema":{"@context":"https:\/\/schema.org","@graph":[{"@type":"Article","@id":"https:\/\/www.tenda.com\/blog\/casa-e-decoracao\/moveis-para-apartamento-pequeno#article","isPartOf":{"@id":"https:\/\/www.tenda.com\/blog\/casa-e-decoracao\/moveis-para-apartamento-pequeno"},"author":{"name":"Blog da Tenda","@id":"https:\/\/www.tenda.com\/blog\/#\/schema\/person\/401cec400e9a62cb00a064018dfd8dec"},"headline":"M\u00d3VEIS PARA APARTAMENTO PEQUENO: COMO ESCOLHER?","datePublished":"2022-01-05T17:00:31+00:00","dateModified":"2024-07-11T17:11:22+00:00","mainEntityOfPage":{"@id":"https:\/\/www.tenda.com\/blog\/casa-e-decoracao\/moveis-para-apartamento-pequeno"},"wordCount":4062,"commentCount":0,"publisher":{"@id":"https:\/\/www.tenda.com\/blog\/#organization"},"image":{"@id":"https:\/\/www.tenda.com\/blog\/casa-e-decoracao\/moveis-para-apartamento-pequeno#primaryimage"},"thumbnailUrl":"https:\/\/www.tenda.com\/blog\/wp-content\/uploads\/2022\/01\/Moveis-para-apartamento-pequeno-1.jpg","keywords":["\u00c1rea de Servi\u00e7o e Lavanderia","Banheiro","Cozinha","Decora\u00e7\u00e3o","Dicas de Ilumina\u00e7\u00e3o","Dicas para Organizar a Casa","Quarto","Sala"],"articleSection":["Casa e Decora\u00e7\u00e3o"],"inLanguage":"pt-BR","potentialAction":[{"@type":"CommentAction","name":"Comment","target":["https:\/\/www.tenda.com\/blog\/casa-e-decoracao\/moveis-para-apartamento-pequeno#respond"]}]},{"@type":"WebPage","@id":"https:\/\/www.tenda.com\/blog\/casa-e-decoracao\/moveis-para-apartamento-pequeno","url":"https:\/\/www.tenda.com\/blog\/casa-e-decoracao\/moveis-para-apartamento-pequeno","name":"M\u00f3veis para apartamento pequeno: como escolher? | Blog da Tenda","isPartOf":{"@id":"https:\/\/www.tenda.com\/blog\/#website"},"primaryImageOfPage":{"@id":"https:\/\/www.tenda.com\/blog\/casa-e-decoracao\/moveis-para-apartamento-pequeno#primaryimage"},"image":{"@id":"https:\/\/www.tenda.com\/blog\/casa-e-decoracao\/moveis-para-apartamento-pequeno#primaryimage"},"thumbnailUrl":"https:\/\/www.tenda.com\/blog\/wp-content\/uploads\/2022\/01\/Moveis-para-apartamento-pequeno-1.jpg","datePublished":"2022-01-05T17:00:31+00:00","dateModified":"2024-07-11T17:11:22+00:00","description":"Quer saber como escolher os m\u00f3veis para seu apartamento pequeno e deix\u00e1-lo bonito e organizado? Saiba mais no Blog da Tenda!","breadcrumb":{"@id":"https:\/\/www.tenda.com\/blog\/casa-e-decoracao\/moveis-para-apartamento-pequeno#breadcrumb"},"inLanguage":"pt-BR","potentialAction":[{"@type":"ReadAction","target":["https:\/\/www.tenda.com\/blog\/casa-e-decoracao\/moveis-para-apartamento-pequeno"]}]},{"@type":"ImageObject","inLanguage":"pt-BR","@id":"https:\/\/www.tenda.com\/blog\/casa-e-decoracao\/moveis-para-apartamento-pequeno#primaryimage","url":"https:\/\/www.tenda.com\/blog\/wp-content\/uploads\/2022\/01\/Moveis-para-apartamento-pequeno-1.jpg","contentUrl":"https:\/\/www.tenda.com\/blog\/wp-content\/uploads\/2022\/01\/Moveis-para-apartamento-pequeno-1.jpg","width":726,"height":400,"caption":"Foto de uma sala de estar de um apartamento pequeno | Como escolher m\u00f3veis para apartamento | Blog da Tenda"},{"@type":"BreadcrumbList","@id":"https:\/\/www.tenda.com\/blog\/casa-e-decoracao\/moveis-para-apartamento-pequeno#breadcrumb","itemListElement":[{"@type":"ListItem","position":1,"name":"In\u00edcio","item":"https:\/\/www.tenda.com\/blog\/"},{"@type":"ListItem","position":2,"name":"M\u00d3VEIS PARA APARTAMENTO PEQUENO: COMO ESCOLHER?"}]},{"@type":"WebSite","@id":"https:\/\/www.tenda.com\/blog\/#website","url":"https:\/\/www.tenda.com\/blog\/","name":"Blog da Tenda","description":"Blog","publisher":{"@id":"https:\/\/www.tenda.com\/blog\/#organization"},"potentialAction":[{"@type":"SearchAction","target":{"@type":"EntryPoint","urlTemplate":"https:\/\/www.tenda.com\/blog\/?s={search_term_string}"},"query-input":{"@type":"PropertyValueSpecification","valueRequired":true,"valueName":"search_term_string"}}],"inLanguage":"pt-BR"},{"@type":"Organization","@id":"https:\/\/www.tenda.com\/blog\/#organization","name":"Construtora Tenda","url":"https:\/\/www.tenda.com\/blog\/","logo":{"@type":"ImageObject","inLanguage":"pt-BR","@id":"https:\/\/www.tenda.com\/blog\/#\/schema\/logo\/image\/","url":"https:\/\/www.tenda.com\/blog\/wp-content\/uploads\/2020\/09\/logo-tenda_RGB_vermelho.png","contentUrl":"https:\/\/www.tenda.com\/blog\/wp-content\/uploads\/2020\/09\/logo-tenda_RGB_vermelho.png","width":1579,"height":379,"caption":"Construtora Tenda"},"image":{"@id":"https:\/\/www.tenda.com\/blog\/#\/schema\/logo\/image\/"},"sameAs":["https:\/\/www.facebook.com\/ConstrutoraTenda\/","https:\/\/www.instagram.com\/construtoratenda","https:\/\/br.linkedin.com\/company\/construtora-tenda","https:\/\/www.youtube.com\/user\/TendaConstrutora","https:\/\/en.wikipedia.org\/wiki\/Construtora_Tenda"]},{"@type":"Person","@id":"https:\/\/www.tenda.com\/blog\/#\/schema\/person\/401cec400e9a62cb00a064018dfd8dec","name":"Blog da Tenda","image":{"@type":"ImageObject","inLanguage":"pt-BR","@id":"https:\/\/www.tenda.com\/blog\/#\/schema\/person\/image\/","url":"https:\/\/secure.gravatar.com\/avatar\/2258a587f7dea6e05a6ed2c1e52ee9d6?s=96&d=mm&r=g","contentUrl":"https:\/\/secure.gravatar.com\/avatar\/2258a587f7dea6e05a6ed2c1e52ee9d6?s=96&d=mm&r=g","caption":"Blog da Tenda"},"url":"https:\/\/www.tenda.com\/blog\/author\/ana-luisa"}]}},"_links":{"self":[{"href":"https:\/\/www.tenda.com\/blog\/wp-json\/wp\/v2\/posts\/10018"}],"collection":[{"href":"https:\/\/www.tenda.com\/blog\/wp-json\/wp\/v2\/posts"}],"about":[{"href":"https:\/\/www.tenda.com\/blog\/wp-json\/wp\/v2\/types\/post"}],"author":[{"embeddable":true,"href":"https:\/\/www.tenda.com\/blog\/wp-json\/wp\/v2\/users\/40"}],"replies":[{"embeddable":true,"href":"https:\/\/www.tenda.com\/blog\/wp-json\/wp\/v2\/comments?post=10018"}],"version-history":[{"count":62,"href":"https:\/\/www.tenda.com\/blog\/wp-json\/wp\/v2\/posts\/10018\/revisions"}],"predecessor-version":[{"id":21418,"href":"https:\/\/www.tenda.com\/blog\/wp-json\/wp\/v2\/posts\/10018\/revisions\/21418"}],"wp:featuredmedia":[{"embeddable":true,"href":"https:\/\/www.tenda.com\/blog\/wp-json\/wp\/v2\/media\/11121"}],"wp:attachment":[{"href":"https:\/\/www.tenda.com\/blog\/wp-json\/wp\/v2\/media?parent=10018"}],"wp:term":[{"taxonomy":"category","embeddable":true,"href":"https:\/\/www.tenda.com\/blog\/wp-json\/wp\/v2\/categories?post=10018"},{"taxonomy":"post_tag","embeddable":true,"href":"https:\/\/www.tenda.com\/blog\/wp-json\/wp\/v2\/tags?post=10018"}],"curies":[{"name":"wp","href":"https:\/\/api.w.org\/{rel}","templated":true}]}}